{"id":182261,"date":"2023-12-15T14:49:04","date_gmt":"2023-12-15T11:49:04","guid":{"rendered":"https:\/\/www.enerjigazetesi.ist\/?p=182261"},"modified":"2023-12-15T14:50:15","modified_gmt":"2023-12-15T11:50:15","slug":"koton-birlesmis-milletler-iklim-degisikligi-konferansi-cop28-e-katildi","status":"publish","type":"post","link":"https:\/\/www.enerjigazetesi.ist\/en\/koton-birlesmis-milletler-iklim-degisikligi-konferansi-cop28-e-katildi\/","title":{"rendered":"(Turkish) &#8217;Koton&#8217; Birle\u015fmi\u015f Milletler \u0130klim De\u011fi\u015fikli\u011fi Konferans\u0131 COP28\u2019e Kat\u0131ld\u0131"},"content":{"rendered":"<p class=\"qtranxs-available-languages-message qtranxs-available-languages-message-en\">Sorry, this entry is only available in <a href=\"https:\/\/www.enerjigazetesi.ist\/tr\/wp-json\/wp\/v2\/posts\/182261\" class=\"qtranxs-available-language-link qtranxs-available-language-link-tr\" title=\"Turkish\">Turkish<\/a>. For the sake of viewer convenience, the content is shown below in the alternative language. You may click the link to switch the active language.<\/p><p><\/p>\n<h2><strong>Haz\u0131r giyim sekt\u00f6r\u00fcn\u00fcn \u00f6nc\u00fc firmalar\u0131ndan Koton, 30 Kas\u0131m &#8211; 12 Aral\u0131k tarihlerinde Birle\u015fik Arap Emirlikleri\u2019nin Dubai kentinde d\u00fczenlenen Birle\u015fmi\u015f Milletler \u0130klim De\u011fi\u015fikli\u011fi Konferans\u0131 COP28\u2019de, Yuvam D\u00fcnya Derne\u011fi taraf\u0131ndan d\u00fczenlenen \u2018Bizim Hikayemiz-The Story of Us\u2019 panelinde yer ald\u0131.<\/strong><\/h2>\n<p><img loading=\"lazy\" class=\"aligncenter wp-image-182265\" src=\"https:\/\/www.enerjigazetesi.ist\/wp-content\/uploads\/2023\/12\/koton-birlesmis-milletler-iklim-degisikligi-konferansi-cop28-e-katildi-1.jpg\" alt=\"\" width=\"500\" height=\"304\" srcset=\"https:\/\/www.enerjigazetesi.ist\/wp-content\/uploads\/2023\/12\/koton-birlesmis-milletler-iklim-degisikligi-konferansi-cop28-e-katildi-1.jpg 550w, https:\/\/www.enerjigazetesi.ist\/wp-content\/uploads\/2023\/12\/koton-birlesmis-milletler-iklim-degisikligi-konferansi-cop28-e-katildi-1-300x182.jpg 300w, https:\/\/www.enerjigazetesi.ist\/wp-content\/uploads\/2023\/12\/koton-birlesmis-milletler-iklim-degisikligi-konferansi-cop28-e-katildi-1-500x304.jpg 500w, https:\/\/www.enerjigazetesi.ist\/wp-content\/uploads\/2023\/12\/koton-birlesmis-milletler-iklim-degisikligi-konferansi-cop28-e-katildi-1-80x50.jpg 80w\" sizes=\"(max-width: 500px) 100vw, 500px\" \/><\/p>\n<p>Koton Y\u00f6netim Kurulu Ba\u015fkan\u0131 Y\u0131lmaz Y\u0131lmaz, Koton\u2019un Ya\u015fama Sayg\u0131 manifestosu ve Birle\u015fmi\u015f Milletler \u0130klim De\u011fi\u015fikli\u011fi Konferans\u0131 COP28\u2019e ili\u015fkin de\u011ferlendirmelerde bulundu. Y\u0131lmaz, Ya\u015fama Sayg\u0131 manifestosunun d\u00f6rt ana ba\u015fl\u0131kla faaliyet g\u00f6sterdi\u011fini belirterek, <em>\u201c2020 y\u0131l\u0131nda s\u00fcrd\u00fcr\u00fclebilirlik manifestomuzu Ya\u015fama Sayg\u0131 ba\u015fl\u0131\u011f\u0131 alt\u0131nda yay\u0131nlad\u0131k. Bu manifestonun d\u00f6rt ana bile\u015feni var: <strong>D\u00fcnyaya, Topluma, \u0130nsana ve \u0130\u015fimize Sayg\u0131.<\/strong><\/em><\/p>\n<p><em>\u00d6zellikle \u2018D\u00fcnyaya Sayg\u0131\u2018 \u00e7er\u00e7evesinde T\u00fcrkiye\u2019de \u2018Better Cotton\u2019 inisiyatifi, yani \u2018\u0130yi Pamuk\u2019 \u00fcretimini prensip olarak benimseyen ve bunu imzalayan ilk firma olduk. Better Cotton inisiyatifine dahil olmam\u0131zdan sonra, 2022 y\u0131l\u0131nda \u00fcretimimizin y\u00fczde 15\u2019i Better Cotton\u2019dan geldi. Bu oran 2023 y\u00fczde 25\u2019e \u00e7\u0131kacak ve 2025\u2019te y\u00fczde 50\u2019ye \u00e7\u0131kmas\u0131n\u0131 hedefliyoruz. Bu sayede 2025 y\u0131l\u0131n\u0131n sonunda yakla\u015f\u0131k 8 milyon metrek\u00fcp su tasarrufu elde edilecek. Yakla\u015f\u0131k 5 ton daha az kimyasal ila\u00e7 (pestisit) kullan\u0131lacak. Yakla\u015f\u0131k 750 ton daha az kimyasal g\u00fcbreye ihtiya\u00e7 olacak. T\u00fcm bunlarla yakla\u015f\u0131k 1100 ton pamuk, verimlilik art\u0131\u015f\u0131 sayesinde daha fazla \u00fcretilmi\u015f olacak. Bu da yakla\u015f\u0131k 4 milyon ti\u015f\u00f6rt \u00fcretilebilecek pamu\u011fu, d\u00fcnyaya zarar vermeden \u00fcretebilmek demektir\u201d<\/em> dedi.<\/p>\n<h3>\u201cYA\u015eAMIN HER ALANINDA KADIN \u0130N\u0130S\u0130YAT\u0130F\u0130N\u0130 DESTEKLEYEN FAAL\u0130YETLER\u0130M\u0130Z VAR\u201d<\/h3>\n<p>Y\u0131lmaz, Koton\u2019un yapt\u0131\u011f\u0131 projelerle kad\u0131nlar\u0131n i\u015f hayat\u0131na kat\u0131l\u0131m\u0131n\u0131 destekledi\u011fine dikkat \u00e7ekerek, \u2018Topluma Sayg\u0131\u2019 k\u0131sm\u0131nda g\u00f6zbebe\u011fimiz \u2018El Eme\u011fi\u2019 projemiz var. 2016 y\u0131l\u0131nda ba\u015flad\u0131\u011f\u0131m\u0131z bu projeyle, normalde nak\u0131\u015f makinelerinde yapt\u0131rabilece\u011fimiz, \u00e7ok daha ucuza mal edebilece\u011fimiz i\u015fleri, \u00f6zellikle G\u00fcneydo\u011fu Anadolu\u2019daki kad\u0131nlar\u0131m\u0131za yapt\u0131r\u0131yoruz. Bu sayede 2016\u2019dan itibaren 6 bin kad\u0131n\u0131m\u0131z\u0131 \u00fcretim zincirinin i\u00e7ine soktuk. Projemiz 2016 y\u0131l\u0131nda ba\u015flad\u0131 ve kesintisiz devam ediyor. Bu benim gurur duydu\u011fum bir proje. Bununla beraber ma\u011fazalar\u0131m\u0131zda ev han\u0131mlar\u0131n\u0131n, ev i\u015flerinden art\u0131rabildikleri zamanda esnek olarak \u00e7al\u0131\u015fabilmelerini sa\u011flayan \u2018Ev Kad\u0131nlar\u0131 Projesi\u2019ni ba\u015flatt\u0131k. Bu da kad\u0131n\u0131n i\u015f hayat\u0131na kat\u0131l\u0131m\u0131 i\u00e7in \u00e7ok ciddi bir fayda sa\u011flad\u0131. \u2018Ya\u015fama Sayg\u0131\u2019 manifestosu kapsam\u0131nda \u00fc\u00e7\u00fcnc\u00fc ba\u015fl\u0131\u011f\u0131m\u0131z \u2018\u0130nsana Sayg\u0131\u2019. \u0130nsana Sayg\u0131 \u00e7er\u00e7evesinde cinsiyet e\u015fitli\u011fini \u00f6nemli bir ana fikir olarak ele ald\u0131k. Koton\u2019da \u00e7al\u0131\u015fanlar\u0131m\u0131z\u0131n yakla\u015f\u0131k y\u00fczde 72\u2019si kad\u0131n. Y\u00f6neticilerimizin y\u00fczde 54\u2019\u00fc kad\u0131n. Ya\u015fam\u0131n her alan\u0131nda kad\u0131n inisiyatifini destekleyen faaliyetlerimiz var\u201d ifadelerini kulland\u0131.<\/p>\n<h3><strong>\u201c\u0130\u015e BA\u015eARIMIZI ARTIRARAK, S\u00dcRD\u00dcR\u00dcLEB\u0130L\u0130R FAYDAYI YAKALAMAK \u0130ST\u0130YORUZ\u201d<\/strong><\/h3>\n<p>Koton Y\u00f6netim Kurulu Ba\u015fkan\u0131 Y\u0131lmaz, Koton\u2019un s\u00fcrd\u00fcr\u00fclebilirli\u011fe destek vererek b\u00fcy\u00fcmek ve i\u015f ba\u015far\u0131s\u0131n\u0131 art\u0131rmak istedi\u011fini belirterek, \u015fu ifadelere yer verdi: <em>\u201cYa\u015fama Sayg\u0131 manifestomuzun d\u00f6rd\u00fcnc\u00fc aya\u011f\u0131 \u2018\u0130\u015fimize Sayg\u0131\u2019. \u0130\u015fimize Sayg\u0131 kapsam\u0131nda Koton, d\u00fcnyan\u0131n s\u00fcrd\u00fcr\u00fclebilirli\u011fine destek veren, ayn\u0131 zamanda istikrarla b\u00fcy\u00fcyen ba\u015far\u0131l\u0131 bir firma. \u015eu anda d\u00fcnyada 69 \u00fclkede ma\u011fazalar\u0131m\u0131zla ya da online ticarette faaliyet g\u00f6steriyoruz. \u00dclke say\u0131s\u0131, pazarlar\u0131n say\u0131s\u0131 artmaya devam ediyor. Dolay\u0131s\u0131yla bir taraftan Ya\u015fama Sayg\u0131 \u00e7er\u00e7evesinde d\u00fcnyam\u0131za ve toplumumuza fayda yaratmaya \u00e7al\u0131\u015f\u0131yoruz, bir taraftan da \u0130\u015fimize Sayg\u0131 \u00e7er\u00e7evesinde i\u015f ba\u015far\u0131m\u0131z\u0131 art\u0131rarak s\u00fcrd\u00fcr\u00fclebilir fayday\u0131 yakalamak istiyoruz. En b\u00fcy\u00fck ba\u015far\u0131lar\u0131m\u0131zdan biri s\u00fcrd\u00fcr\u00fclebilirlik ve Ya\u015fama Sayg\u0131 manifestosunun, \u015firketin liderli\u011fi taraf\u0131ndan ele al\u0131nmas\u0131d\u0131r. Koton\u2019un kurucu orta\u011f\u0131 G\u00fclden Y\u0131lmaz, S\u00fcrd\u00fcr\u00fclebilirlik Komitesi\u2019ne ba\u015fkanl\u0131k yap\u0131yor. Onun \u00f6nderli\u011finde 2022 S\u00fcrd\u00fcr\u00fclebilirlik Raporu\u2019muzu yay\u0131nlad\u0131k. 2022 y\u0131l\u0131nda plastik at\u0131k oran\u0131m\u0131z\u0131<strong> y\u00fczde 22<\/strong> azaltt\u0131k. Ayr\u0131ca kulland\u0131\u011f\u0131m\u0131z <strong>enerjinin<\/strong> <strong>y\u00fczde 33\u2019\u00fcn\u00fc<\/strong> de <strong>yenilenebilir kaynaklardan<\/strong> elde ettik. Bunlar tabii bizi mutlu eden geli\u015fmeler.\u201d<\/em><\/p>\n<h3><strong>\u201cS\u00dcRD\u00dcR\u00dcLEB\u0130L\u0130RL\u0130K T\u00dcRK\u0130YE \u0130\u00c7\u0130N B\u00dcY\u00dcK B\u0130R FIRSAT\u201d<\/strong><strong><br \/>\n<\/strong><\/h3>\n<p>Y\u0131lmaz, s\u00f6zlerini \u015f\u00f6yle s\u00fcrd\u00fcrd\u00fc: <em>\u201cS\u00fcrd\u00fcr\u00fclebilirlik, T\u00fcrkiye i\u00e7in bir taraftan b\u00fcy\u00fck bir m\u00fccadele ve \u2018challenge\u2019, di\u011fer taraftan da b\u00fcy\u00fck bir f\u0131rsat. \u00dcretim \u00fcss\u00fc olarak Avrupa\u2019ya yak\u0131nl\u0131\u011f\u0131, lokal \u00fcretimin her alanda geli\u015fmi\u015f olmas\u0131, T\u00fcrkiye\u2019ye b\u00fcy\u00fck avantajlar sa\u011fl\u0131yor. Di\u011fer taraftan s\u00fcrd\u00fcr\u00fclebilirlikle ilgili at\u0131l\u0131mlar\u0131 T\u00fcrkiye zaman\u0131nda ger\u00e7ekle\u015ftirirse, b\u00fcy\u00fck bir avantaj sa\u011flayacak. Zaman\u0131nda ger\u00e7ekle\u015ftiremezse de do\u011fal olarak bu T\u00fcrkiye ad\u0131na ciddi bir dezavantaj olabilir. O y\u00fczden d\u00f6n\u00fc\u015f\u00fcm y\u0131llar\u0131nday\u0131z. T\u00fcrkiye\u2019yi y\u00f6netenlerin, h\u00fck\u00fcmetimizin, Cumhurba\u015fkanl\u0131\u011f\u0131n\u0131n bu konuyu ciddi sahiplendi\u011fini g\u00f6r\u00fcyoruz. Umar\u0131m ki hep beraber s\u00fcrd\u00fcr\u00fclebilirlik konusunda yol alaca\u011f\u0131z ve T\u00fcrkiye\u2019ye fayda sa\u011flayaca\u011f\u0131z.<\/em><\/p>\n<p><em>Biz kendi alan\u0131m\u0131zda \u00f6nemli ad\u0131mlar att\u0131k ve atmaya devam ediyoruz. 2024 y\u0131l\u0131nda Better Cotton kullan\u0131m\u0131m\u0131z y\u00fczde 30\u2019un \u00fczerinde ger\u00e7ekle\u015fecek. Toplam s\u00fcrd\u00fcr\u00fclebilir \u00fcr\u00fcn oran\u0131m\u0131z\u0131 y\u00fczde 30\u2019un \u00fczerine \u00e7\u0131karaca\u011f\u0131z. 2023\u2019\u00fcn ikinci yar\u0131s\u0131ndan itibaren ma\u011fazalar\u0131m\u0131zda plastik po\u015fet uygulamas\u0131na son verdik. Bunun sonu\u00e7lar\u0131n\u0131 2024\u2019te daha rahat g\u00f6rece\u011fiz. Bu y\u00f6nde yapt\u0131\u011f\u0131m\u0131z b\u00fct\u00fcn faaliyetleri b\u00fcy\u00fcterek devam edece\u011fiz\u201d<\/em> dedi.<\/p>\n<h3>\u201c\u015e\u0130RKETLER\u0130N KATILIMI BU ORGAN\u0130ZASYONLAR \u0130\u00c7\u0130N \u00d6NEML\u0130\u201d <strong><br \/>\n<\/strong><\/h3>\n<p>A\u00e7\u0131klamalar\u0131n\u0131n sonunda COP28 ile ilgili izlenimlerini aktaran Y\u0131lmaz, konferans\u0131n \u015firketlerin ve di\u011fer payda\u015flar\u0131n kat\u0131l\u0131m\u0131yla daha kapsay\u0131c\u0131 bir hale gelmesinin \u00f6nemine dikkat \u00e7ekti. Y\u0131lmaz, \u015firketlerin b\u00fcy\u00fck bir etki sistemi oldu\u011funu ifade ederek, <em>\u201cCOP28 ile ilgili bir\u00e7ok g\u00f6zlemim var. En \u00f6nemlisi, \u015firketlerin yo\u011fun kat\u0131l\u0131m g\u00f6sterdi\u011fi bir organizasyon haline gelmesi. \u00d6zel sekt\u00f6r\u00fcn kat\u0131l\u0131m\u0131 bu organizasyonlar i\u00e7in \u00e7ok \u00f6nemli. \u00c7\u00fcnk\u00fc \u015firketlerin \u00e7ok b\u00fcy\u00fck etki sistemleri var. \u00d6rne\u011fin Koton ma\u011fazalar\u0131na ve online kanallar\u0131na y\u0131lda 300 milyon misafirimiz girip \u00e7\u0131k\u0131yor. Biz s\u00fcrd\u00fcr\u00fclebilirlikle ilgili ileti\u015fimlerimizi ma\u011fazalar\u0131m\u0131zda ve kendi kanallar\u0131m\u0131zda yap\u0131yoruz. Dolay\u0131s\u0131yla asl\u0131nda 300 milyon insana dokunuyoruz, bir mesaj iletiyoruz. Benzer \u015fekilde bir\u00e7ok firma, s\u00fcrd\u00fcr\u00fclebilirlik faaliyetlerini tabana yayd\u0131\u011f\u0131 oranda s\u00fcrd\u00fcr\u00fclebilirli\u011fin h\u0131zlanarak d\u00fcnya i\u00e7in geli\u015fmesi s\u00f6z konusu olabilir. Bu anlamda \u00f6nemli bir ba\u015far\u0131 oldu\u011funu d\u00fc\u015f\u00fcn\u00fcyorum. Ayr\u0131ca 2030 y\u0131l\u0131na kadar Birle\u015fmi\u015f Milletler \u00f6nderli\u011finde bir fon biriktirilmesi karar\u0131 al\u0131nd\u0131. Bu da yakla\u015f\u0131k 100 milyar dolarl\u0131k bir fon demek. Her ne kadar d\u00fcnyan\u0131n ihtiyac\u0131 bundan \u00e7ok daha fazla olsa da, bu da al\u0131nm\u0131\u015f bir yol demek. Her sene COP\u2019un kapsam\u0131 geni\u015fliyor, \u015firketler, \u00fclkeler ve bireysel kat\u0131l\u0131mc\u0131lar daha fazla buraya \u00f6nem g\u00f6steriyor ve etki alan\u0131 da b\u00fcy\u00fcyor. Bu y\u00fczden COP28\u2019ten olduk\u00e7a olumlu izlenimlerle ayr\u0131laca\u011f\u0131m\u201d<\/em> diye konu\u015ftu.<\/p>","protected":false},"excerpt":{"rendered":"<p>Sorry, this entry is only available in Turkish. For the sake of viewer convenience, the content is shown below in the alternative language. You may click the link to switch the active language. Haz\u0131r giyim sekt\u00f6r\u00fcn\u00fcn \u00f6nc\u00fc firmalar\u0131ndan Koton, 30 Kas\u0131m &#8211; 12 Aral\u0131k tarihlerinde Birle\u015fik Arap Emirlikleri\u2019nin Dubai kentinde d\u00fczenlenen Birle\u015fmi\u015f Milletler \u0130klim De\u011fi\u015fikli\u011fi [&hellip;]<\/p>\n","protected":false},"author":1,"featured_media":182264,"comment_status":"open","ping_status":"open","sticky":false,"template":"","format":"standard","meta":[],"categories":[53,52],"tags":[43872,111466,111610,1296],"views":32,"_links":{"self":[{"href":"https:\/\/www.enerjigazetesi.ist\/en\/wp-json\/wp\/v2\/posts\/182261"}],"collection":[{"href":"https:\/\/www.enerjigazetesi.ist\/en\/wp-json\/wp\/v2\/posts"}],"about":[{"href":"https:\/\/www.enerjigazetesi.ist\/en\/wp-json\/wp\/v2\/types\/post"}],"author":[{"embeddable":true,"href":"https:\/\/www.enerjigazetesi.ist\/en\/wp-json\/wp\/v2\/users\/1"}],"replies":[{"embeddable":true,"href":"https:\/\/www.enerjigazetesi.ist\/en\/wp-json\/wp\/v2\/comments?post=182261"}],"version-history":[{"count":0,"href":"https:\/\/www.enerjigazetesi.ist\/en\/wp-json\/wp\/v2\/posts\/182261\/revisions"}],"wp:featuredmedia":[{"embeddable":true,"href":"https:\/\/www.enerjigazetesi.ist\/en\/wp-json\/wp\/v2\/media\/182264"}],"wp:attachment":[{"href":"https:\/\/www.enerjigazetesi.ist\/en\/wp-json\/wp\/v2\/media?parent=182261"}],"wp:term":[{"taxonomy":"category","embeddable":true,"href":"https:\/\/www.enerjigazetesi.ist\/en\/wp-json\/wp\/v2\/categories?post=182261"},{"taxonomy":"post_tag","embeddable":true,"href":"https:\/\/www.enerjigazetesi.ist\/en\/wp-json\/wp\/v2\/tags?post=182261"}],"curies":[{"name":"wp","href":"https:\/\/api.w.org\/{rel}","templated":true}]}}