{"id":182218,"date":"2023-12-14T16:55:06","date_gmt":"2023-12-14T13:55:06","guid":{"rendered":"https:\/\/www.enerjigazetesi.ist\/?p=182218"},"modified":"2023-12-14T16:55:23","modified_gmt":"2023-12-14T13:55:23","slug":"turkiye-de-yenilenebilir-enerji-sektoru-ruzgar-enerjisi-ile-buyuyecek","status":"publish","type":"post","link":"https:\/\/www.enerjigazetesi.ist\/en\/turkiye-de-yenilenebilir-enerji-sektoru-ruzgar-enerjisi-ile-buyuyecek\/","title":{"rendered":"(Turkish) T\u00fcrkiye\u2019de Yenilenebilir Enerji Sekt\u00f6r\u00fc R\u00fczgar Enerjisi ile B\u00fcy\u00fcyecek"},"content":{"rendered":"<p class=\"qtranxs-available-languages-message qtranxs-available-languages-message-en\">Sorry, this entry is only available in <a href=\"https:\/\/www.enerjigazetesi.ist\/tr\/wp-json\/wp\/v2\/posts\/182218\" class=\"qtranxs-available-language-link qtranxs-available-language-link-tr\" title=\"Turkish\">Turkish<\/a>. For the sake of viewer convenience, the content is shown below in the alternative language. You may click the link to switch the active language.<\/p><p><\/p>\n<h2><strong>T\u00fcrkiye&#8217;de enerji sekt\u00f6r\u00fc, \u00f6zellikle petrol ve gaz sekt\u00f6r\u00fcndeki \u015firketler i\u00e7in stratejik bir d\u00f6n\u00fc\u015f\u00fcm s\u00fcrecine girmi\u015f durumda. Bu d\u00f6n\u00fc\u015f\u00fcmle, \u00fclkemizde yenilenebilir enerji \u00fcretimi %40&#8217;\u0131n \u00fczerine \u00e7\u0131kt\u0131. \u00d6zellikle g\u00fcne\u015f enerjisi ve r\u00fczgar t\u00fcrbini yat\u0131r\u0131mlar\u0131 bu de\u011fi\u015fimin lokomotifi haline geldi. \u00dclkemizdeki r\u00fczgar t\u00fcrbini yat\u0131r\u0131mlar\u0131 h\u0131zla artarken yenilenebilir enerji sekt\u00f6r\u00fcn\u00fcn r\u00fczgar enerjisi ile b\u00fcy\u00fcmesi bekleniyor. Atlas Copco End\u00fcstriyel Teknik Genel End\u00fcstri B\u00f6l\u00fcm M\u00fcd\u00fcr\u00fc Okan Kara, sekt\u00f6rdeki bu de\u011fi\u015fikliklerle birlikte t\u00fcm enerji sekt\u00f6r\u00fcn\u00fc kapsayan yeni bir \u00fcr\u00fcn gam\u0131 geli\u015ftirdiklerini belirterek, <em>\u201cYeni \u00fcr\u00fcn gam\u0131m\u0131z ile enerji sekt\u00f6r\u00fcnde yenilenebilir enerjiye odaklan\u0131yoruz; hedefimiz end\u00fcstriyi s\u00fcrd\u00fcr\u00fclebilir bir gelece\u011fe ta\u015f\u0131mak\u201d<\/em> dedi.<\/strong><\/h2>\n<p style=\"text-align: center;\"><img loading=\"lazy\" class=\"aligncenter wp-image-182220\" src=\"https:\/\/www.enerjigazetesi.ist\/wp-content\/uploads\/2023\/12\/turkiye-de-yenilenebilir-enerji-sektoru-ruzgar-enerjisi-ile-buyuyecek.jpg\" alt=\"\" width=\"500\" height=\"395\" srcset=\"https:\/\/www.enerjigazetesi.ist\/wp-content\/uploads\/2023\/12\/turkiye-de-yenilenebilir-enerji-sektoru-ruzgar-enerjisi-ile-buyuyecek.jpg 550w, https:\/\/www.enerjigazetesi.ist\/wp-content\/uploads\/2023\/12\/turkiye-de-yenilenebilir-enerji-sektoru-ruzgar-enerjisi-ile-buyuyecek-300x237.jpg 300w, https:\/\/www.enerjigazetesi.ist\/wp-content\/uploads\/2023\/12\/turkiye-de-yenilenebilir-enerji-sektoru-ruzgar-enerjisi-ile-buyuyecek-500x395.jpg 500w, https:\/\/www.enerjigazetesi.ist\/wp-content\/uploads\/2023\/12\/turkiye-de-yenilenebilir-enerji-sektoru-ruzgar-enerjisi-ile-buyuyecek-63x50.jpg 63w\" sizes=\"(max-width: 500px) 100vw, 500px\" \/><\/p>\n<p>Enerji sekt\u00f6r\u00fcnde \u00f6zellikle Oil&amp;Gas (Petrol ve Gaz) alan\u0131nda faaliyet g\u00f6steren \u015firketler stratejik bir d\u00f6n\u00fc\u015f\u00fcm s\u00fcrecinden ge\u00e7iyor. Bunun neticesinde \u00fclkemizde yenilenebilir enerji \u00fcretimi her ge\u00e7en g\u00fcn art\u0131yor. Bu durum, <strong>g\u00fcne\u015f enerjisi<\/strong> yan\u0131nda <strong>r\u00fczgar t\u00fcrbini<\/strong> yat\u0131r\u0131mlar\u0131n\u0131n da artmas\u0131na katk\u0131 sa\u011fl\u0131yor. Oil&amp;Gas alan\u0131ndaki d\u00f6n\u00fc\u015f\u00fcm, yeni f\u0131rsatlar sunarken T\u00fcrkiye&#8217;de as\u0131l de\u011fi\u015fim, <strong>g\u00fcne\u015f ve r\u00fczgar enerjisi<\/strong> alan\u0131nda ya\u015fan\u0131yor. \u00dclkemizdeki g\u00fcne\u015f enerjisi yat\u0131r\u0131mlar\u0131 daha basit bir yap\u0131ya sahipken, ana odak noktas\u0131 <strong>r\u00fczgar t\u00fcrbini yat\u0131r\u0131mlar\u0131<\/strong>. Son d\u00f6nemde k\u00fcresel r\u00fczgar t\u00fcrbini \u00fcreticileri ve operasyon ekipleri T\u00fcrkiye\u2019de b\u00fcy\u00fck yat\u0131r\u0131mlar ger\u00e7ekle\u015ftiriyor. Bak\u0131m operasyonlar\u0131 i\u00e7in merkezler kurma ve ekipman yat\u0131r\u0131mlar\u0131 yapman\u0131n yan\u0131 s\u0131ra, \u00fcretim a\u00e7\u0131s\u0131ndan da T\u00fcrkiye&#8217;de kademeli bir b\u00fcy\u00fcme ve yat\u0131r\u0131m planlanmakta. Bu yat\u0131r\u0131mlarla birlikte; 2024 y\u0131l\u0131 itibariyle enerji sekt\u00f6r\u00fcnde <strong>r\u00fczgar t\u00fcrbini \u00fcretimi<\/strong> ve operasyonlar\u0131n\u0131n b\u00fcy\u00fck bir b\u00fcy\u00fcme g\u00f6stermesi bekleniyor.<\/p>\n<p><strong>Atlas Copco End\u00fcstriyel Teknik Genel End\u00fcstri B\u00f6l\u00fcm M\u00fcd\u00fcr\u00fc Okan Kara<\/strong>, sekt\u00f6rdeki de\u011fi\u015fim ve yenilenebilir enerji alan\u0131ndaki geli\u015fmeler kar\u015f\u0131s\u0131nda t\u00fcm enerji sekt\u00f6r\u00fcn\u00fc kapsayan yeni bir \u00fcr\u00fcn gam\u0131 geli\u015ftirdiklerini belirterek, <em>\u201cR\u00fczgar t\u00fcrbini \u00fcretim ve operasyon faaliyetlerinde global ekiplerimiz ile i\u015fbirli\u011fi i\u00e7erisinde global anla\u015fmalar ger\u00e7ekle\u015ftiriyoruz. \u00d6zellikle kritik ve hassas s\u0131kma i\u015flemi \u00e7ok olan proseslerde tan\u0131ml\u0131 \u00fcr\u00fcnler kullan\u0131labildi\u011fi i\u00e7in m\u00fc\u015fterilerimiz ile \u00e7\u00f6z\u00fcm yollar\u0131n\u0131 global anla\u015fmalar ile garanti alt\u0131na alarak sahada kullan\u0131lan ekipman ihtiya\u00e7lar\u0131n\u0131 kar\u015f\u0131l\u0131yoruz\u201d<\/em> dedi.<\/p>\n<p>Sadece \u00fcretim hatlar\u0131nda kullan\u0131lan \u00fcr\u00fcnler de\u011fil, sahada operasyon s\u00fcrelerini k\u0131saltan, kalite ve ergonomik iyile\u015ftirmeler sa\u011flayan, maliyetleri azaltan \u00fcr\u00fcnleri i\u00e7eren yeni \u00fcr\u00fcn gam\u0131yla sahada daha aktif faaliyet g\u00f6stermeyi hedeflediklerini vurgulayan Kara, <em>\u201cK\u00fcresel \u0131s\u0131nmaya kar\u015f\u0131 duru\u015fumuz ve iklimsel s\u00fcrd\u00fcr\u00fclebilirlik konusundaki hassasiyetimizle yat\u0131r\u0131mlar\u0131m\u0131zda yenilenebilir enerjiye odaklan\u0131yoruz. Gerek \u00fcretim gerekse sahadaki operasyonlarda kullan\u0131labilecek t\u00fcm geli\u015fmi\u015f \u00fcr\u00fcn ve \u00e7\u00f6z\u00fcmleri i\u00e7eren ekosistemimiz ile enerji sekt\u00f6r\u00fcn\u00fc s\u00fcrd\u00fcr\u00fclebilir gelece\u011fe haz\u0131rl\u0131yoruz\u201d<\/em> a\u00e7\u0131klamas\u0131nda bulundu.<\/p>\n<h3><strong>T\u00fcrkiye\u2019de yenilenebilir enerji \u00fcretimi %40\u2019\u0131n \u00fczerine \u00e7\u0131kt\u0131<\/strong><\/h3>\n<p>Giderek artan s\u00fcrd\u00fcr\u00fclebilirlik yat\u0131r\u0131mlar\u0131, T\u00fcrkiye\u2019de yenilenebilir enerji \u00fcretimini %40\u2019\u0131n \u00fczerine \u00e7\u0131kard\u0131. T\u00fcrkiye\u2019de g\u00fcne\u015f ve r\u00fczgar enerjisinde b\u00fcy\u00fck bir d\u00f6n\u00fc\u015f\u00fcm ya\u015fand\u0131\u011f\u0131n\u0131 s\u00f6yleyen <strong>Kara, <em>\u201c<\/em><\/strong><em>Bu da g\u00fcne\u015f enerjisi ile birlikte r\u00fczgar t\u00fcrbinin yat\u0131r\u0131mlar\u0131n\u0131n artmas\u0131n\u0131 destekliyor. T\u00fcrkiye\u2019deki global r\u00fczgar t\u00fcrbini \u00fcreticileri ve operasyon ekipleri ciddi yat\u0131r\u0131mlar ger\u00e7ekle\u015ftiriyor. Operasyon bak\u0131m ekipleri bak\u0131m operasyonlar\u0131 i\u00e7in merkezler kurup ekipman yat\u0131r\u0131mlar\u0131 yaparken, \u00fcretim anlam\u0131nda da kademeli olarak T\u00fcrkiye\u2019de yat\u0131r\u0131m ve b\u00fcy\u00fcme \u00f6ng\u00f6r\u00fcl\u00fcyor. R\u00fczgar t\u00fcrbini \u00fcretim ve operasyon faaliyetlerinde global ekiplerimiz ile i\u015fbirli\u011fi i\u00e7erisinde global anla\u015fmalar ger\u00e7ekle\u015ftiriyoruz. Bu noktada m\u00fc\u015fterilerimizin sahada kullan\u0131lan ekipman ihtiya\u00e7lar\u0131n\u0131 kar\u015f\u0131l\u0131yoruz. Her ge\u00e7en g\u00fcn daha fazla global \u015firket ile anla\u015fma yaparak \u00fcr\u00fcnlerimizin daha fazla \u015firkete ula\u015ft\u0131rmak i\u00e7in \u00e7al\u0131\u015fmalar\u0131m\u0131z\u0131 s\u00fcrd\u00fcr\u00fcyoruz\u201d<\/em> diye konu\u015ftu.<\/p>\n<h3><strong>Enerji sekt\u00f6r\u00fcn\u00fcn hem \u00fcretim hem saha operasyonlar\u0131n\u0131 \u00fcst seviyeye \u00e7\u0131karacak<\/strong><\/h3>\n<p>Sekt\u00f6r oyuncular\u0131na verimlilik, ergonomik ve kalite iyile\u015ftirmeleri sunarak s\u00fcrd\u00fcr\u00fclebilir bir \u00e7al\u0131\u015fma k\u00fclt\u00fcr\u00fc yaratt\u0131klar\u0131na dikkat \u00e7eken Kara,<strong>\u00a0<\/strong>yeni \u00fcr\u00fcn gam\u0131na ili\u015fkin \u015fu de\u011ferlendirmede bulundu: <em>\u201cEnerji \u015firketleri ile t\u00fcm operasyonlara toplam \u00e7\u00f6z\u00fcm sunan bir partner anlay\u0131\u015f\u0131 i\u00e7erisinde \u00e7al\u0131\u015f\u0131yoruz. S\u00fcrekli saha ziyaretleri ve analizleri yaparak gerek duyulan iyile\u015ftirmeleri belirliyoruz. \u00c7\u00f6z\u00fcmlerimiz ile saha denemeleri yaparak sa\u011flad\u0131\u011f\u0131m\u0131z katk\u0131, fayda ve kazan\u00e7lar\u0131 \u00f6l\u00e7eklendiriyoruz. B\u00f6ylece m\u00fc\u015fterilerimizin kazan\u00e7l\u0131 \u00e7\u0131kmalar\u0131n\u0131 sa\u011fl\u0131yoruz. \u00dcr\u00fcn gam\u0131m\u0131z\u0131 fabrikalarda<strong> 8000Nm<\/strong> seviyelerinden <strong>70.000Nm\u2019ye<\/strong> kadar s\u0131k\u0131m yapabilecek \u00fcr\u00fcnlerden olu\u015facak bir hale d\u00f6n\u00fc\u015ft\u00fcrd\u00fck. Sadece \u00fcretim hatlar\u0131nda kullan\u0131lan \u00fcr\u00fcnler de\u011fil, sahada operasyon s\u00fcrelerini k\u0131saltan, kalite ve ergonomik iyile\u015ftirmeler sa\u011flayan ve m\u00fc\u015fterilerimizin toplam maliyetlerini azaltan yeni \u00fcr\u00fcn gam\u0131m\u0131zla sahada aktif olarak faaliyet g\u00f6stermeyi hedefliyoruz. Bu noktada sadece fabrika i\u00e7i uygulamalara de\u011fil, enerji sekt\u00f6r\u00fcn\u00fcn hem \u00fcretim hem de saha operasyonlar\u0131na \u00fcst seviye \u00fcr\u00fcnler kazand\u0131raca\u011f\u0131z\u201d<\/em><\/p>\n<h3><strong>\u201cB\u00fcy\u00fcme\u00a0<\/strong><strong>yolculu\u011fumuzu m\u00fc\u015fterilerimizle s\u00fcrd\u00fcrece\u011fiz\u201d<\/strong><\/h3>\n<p>Enerji sekt\u00f6r\u00fcndeki b\u00fcy\u00fcme yolculu\u011funu stratejik ortak olarak tan\u0131mlad\u0131klar\u0131 m\u00fc\u015fterileriyle birlikte s\u00fcrd\u00fcrmeyi hedeflediklerini belirten <strong>Okan Kara<\/strong>; <em>\u201cAtlas Copco olarak m\u00fc\u015fterilerimize gerek istasyon gerekse hat y\u00f6netim sistemleri sunarken \u00fcr\u00fcn gam\u0131m\u0131z\u0131 da s\u00fcrekli yeniliyoruz. M\u00fc\u015fterilerimize daha esnek, ayn\u0131 hatlar \u00fczerinden \u00e7\u0131kan farkl\u0131 \u00fcr\u00fcnleri ve kompleks \u00fcretim hatlar\u0131n\u0131 destekleyecek yaz\u0131l\u0131mlar sunuyoruz. Bunu ger\u00e7ekle\u015ftirirken m\u00fc\u015fterilerimizin ERP sistemleri ile entegre \u00e7al\u0131\u015fabilecek ve farkl\u0131 \u00fcr\u00fcn ihtiya\u00e7lar\u0131na y\u00f6nelik prosesleri belirleyip destekleyecek \u00e7\u00f6z\u00fcmler sunuyoruz. Sadece ham datan\u0131n toplanmas\u0131n\u0131n yeterli olmad\u0131\u011f\u0131 g\u00fcn\u00fcm\u00fczde bu datay\u0131 toplarken ayn\u0131 zamanda yorumlayacak, \u00fcretim raporlamalar\u0131n\u0131 otomatik mail haline getirebilecek ve otomatik yap\u0131lan SPC analizleri ile \u00fcretim hatt\u0131n ya da istasyonlardaki datan\u0131n anlaml\u0131 bir \u015fekilde yorumlanmas\u0131n\u0131 sa\u011flayacak yaz\u0131l\u0131m \u00e7\u00f6z\u00fcmleri sunuyoruz. M\u00fc\u015fterilerimize sa\u011flayaca\u011f\u0131m\u0131z faydalar\u0131 ve enerji sekt\u00f6r\u00fcndeki yat\u0131r\u0131mlar\u0131m\u0131z\u0131 do\u011fru \u015fekilde aktararak, onlardan ald\u0131\u011f\u0131m\u0131z y\u00fcksek g\u00fcven ile b\u00fcy\u00fcme yolculu\u011fumuzu birlikte s\u00fcrd\u00fcrme gayreti i\u00e7erisindeyiz\u201d<\/em> diyerek s\u00f6zlerini tamamlad\u0131.<\/p>","protected":false},"excerpt":{"rendered":"<p>Sorry, this entry is only available in Turkish. For the sake of viewer convenience, the content is shown below in the alternative language. You may click the link to switch the active language. T\u00fcrkiye&#8217;de enerji sekt\u00f6r\u00fc, \u00f6zellikle petrol ve gaz sekt\u00f6r\u00fcndeki \u015firketler i\u00e7in stratejik bir d\u00f6n\u00fc\u015f\u00fcm s\u00fcrecine girmi\u015f durumda. Bu d\u00f6n\u00fc\u015f\u00fcmle, \u00fclkemizde yenilenebilir enerji \u00fcretimi [&hellip;]<\/p>\n","protected":false},"author":1,"featured_media":182220,"comment_status":"open","ping_status":"open","sticky":false,"template":"","format":"standard","meta":[],"categories":[53,50],"tags":[39220,474,28635,111638,105],"views":43,"_links":{"self":[{"href":"https:\/\/www.enerjigazetesi.ist\/en\/wp-json\/wp\/v2\/posts\/182218"}],"collection":[{"href":"https:\/\/www.enerjigazetesi.ist\/en\/wp-json\/wp\/v2\/posts"}],"about":[{"href":"https:\/\/www.enerjigazetesi.ist\/en\/wp-json\/wp\/v2\/types\/post"}],"author":[{"embeddable":true,"href":"https:\/\/www.enerjigazetesi.ist\/en\/wp-json\/wp\/v2\/users\/1"}],"replies":[{"embeddable":true,"href":"https:\/\/www.enerjigazetesi.ist\/en\/wp-json\/wp\/v2\/comments?post=182218"}],"version-history":[{"count":0,"href":"https:\/\/www.enerjigazetesi.ist\/en\/wp-json\/wp\/v2\/posts\/182218\/revisions"}],"wp:featuredmedia":[{"embeddable":true,"href":"https:\/\/www.enerjigazetesi.ist\/en\/wp-json\/wp\/v2\/media\/182220"}],"wp:attachment":[{"href":"https:\/\/www.enerjigazetesi.ist\/en\/wp-json\/wp\/v2\/media?parent=182218"}],"wp:term":[{"taxonomy":"category","embeddable":true,"href":"https:\/\/www.enerjigazetesi.ist\/en\/wp-json\/wp\/v2\/categories?post=182218"},{"taxonomy":"post_tag","embeddable":true,"href":"https:\/\/www.enerjigazetesi.ist\/en\/wp-json\/wp\/v2\/tags?post=182218"}],"curies":[{"name":"wp","href":"https:\/\/api.w.org\/{rel}","templated":true}]}}