{"id":182213,"date":"2023-12-14T16:36:19","date_gmt":"2023-12-14T13:36:19","guid":{"rendered":"https:\/\/www.enerjigazetesi.ist\/?p=182213"},"modified":"2023-12-14T16:37:54","modified_gmt":"2023-12-14T13:37:54","slug":"350-org-cop28-nin-fosil-yakitlardan-uzaklasma-ifadesi-onemli-ama-zayif","status":"publish","type":"post","link":"https:\/\/www.enerjigazetesi.ist\/en\/350-org-cop28-nin-fosil-yakitlardan-uzaklasma-ifadesi-onemli-ama-zayif\/","title":{"rendered":"(Turkish) 350.org: &#8220;COP28\u2019nin \u2018Fosil Yak\u0131tlardan Uzakla\u015fma\u2019 \u0130fadesi \u00d6nemli Ama Zay\u0131f&#8221;"},"content":{"rendered":"<p class=\"qtranxs-available-languages-message qtranxs-available-languages-message-en\">Sorry, this entry is only available in <a href=\"https:\/\/www.enerjigazetesi.ist\/tr\/wp-json\/wp\/v2\/posts\/182213\" class=\"qtranxs-available-language-link qtranxs-available-language-link-tr\" title=\"Turkish\">Turkish<\/a>. For the sake of viewer convenience, the content is shown below in the alternative language. You may click the link to switch the active language.<\/p><p><\/p>\n<h2><strong>COP28&#8217;de, K\u00fcresel Durum De\u011ferlendirmesi&#8217;nin<\/strong> be\u015finci ve son metni, \u00e7ok gecikmi\u015f bir kabulde bulunarak, <strong>fosil yak\u0131tlardan uzakla\u015fma ihtiyac\u0131n\u0131n alt\u0131n\u0131 \u00e7izdi.<\/strong> Bu, iklime kar\u015f\u0131 k\u0131r\u0131lgan \u00fclkeler ve iklim hareketi i\u00e7in kolektif bir kazan\u0131m olarak g\u00f6r\u00fclse de <strong>350.org, a\u00e7\u0131klaman\u0131n iklim ile m\u00fccadelede gerekli ad\u0131mlar\u0131n h\u0131zla at\u0131labilmesi yolunda ihtiya\u00e7 duyulan vurgu ve \u00e7\u00f6z\u00fcmleri i\u00e7ermedi\u011fine dikkat \u00e7ekiyor.<\/strong> Karar metninde fosil yak\u0131tlardan yenilenebilir enerjiye ge\u00e7i\u015fin nas\u0131l adil bir \u015fekilde finanse edilebilece\u011fine dair bir netlik bulunmazken, yine metinde yer alan n\u00fckleer enerji ve karbon yakalama teknolojilerinin geli\u015ftirilmesi gibi bir dizi \u00f6neri de iklim kriziyle m\u00fccadelede yanl\u0131\u015f \u00e7\u00f6z\u00fcm \u00f6nerileri olarak de\u011ferlendiriliyor. Sonu\u00e7 metninde ayn\u0131 zamanda iklim a\u00e7\u0131s\u0131ndan hassas \u00fclkelerin endi\u015felerinin dikkate al\u0131nmamas\u0131, sonu\u00e7ta zay\u0131f bir dil kullan\u0131lmas\u0131, net bir zamanlama yap\u0131lmamas\u0131, finansman taah\u00fctlerinin yetersiz kalmas\u0131 da 350.org taraf\u0131ndan ele\u015ftirildi.<\/h2>\n<p style=\"text-align: center;\"><img loading=\"lazy\" class=\"aligncenter wp-image-182215\" src=\"https:\/\/www.enerjigazetesi.ist\/wp-content\/uploads\/2023\/12\/350-org-cop28-nin-fosil-yakitlardan-uzaklasma-ifadesi-onemli-ama-zayif.jpg\" alt=\"\" width=\"500\" height=\"332\" srcset=\"https:\/\/www.enerjigazetesi.ist\/wp-content\/uploads\/2023\/12\/350-org-cop28-nin-fosil-yakitlardan-uzaklasma-ifadesi-onemli-ama-zayif.jpg 526w, https:\/\/www.enerjigazetesi.ist\/wp-content\/uploads\/2023\/12\/350-org-cop28-nin-fosil-yakitlardan-uzaklasma-ifadesi-onemli-ama-zayif-300x199.jpg 300w, https:\/\/www.enerjigazetesi.ist\/wp-content\/uploads\/2023\/12\/350-org-cop28-nin-fosil-yakitlardan-uzaklasma-ifadesi-onemli-ama-zayif-500x332.jpg 500w, https:\/\/www.enerjigazetesi.ist\/wp-content\/uploads\/2023\/12\/350-org-cop28-nin-fosil-yakitlardan-uzaklasma-ifadesi-onemli-ama-zayif-75x50.jpg 75w, https:\/\/www.enerjigazetesi.ist\/wp-content\/uploads\/2023\/12\/350-org-cop28-nin-fosil-yakitlardan-uzaklasma-ifadesi-onemli-ama-zayif-450x300.jpg 450w\" sizes=\"(max-width: 500px) 100vw, 500px\" \/><\/p>\n<p><strong>350.org Genel Direkt\u00f6r\u00fc May Boeve,<\/strong> COP28 sonras\u0131nda yapt\u0131\u011f\u0131 a\u00e7\u0131klamada \u015funlar\u0131 dile getirdi: \u201cCOP28\u2019de d\u00fcnyan\u0131n d\u00f6rt bir yan\u0131ndaki yerel topluluklar\u0131n ve k\u00fcresel iklim hareketinin iklim dostu bir gelecek i\u00e7in 30 y\u0131ld\u0131r y\u00fckseltti\u011fi ses sayesinde <strong>COP metnine &#8216;fosil yak\u0131tlardan uzakla\u015fma\u2019 ifadesinin girmesi \u00f6nemli olsa da bu ifadenin zay\u0131f ve etkisiz hale getirilecek kadar \u00e7ok bo\u015flukla \u00e7evrelenmi\u015f olmas\u0131 \u00fcz\u00fcc\u00fc.<\/strong> Fosil yak\u0131tlar\u0131n a\u015famal\u0131 olarak terk edilmesi ve yenilenebilir enerjiye dayanan bir d\u00fcnya nihayet masadaki \u00f6nemli bir kazan\u0131m; ancak bunun yolunu a\u00e7mak yerine, petrol ve gaz\u0131n geni\u015flemesini engelleyebilecek bir dizi dikkat da\u011f\u0131t\u0131c\u0131 engel \u00f6n\u00fcm\u00fcze kondu ve finansman\u0131n nereden gelece\u011fini de bilmiyoruz.\u201d<\/p>\n<p>Boeve karar metnine dair a\u00e7\u0131klamas\u0131na \u015f\u00f6yle devam etti: <em>&#8220;M\u00fczakerecilerin tutumunda g\u00f6rd\u00fc\u011f\u00fcm\u00fcz de\u011fi\u015fiklik, son birka\u00e7 hafta i\u00e7inde seslerini y\u00fcksek ve net bir \u015fekilde duyuran topluluklara ho\u015f ancak zay\u0131f bir i\u015faret niteli\u011fi ta\u015f\u0131yor: Jakarta&#8217;dan New Orleans&#8217;a, Rio de Janeiro&#8217;dan Lamu&#8217;ya &#8211; 350.org&#8217;un topluluklar taraf\u0131ndan olu\u015fturulan kampanyalar\u0131, kendi gelece\u011fimizi g\u00fc\u00e7lendirmeye haz\u0131r oldu\u011fumuzu g\u00f6sterdi. Enerji devrimi \u00e7oktan ba\u015flad\u0131. COP28\u2019in uluslararas\u0131 h\u00fck\u00fcmetleri bir araya getirmesini; Avustralya, Kanada, AB, Birle\u015fik Krall\u0131k ve ABD gibi zengin \u00fclkelerin adil paylar\u0131n\u0131 \u00f6demelerini ve %100 yenilenebilir bir gelece\u011fe ge\u00e7i\u015f i\u00e7in iklim krizine kar\u015f\u0131 savunmas\u0131z \u00fclkeleri desteklemelerini umuyorduk. Bu, k\u00fc\u00e7\u00fck ada devletlerinden, Pasifik \u0130klim Sava\u015f\u00e7\u0131lar\u0131m\u0131zdan ve gen\u00e7lik hareketinden tan\u0131k olduklar\u0131m\u0131za kar\u015f\u0131l\u0131k gelen bir liderlik olacakt\u0131r. \u0130\u015fte o zaman bunu bir kazan\u0131m olarak adland\u0131rabiliriz.&#8221;<\/em><\/p>\n<p>Yenilenebilir enerji kapasitesinin 2030 y\u0131l\u0131na kadar artt\u0131r\u0131lmas\u0131 COP28&#8217;in ba\u015flang\u0131c\u0131ndan bu yana kilit bir hedefti ve 350.org&#8217;un <strong><u><a href=\"https:\/\/350turkiye.org\/iklim-adaletine-guc-vermek\/\" target=\"_blank\" rel=\"noopener\">\u201c\u0130klim Adaletine G\u00fc\u00e7 Vermek: 1.5C ile Uyumlu K\u00fcresel Yenilenebilir Enerji Hedefinin Finanse Edilmesi ve Uygulanmas\u0131\u201d raporunda<\/a><\/u><\/strong> hayati \u00f6nem ta\u015f\u0131d\u0131\u011f\u0131 belirtilmi\u015fti.<\/p>\n<h2><strong>\u201cT\u00fcrkiye\u2019nin iklim hedefini hala g\u00fcncellememi\u015f olmas\u0131, iklim krizi ger\u00e7ekleriyle \u00f6rt\u00fc\u015fm\u00fcyor\u201d<\/strong><\/h2>\n<p>\u0130klim i\u00e7in 350 Derne\u011fi\u2019nden Efe Baysal ise COP28 Karar Metni\u2019ni ve T\u00fcrkiye\u2019nin zirvedeki duru\u015funu \u015f\u00f6yle de\u011ferlendirdi:<\/p>\n<p><em>\u201cCOP28\u2019de fosil yak\u0131tlardan \u201cuzakla\u015f\u0131lmas\u0131na\u201d dair ifadenin sonu\u00e7 metninde yer almas\u0131 \u00f6nemli olsa da fosil yak\u0131tlardan \u00e7\u0131k\u0131\u015fa y\u00f6nelik bir taahh\u00fct bulunmamas\u0131 iklim dostu bir gelecek i\u00e7in yolumuzun hala uzun oldu\u011funu g\u00f6steriyor. Bunun yan\u0131nda ba\u015fta g\u00fcne\u015f olmak \u00fczere muazzam bir yenilenebilir enerji potansiyeli olan <strong>T\u00fcrkiye\u2019nin iklim hedefini hala g\u00fcncellememi\u015f olmas\u0131, k\u00f6m\u00fcrden \u00e7\u0131k\u0131\u015fa y\u00f6nelik hala bir ad\u0131m atmamas\u0131 iklim krizi ger\u00e7ekleriyle hi\u00e7bir noktada \u00f6rt\u00fc\u015fm\u00fcyor.<\/strong> \u00dcstelik k\u00f6m\u00fcr ba\u011f\u0131ml\u0131l\u0131\u011f\u0131 sadece iklim krizini derinle\u015ftiren bir unsur olarak kar\u015f\u0131m\u0131za \u00e7\u0131km\u0131yor, Akbelen Orman\u0131\u2019nda g\u00f6rd\u00fc\u011f\u00fcm\u00fcz gibi ekosistem \u00fczerinde b\u00fcy\u00fck bir tahribat b\u0131rak\u0131yor, topluluklar\u0131n ya\u015fam alanlar\u0131n\u0131 do\u011frudan etkiliyor.<\/em><\/p>\n<p><em>Son olarak k\u00f6m\u00fcr\u00fcn ayn\u0131 zamanda T\u00fcrkiye i\u00e7in ciddi bir ithalat kalemi de oldu\u011funu unutmamam\u0131z gerekiyor. Oysa sadece 2022 y\u0131l\u0131nda T\u00fcrkiye, <strong>r\u00fczgar ve g\u00fcne\u015ften elektrik \u00fcretimi<\/strong> sayesinde enerji ithalat\u0131nda <strong>7 milyar dolarl\u0131k<\/strong> tasarruf sa\u011flad\u0131. Yap\u0131lan ara\u015ft\u0131rmalar da bu tasarrufun k\u00f6m\u00fcrden \u00e7\u0131k\u0131\u015fa y\u00f6nelik politikalar ger\u00e7ekle\u015ftirerek pekala art\u0131r\u0131labilece\u011fini g\u00f6steriyor. <strong>Yery\u00fcz\u00fc i\u00e7in, T\u00fcrkiye i\u00e7in 2030\u2019a kadar adil bir k\u00f6m\u00fcrden \u00e7\u0131k\u0131\u015f politikas\u0131n\u0131n bir an \u00f6nce hayata ge\u00e7irilmesini talep ediyoruz.\u201d<\/strong><\/em><\/p>","protected":false},"excerpt":{"rendered":"<p>Sorry, this entry is only available in Turkish. For the sake of viewer convenience, the content is shown below in the alternative language. You may click the link to switch the active language. COP28&#8217;de, K\u00fcresel Durum De\u011ferlendirmesi&#8217;nin be\u015finci ve son metni, \u00e7ok gecikmi\u015f bir kabulde bulunarak, fosil yak\u0131tlardan uzakla\u015fma ihtiyac\u0131n\u0131n alt\u0131n\u0131 \u00e7izdi. Bu, iklime kar\u015f\u0131 [&hellip;]<\/p>\n","protected":false},"author":1,"featured_media":182215,"comment_status":"open","ping_status":"open","sticky":false,"template":"","format":"standard","meta":[],"categories":[53],"tags":[57339,111636,111637,53412,109004,21],"views":28,"_links":{"self":[{"href":"https:\/\/www.enerjigazetesi.ist\/en\/wp-json\/wp\/v2\/posts\/182213"}],"collection":[{"href":"https:\/\/www.enerjigazetesi.ist\/en\/wp-json\/wp\/v2\/posts"}],"about":[{"href":"https:\/\/www.enerjigazetesi.ist\/en\/wp-json\/wp\/v2\/types\/post"}],"author":[{"embeddable":true,"href":"https:\/\/www.enerjigazetesi.ist\/en\/wp-json\/wp\/v2\/users\/1"}],"replies":[{"embeddable":true,"href":"https:\/\/www.enerjigazetesi.ist\/en\/wp-json\/wp\/v2\/comments?post=182213"}],"version-history":[{"count":0,"href":"https:\/\/www.enerjigazetesi.ist\/en\/wp-json\/wp\/v2\/posts\/182213\/revisions"}],"wp:featuredmedia":[{"embeddable":true,"href":"https:\/\/www.enerjigazetesi.ist\/en\/wp-json\/wp\/v2\/media\/182215"}],"wp:attachment":[{"href":"https:\/\/www.enerjigazetesi.ist\/en\/wp-json\/wp\/v2\/media?parent=182213"}],"wp:term":[{"taxonomy":"category","embeddable":true,"href":"https:\/\/www.enerjigazetesi.ist\/en\/wp-json\/wp\/v2\/categories?post=182213"},{"taxonomy":"post_tag","embeddable":true,"href":"https:\/\/www.enerjigazetesi.ist\/en\/wp-json\/wp\/v2\/tags?post=182213"}],"curies":[{"name":"wp","href":"https:\/\/api.w.org\/{rel}","templated":true}]}}