{"id":182209,"date":"2023-12-13T17:10:09","date_gmt":"2023-12-13T14:10:09","guid":{"rendered":"https:\/\/www.enerjigazetesi.ist\/?p=182209"},"modified":"2023-12-13T17:10:26","modified_gmt":"2023-12-13T14:10:26","slug":"fransiz-turk-temiz-enerji-zirvesi-sektor-devlerini-bulusturdu","status":"publish","type":"post","link":"https:\/\/www.enerjigazetesi.ist\/en\/fransiz-turk-temiz-enerji-zirvesi-sektor-devlerini-bulusturdu\/","title":{"rendered":"(Turkish) Frans\u0131z &#8211; T\u00fcrk Temiz Enerji Zirvesi Sekt\u00f6r Devlerini Bulu\u015fturdu"},"content":{"rendered":"<p class=\"qtranxs-available-languages-message qtranxs-available-languages-message-en\">Sorry, this entry is only available in <a href=\"https:\/\/www.enerjigazetesi.ist\/tr\/wp-json\/wp\/v2\/posts\/182209\" class=\"qtranxs-available-language-link qtranxs-available-language-link-tr\" title=\"Turkish\">Turkish<\/a>. For the sake of viewer convenience, the content is shown below in the alternative language. You may click the link to switch the active language.<\/p><p><\/p>\n<h2><strong>\u201cFrans\u0131z &#8211; T\u00fcrk Temiz Enerji Zirvesi\u201d, Fransa ve T\u00fcrkiye aras\u0131nda enerji sekt\u00f6r\u00fcnde i\u015f birliklerini ve ortak yat\u0131r\u0131mlar\u0131 te\u015fvik etmek amac\u0131yla, T\u00fcrk-Frans\u0131z Ticaret Derne\u011fi ve R\u00f6nesans Enerji\u00a0i\u015f birli\u011finde\u00a0d\u00fcn (12 Aral\u0131k 2023) ger\u00e7ekle\u015fti. Zirvede Uluslararas\u0131 Enerji Ajans\u0131 Ba\u015fkan\u0131 Fatih Birol da bir konu\u015fma yapt\u0131.<\/strong><\/h2>\n<p style=\"text-align: center;\"><img loading=\"lazy\" class=\"aligncenter wp-image-182211\" src=\"https:\/\/www.enerjigazetesi.ist\/wp-content\/uploads\/2023\/12\/fransiz-turk-temiz-enerji-zirvesi-sektor-devlerini-bulusturdu.jpg\" alt=\"\" width=\"500\" height=\"352\" srcset=\"https:\/\/www.enerjigazetesi.ist\/wp-content\/uploads\/2023\/12\/fransiz-turk-temiz-enerji-zirvesi-sektor-devlerini-bulusturdu.jpg 550w, https:\/\/www.enerjigazetesi.ist\/wp-content\/uploads\/2023\/12\/fransiz-turk-temiz-enerji-zirvesi-sektor-devlerini-bulusturdu-300x211.jpg 300w, https:\/\/www.enerjigazetesi.ist\/wp-content\/uploads\/2023\/12\/fransiz-turk-temiz-enerji-zirvesi-sektor-devlerini-bulusturdu-500x352.jpg 500w, https:\/\/www.enerjigazetesi.ist\/wp-content\/uploads\/2023\/12\/fransiz-turk-temiz-enerji-zirvesi-sektor-devlerini-bulusturdu-71x50.jpg 71w\" sizes=\"(max-width: 500px) 100vw, 500px\" \/><\/p>\n<p>Frans\u0131z-T\u00fcrk Temiz Enerji Zirvesi\u2019nde daha iyi bir gelecek mesaj\u0131 veren <strong>Fransa\u2019n\u0131n T\u00fcrkiye B\u00fcy\u00fckel\u00e7isi Isabella Dumont<\/strong>, Frans\u0131z ve T\u00fcrk \u015firketler aras\u0131ndaki i\u015f ortakl\u0131\u011f\u0131n\u0131n sadece <strong>r\u00fczgar, g\u00fcne\u015f ve su<\/strong> ile s\u0131n\u0131rl\u0131 olmad\u0131\u011f\u0131n\u0131 belirtti. Frans\u0131z \u015firketlerinin, T\u00fcrkiye\u2019nin potansiyelinin fark\u0131nda oldu\u011funu ve T\u00fcrkiye\u2019ye \u00f6nemli yat\u0131r\u0131mlar yapt\u0131\u011f\u0131n\u0131 ifade eden Dumont, <em>\u201cTemmuz ay\u0131nda ger\u00e7ekle\u015fen Total Energies ile R\u00f6nesans Holding aras\u0131ndaki ortakl\u0131\u011f\u0131n alt\u0131n\u0131 \u00e7izmek istiyorum. Bu ittifak\u0131n T\u00fcrkiye\u2019ye yenilenebilir enerji alan\u0131nda \u00f6nemli katk\u0131lar sa\u011flayaca\u011f\u0131na inan\u0131yorum. T\u00fcrkiye ve Fransa aras\u0131ndaki iklim mutabakat\u0131 da \u00e7ok \u00f6nemli bir konu. Bu mutabakat, yenilenebilir enerji giri\u015fimlerinin yan\u0131 s\u0131ra <strong>enerji verimlili\u011finin art\u0131r\u0131lmas\u0131<\/strong> ve <strong>enerjinin karbonizasyonunu da<\/strong> kaps\u0131yor. Fransa\u2019n\u0131n buradaki katk\u0131s\u0131 sadece finansal de\u011fil, teknik yard\u0131m ve i\u015f birliklerini de kaps\u0131yor. Daha ye\u015fil bir d\u00fcnya i\u00e7in katk\u0131 sunmak en b\u00fcy\u00fck amac\u0131m\u0131z. Bu zirvenin, Fransa ve T\u00fcrkiye aras\u0131ndaki g\u00fc\u00e7l\u00fc ba\u011f\u0131 daha da kuvvetlendirece\u011fine ve \u00f6nemli i\u015f birliklerinin tohumlar\u0131n\u0131n burada at\u0131laca\u011f\u0131ndan inan\u0131yorum\u201d<\/em> diye konu\u015ftu.<\/p>\n<h3><strong>ENERJ\u0130 SEKT\u00d6R\u00dcNDE \u00c7OK HIZLI B\u0130R D\u00d6N\u00dc\u015e\u00dcM VAR<\/strong><\/h3>\n<p><strong>Uluslararas\u0131 Enerji Ajans\u0131 Ba\u015fkan\u0131 Fatih Birol<\/strong> ise enerji sekt\u00f6r\u00fcnde \u00e7ok h\u0131zl\u0131 bir d\u00f6n\u00fc\u015f\u00fcm ya\u015fand\u0131\u011f\u0131n\u0131, \u015firketlerin, yat\u0131r\u0131mc\u0131lar\u0131n hatta devletlerin bu de\u011fi\u015fime ayak uyduramamalar\u0131 durumunda \u00f6nemli f\u0131rsatlar ka\u00e7\u0131rabileceklerini ve b\u00fcy\u00fck riskler alacaklar\u0131n\u0131 vurgulad\u0131. T\u00fcm d\u00fcnyada yenilenebilir enerji santrallerinin h\u0131zla kuruldu\u011funa dikkat \u00e7eken Fatih Birol, s\u00f6zlerini \u015f\u00f6yle s\u00fcrd\u00fcrd\u00fc: <em>\u201cTemiz enerjinin ve temiz enerji kaynaklar\u0131n\u0131n, \u00f6n\u00fcm\u00fczdeki y\u0131llarda sekt\u00f6r\u00fc belirleyece\u011fine ku\u015fku yok. \u00a0Bunun nedeni asl\u0131nda tek ba\u015f\u0131na iklim de\u011fi\u015fikli\u011fi de\u011fil; hem maliyet hem de enerji g\u00fcvenli\u011fi a\u00e7\u0131s\u0131ndan yenilenebilir enerji en iyi metot olarak kar\u015f\u0131m\u0131za \u00e7\u0131k\u0131yor. 2015\u2019te temiz enerji yat\u0131r\u0131mlar\u0131 t\u00fcm d\u00fcnyada yakla\u015f\u0131k 1 trilyon dolarken, \u015fu anda bu rakam 2 trilyon dolara ula\u015fm\u0131\u015f durumda\u2026 Fosil yak\u0131t yat\u0131r\u0131mlar\u0131 ise 2015 y\u0131l\u0131nda oldu\u011fu gibi bug\u00fcn de 1 trilyon dolar. Ula\u015f\u0131m sekt\u00f6r\u00fcnde de \u00f6nemli bir d\u00f6n\u00fc\u015f\u00fcm ya\u015fan\u0131yor ve ciddi bir modifikasyon s\u00f6z konusu. \u00dc\u00e7 y\u0131l \u00f6nce sat\u0131lan 25 otomobilden sadece biri elektrikliyken, bu y\u0131l rakamlara bakt\u0131\u011f\u0131m\u0131zda sat\u0131lan 5 otomobilden birinin elektrikli oldu\u011funu g\u00f6r\u00fcyoruz. Yap\u0131lan hesaplamalar, \u00e7ok k\u0131sa bir d\u00f6nem sonra sat\u0131lan iki ara\u00e7tan birinin elektrikli olaca\u011f\u0131n\u0131 g\u00f6steriyor.\u201d<\/em><\/p>\n<p>T\u00fcrkiye ve Fransa\u2019n\u0131n temiz enerji konusunu birlikte ele almas\u0131ndan duydu\u011fu memnuniyeti de dile getiren Fatih Birol, <em>\u201cYenilenebilir enerji potansiyeli a\u00e7\u0131s\u0131ndan olduk\u00e7a zengin olan T\u00fcrkiye\u2019de jeotermal ve biyoenerji alan\u0131nda potansiyelin \u00e7ok y\u00fcksek oldu\u011funu d\u00fc\u015f\u00fcn\u00fcyorum. Bu konuda do\u011fru ad\u0131mlar da at\u0131l\u0131yor. Off-shore yani deniz \u00fcst\u00fc r\u00fczgar enerji santralleri konusu da \u00e7ok \u00f6nemli. Fransa bu konuyu ciddiye al\u0131yor ve T\u00fcrkiye\u2019 de de b\u00fcy\u00fck bir potansiyel var. T\u00fcrkiye ve Fransa\u2019n\u0131n enerji verimlili\u011fi alan\u0131nda da birbirinden yararlanaca\u011f\u0131na inan\u0131yorum. Bunun yan\u0131 s\u0131ra temiz enerji ekipmanlar\u0131, yani g\u00fcne\u015f panelleri, r\u00fczgar t\u00fcrbinleri gibi ekipmanlar\u0131n \u00fcretilmesinde iki \u00fclkenin ba\u015far\u0131l\u0131 i\u015flere imza ataca\u011f\u0131n\u0131 d\u00fc\u015f\u00fcn\u00fcyorum\u201d<\/em> diye konu\u015ftu.<\/p>\n<h3><strong>\u0130\u015e B\u0130RL\u0130\u011e\u0130 FIRSATLARINI ARTTIRMAK \u0130\u00c7\u0130N \u00c7ALI\u015eIYORUZ<\/strong><\/h3>\n<p><strong>T\u00fcrk-Frans\u0131z Ticaret Derne\u011fi Ba\u015fkan\u0131 Frank Mereyde,<\/strong> bu y\u0131l ilki d\u00fczenlenen Zirvenin T\u00fcrkiye-Fransa-AB \u00fc\u00e7geninde yenilenebilir enerji sekt\u00f6r\u00fcnde i\u015f birliklerinin te\u015fvik edilmesi noktas\u0131nda b\u00fcy\u00fck \u00f6nem ta\u015f\u0131d\u0131\u011f\u0131n\u0131 belirtti. Ye\u015fil d\u00f6n\u00fc\u015f\u00fcm ve ye\u015fil enerji kaynaklar\u0131n\u0131n kullan\u0131m\u0131 noktas\u0131nda global hedeflerin t\u00fcm i\u015f d\u00fcnyas\u0131n\u0131n ajandas\u0131nda \u00f6ncelikli yer ald\u0131\u011f\u0131n\u0131 ifade eden Mereyde, bu hedeflere ula\u015fmak i\u00e7in uluslararas\u0131 i\u015f birliklerinin g\u00fc\u00e7l\u00fc bir rol oynad\u0131\u011f\u0131n\u0131 kaydetti. T\u00fcrkiye\u2019nin Ulusal Enerji Plan\u0131 kapsam\u0131nda, 2053 y\u0131l\u0131na kadar toplam birincil enerji t\u00fcketiminde yenilenebilir enerji kaynaklar\u0131n\u0131n pay\u0131n\u0131n y\u00fczde 50\u2019ye \u00e7\u0131kar\u0131lmas\u0131n\u0131n hedeflendi\u011fini hat\u0131rlatan Frank Mereyde, Fransa\u2019n\u0131n ise Paris \u0130klim Anla\u015fmas\u0131 kapsam\u0131nda, sera gaz\u0131 emisyonlar\u0131n\u0131 2030 y\u0131l\u0131na kadar en az y\u00fczde 55 oran\u0131nda azaltmay\u0131, 2050 y\u0131l\u0131na kadar da s\u0131f\u0131rlamay\u0131 hedefledi\u011fini s\u00f6zlerine ekledi. Bu s\u00fcre\u00e7te, Fransa\u2019n\u0131n Ankara B\u00fcy\u00fckel\u00e7ili\u011fi ve ilgili payda\u015f kurumlar\u0131n katk\u0131lar\u0131yla Frans\u0131z Ticaret Odas\u0131 olarak, T\u00fcrk ve Frans\u0131z teknoloji ve uzmanl\u0131klar\u0131n\u0131, ortak finansman modelleri ile bir araya getirerek i\u015f birli\u011fi f\u0131rsatlar\u0131n\u0131 artt\u0131rmay\u0131 hedeflediklerini vurgulayan Mereyde, <em>&#8220;T\u00fcrkiye ve Fransa\u2019n\u0131n yenilik\u00e7i giri\u015fimleri ile ortaya \u00e7\u0131kacak yeni ekonomik d\u00fczende ye\u015fil d\u00f6n\u00fc\u015f\u00fcm\u00fcn k\u00fcresel \u015fampiyonlar\u0131 olarak ortaya \u00e7\u0131kabileceklerine inan\u0131yorum\u2019\u2019<\/em> dedi.<\/p>\n<h3><strong>BE\u015e YILDA 2.000 MW\u2019LIK YE\u015e\u0130L ENERJ\u0130 YATIRIMI YAPMAYI HEDEFL\u0130YORUZ<\/strong><\/h3>\n<p><strong>R\u00f6nesans Enerji Y\u00f6netim Kurulu \u00dcyesi Emre Hatem<\/strong>, zirve kapsam\u0131nda d\u00fczenlenen Ye\u015fil Finansman panelinde yapt\u0131\u011f\u0131 konu\u015fmada, Fransa ve T\u00fcrkiye aras\u0131ndaki i\u015f birli\u011fi sayesinde ye\u015fil enerjiye yap\u0131lan yat\u0131r\u0131mlar\u0131n hem sekt\u00f6r hem iki \u00fclke hem de d\u00fcnyam\u0131z i\u00e7in \u00e7ok de\u011ferli oldu\u011funu\u00a0s\u00f6yledi. Temmuz ay\u0131nda <strong>R\u00f6nesans Holding<\/strong> ile <strong>Total Energies<\/strong>\u2019in R\u00f6nesans Enerji\u2019de ger\u00e7ekle\u015ftirdi\u011fi ortakl\u0131\u011f\u0131 hat\u0131rlatan Emre Hatem, s\u00f6zlerini \u015f\u00f6yle s\u00fcrd\u00fcrd\u00fc: <em>\u201cBu ortakl\u0131k ile R\u00f6nesans Enerji,\u00a0R\u00f6nesans Holding ve TotalEnergies\u2019in (y\u00fczde 50-50) ortakl\u0131\u011f\u0131 \u00e7at\u0131s\u0131 alt\u0131nda faaliyetlerini s\u00fcrd\u00fcrmeye ba\u015flad\u0131. Ortakl\u0131\u011f\u0131n hemen sonras\u0131nda da T\u00fcrkiye\u2019nin en b\u00fcy\u00fck 3 ye\u015fil enerji \u015firketinden biri olma hedefimiz do\u011frultusunda ilk yat\u0131r\u0131m\u0131m\u0131z olan<strong> 189 MW<\/strong>\u2019l\u0131k <strong>r\u00fczgar enerjisi yat\u0131r\u0131m\u0131<\/strong> i\u00e7in <strong>Heitkamp Industrial Solutions GmbH<\/strong> ve <strong>Nordex Grup<\/strong> ile anla\u015fmaya vard\u0131k. R\u00f6nesans Enerji olarak\u00a0T\u00fcrkiye Ulusal Enerji Plan\u0131\u2019ndaki 2028 y\u0131l\u0131na kadar ger\u00e7ekle\u015ftirilmesi \u00f6ng\u00f6r\u00fclen <strong>ye\u015fil enerji yat\u0131r\u0131mlar\u0131<\/strong>n\u0131n yakla\u015f\u0131k <strong>y\u00fczde 7<\/strong>\u2019sini\u00a0hayata ge\u00e7irmeyi\u00a0hedefliyoruz.\u00a0Hedefimiz\u00a0be\u015f y\u0131lda 2.000 MW\u2019a denk gelen 2 milyar Euro\u2019luk <strong>ye\u015fil enerji yat\u0131r\u0131m\u0131<\/strong> yapmak.\u00a0Bu yat\u0131r\u0131mlar sayesinde y\u0131lda yakla\u015f\u0131k 1 milyar metrek\u00fcp do\u011falgaz ithalat\u0131n\u0131n \u00f6n\u00fcne ge\u00e7mi\u015f olaca\u011f\u0131m\u0131z gibi\u00a03,5 milyon ton sera gaz\u0131 emisyonundan kurtulaca\u011f\u0131z.\u201d<\/em><\/p>","protected":false},"excerpt":{"rendered":"<p>Sorry, this entry is only available in Turkish. For the sake of viewer convenience, the content is shown below in the alternative language. You may click the link to switch the active language. \u201cFrans\u0131z &#8211; T\u00fcrk Temiz Enerji Zirvesi\u201d, Fransa ve T\u00fcrkiye aras\u0131nda enerji sekt\u00f6r\u00fcnde i\u015f birliklerini ve ortak yat\u0131r\u0131mlar\u0131 te\u015fvik etmek amac\u0131yla, T\u00fcrk-Frans\u0131z Ticaret [&hellip;]<\/p>\n","protected":false},"author":1,"featured_media":182211,"comment_status":"open","ping_status":"open","sticky":false,"template":"","format":"standard","meta":[],"categories":[51,53,49,50],"tags":[12,111635,1346,111634,29368,17657,2629,91401,846,6532,2482,218,428],"views":44,"_links":{"self":[{"href":"https:\/\/www.enerjigazetesi.ist\/en\/wp-json\/wp\/v2\/posts\/182209"}],"collection":[{"href":"https:\/\/www.enerjigazetesi.ist\/en\/wp-json\/wp\/v2\/posts"}],"about":[{"href":"https:\/\/www.enerjigazetesi.ist\/en\/wp-json\/wp\/v2\/types\/post"}],"author":[{"embeddable":true,"href":"https:\/\/www.enerjigazetesi.ist\/en\/wp-json\/wp\/v2\/users\/1"}],"replies":[{"embeddable":true,"href":"https:\/\/www.enerjigazetesi.ist\/en\/wp-json\/wp\/v2\/comments?post=182209"}],"version-history":[{"count":0,"href":"https:\/\/www.enerjigazetesi.ist\/en\/wp-json\/wp\/v2\/posts\/182209\/revisions"}],"wp:featuredmedia":[{"embeddable":true,"href":"https:\/\/www.enerjigazetesi.ist\/en\/wp-json\/wp\/v2\/media\/182211"}],"wp:attachment":[{"href":"https:\/\/www.enerjigazetesi.ist\/en\/wp-json\/wp\/v2\/media?parent=182209"}],"wp:term":[{"taxonomy":"category","embeddable":true,"href":"https:\/\/www.enerjigazetesi.ist\/en\/wp-json\/wp\/v2\/categories?post=182209"},{"taxonomy":"post_tag","embeddable":true,"href":"https:\/\/www.enerjigazetesi.ist\/en\/wp-json\/wp\/v2\/tags?post=182209"}],"curies":[{"name":"wp","href":"https:\/\/api.w.org\/{rel}","templated":true}]}}