{"id":182192,"date":"2023-12-13T15:52:08","date_gmt":"2023-12-13T12:52:08","guid":{"rendered":"https:\/\/www.enerjigazetesi.ist\/?p=182192"},"modified":"2023-12-13T15:52:08","modified_gmt":"2023-12-13T12:52:08","slug":"inci-holding-te-bayragi-cihan-elbirlik-devraliyor","status":"publish","type":"post","link":"https:\/\/www.enerjigazetesi.ist\/en\/inci-holding-te-bayragi-cihan-elbirlik-devraliyor\/","title":{"rendered":"(Turkish) \u0130nci Holding&#8217;te Bayra\u011f\u0131 &#8216;Cihan Elbirlik&#8217; Devral\u0131yor"},"content":{"rendered":"<p class=\"qtranxs-available-languages-message qtranxs-available-languages-message-en\">Sorry, this entry is only available in <a href=\"https:\/\/www.enerjigazetesi.ist\/tr\/wp-json\/wp\/v2\/posts\/182192\" class=\"qtranxs-available-language-link qtranxs-available-language-link-tr\" title=\"Turkish\">Turkish<\/a>. For the sake of viewer convenience, the content is shown below in the alternative language. You may click the link to switch the active language.<\/p><p><\/p>\n<h2><strong>T\u00fcrkiye&#8217;nin \u00f6nde gelen gruplar\u0131ndan \u0130nci Holding&#8217;te bayrak de\u011fi\u015fimi ya\u015fan\u0131yor. Ne\u015fe G\u00f6k\u2019\u00fcn, 8 y\u0131ld\u0131r s\u00fcrd\u00fcrd\u00fc\u011f\u00fc \u0130nci Holding Y\u00f6netim Kurulu Ba\u015fkanl\u0131\u011f\u0131 g\u00f6revini 3. neslin bir di\u011fer temsilcisi Cihan Elbirlik\u2019e devredece\u011fi duyuruldu.<\/strong><\/h2>\n<p style=\"text-align: center;\"><img loading=\"lazy\" class=\"aligncenter wp-image-182195\" src=\"https:\/\/www.enerjigazetesi.ist\/wp-content\/uploads\/2023\/12\/inci-holding-te-bayragi-cihan-elbirlik-devraliyor.jpg\" alt=\"\" width=\"500\" height=\"333\" srcset=\"https:\/\/www.enerjigazetesi.ist\/wp-content\/uploads\/2023\/12\/inci-holding-te-bayragi-cihan-elbirlik-devraliyor.jpg 550w, https:\/\/www.enerjigazetesi.ist\/wp-content\/uploads\/2023\/12\/inci-holding-te-bayragi-cihan-elbirlik-devraliyor-300x200.jpg 300w, https:\/\/www.enerjigazetesi.ist\/wp-content\/uploads\/2023\/12\/inci-holding-te-bayragi-cihan-elbirlik-devraliyor-500x333.jpg 500w, https:\/\/www.enerjigazetesi.ist\/wp-content\/uploads\/2023\/12\/inci-holding-te-bayragi-cihan-elbirlik-devraliyor-75x50.jpg 75w, https:\/\/www.enerjigazetesi.ist\/wp-content\/uploads\/2023\/12\/inci-holding-te-bayragi-cihan-elbirlik-devraliyor-450x300.jpg 450w\" sizes=\"(max-width: 500px) 100vw, 500px\" \/><\/p>\n<p>Ege sanayisinin duayeni merhum Cevdet \u0130nci&#8217;nin 71 y\u0131l \u00f6nce temellerini att\u0131\u011f\u0131 \u0130nci Holding&#8217;te bayrak de\u011fi\u015fimi ya\u015fan\u0131yor. Ne\u015fe G\u00f6k, yeni yat\u0131r\u0131mlar ve fabrika a\u00e7\u0131l\u0131\u015flar\u0131yla ba\u015far\u0131yla y\u00fcr\u00fctt\u00fc\u011f\u00fc Y\u00f6netim Kurulu Ba\u015fkanl\u0131\u011f\u0131 g\u00f6revini <strong>1 Ocak 2024<\/strong> itibariyle <strong>Cihan Elbirlik<\/strong>\u2019e devredecek. \u0130nci Holding, devir teslim \u00f6ncesinde ba\u015fkanl\u0131k devrini d\u00fczenledi\u011fi bir bas\u0131n toplant\u0131s\u0131yla duyurdu.<\/p>\n<h3><strong>\u00dc\u00e7 nesildir b\u00fcy\u00fcyoruz<\/strong><\/h3>\n<p>\u0130nci Holding Y\u00f6netim Kurulu Ba\u015fkan\u0131 Ne\u015fe G\u00f6k, toplant\u0131da yapt\u0131\u011f\u0131 konu\u015fmada, 2016 y\u0131l\u0131nda Perihan \u0130nci\u2019den devrald\u0131\u011f\u0131 ba\u015fkanl\u0131k g\u00f6revini, kesintisiz 8 y\u0131l s\u00fcrd\u00fcrd\u00fc\u011f\u00fcn\u00fc belirterek, <em>\u201cBu bir bayrak devridir. Bayra\u011f\u0131 g\u00fcvenle \u00fc\u00e7\u00fcnc\u00fc neslin bir di\u011fer temsilcisi Cihan Elbirlik\u2019e devredece\u011fim. Global bir T\u00fcrk \u015firketi haline gelen grubumuz, \u00fc\u00e7 nesildir b\u00fcy\u00fcyor. Bu ba\u015far\u0131 tablosunun 8 y\u0131l\u0131n\u0131 y\u00f6netmek benim i\u00e7in ayr\u0131 bir gurur vesilesidir\u201d<\/em> dedi.<\/p>\n<p>Holding ve grup \u015firketlerinin geldi\u011fi nokta hakk\u0131nda da bir de\u011ferlendirme yapan G\u00f6k, <em>\u201cBug\u00fcn 11 \u015firket, 9 fabrika ve 3 bin 200 \u00e7al\u0131\u015fan\u0131m\u0131z ile T\u00fcrkiye ekonomisi i\u00e7in de\u011fer yarat\u0131yoruz. \u00dcretimimizin y\u00fczde 60\u2019\u0131n\u0131 6 k\u0131tada 100\u2019\u00fcn \u00fczerinde \u00fclkeye ihra\u00e7 ediyoruz. Yapt\u0131\u011f\u0131m\u0131z yat\u0131r\u0131mlar, 35 y\u0131lda kurdu\u011fumuz g\u00fc\u00e7l\u00fc global ortakl\u0131klar, sa\u011flad\u0131\u011f\u0131m\u0131z istihdam ile \u00fclkemizin kalk\u0131nmas\u0131na \u00f6nemli katk\u0131larda bulunuyoruz. Jantta d\u00fcnyan\u0131n bir ucundaki Brezilyal\u0131 Maxion Wheels, ak\u00fcde d\u00fcnyan\u0131n di\u011fer ucundan, Japonya\u2019dan <strong>GS YUASA<\/strong>, lojistikte yine Japon Yusen Lojistik ile birlikte b\u00fcy\u00fcyor ve ortaklar\u0131m\u0131zla geli\u015fiyoruz. <strong>Maxion \u0130nci Jant Grubu, \u0130nci GS Yuasa <\/strong>ve<strong> Yusen \u0130nci Lojistik<\/strong> i\u015ftiraklerimizle faaliyet g\u00f6sterdi\u011fimiz her sekt\u00f6rde g\u00fc\u00e7l\u00fc bir oyuncu haline geldik. Yenilik\u00e7i bak\u0131\u015f a\u00e7\u0131m\u0131zla stratejik yat\u0131r\u0131mc\u0131s\u0131 oldu\u011fumuz Vinci Giri\u015fim sermayesi \u015firketimiz ile 5 y\u0131l i\u00e7erisinde 9 farkl\u0131 yat\u0131r\u0131ma imza att\u0131k. \u0130stihdam, \u00fcretim ve ihracat g\u00fcc\u00fcm\u00fcz, inovasyon ve sosyal yat\u0131r\u0131mlar\u0131m\u0131z ile hayat\u0131n her alan\u0131na dokunmaya devam ediyoruz\u201d<\/em> diye konu\u015ftu.<\/p>\n<h3><strong>Uluslararas\u0131 alanda lider\u00a0<\/strong><\/h3>\n<p>01 Ocak 2024 itibar\u0131 ile \u0130nci Holding Y\u00f6netim Kurulu Ba\u015fkan\u0131 olarak g\u00f6reve ba\u015flayacak Cihan Elbirlik ise 3. nesil aras\u0131ndaki bayrak devrinden gurur duydu\u011funu ifade ederek, <em>\u201cYar\u0131n\u0131n d\u00fcnyas\u0131 i\u00e7in teknoloji oda\u011f\u0131m\u0131zla bug\u00fcnden yat\u0131r\u0131mlar yap\u0131yoruz. Mevcut ortakl\u0131klar\u0131m\u0131zda ve i\u015ftiraklerimizde <strong>dijitalizasyon<\/strong> ve <strong>s\u00fcrd\u00fcr\u00fclebilirlik<\/strong> ajandalar\u0131m\u0131z \u00e7ok \u00f6nemli. Ayn\u0131 zamanda <strong>malzeme<\/strong> ve<strong> enerji verimlili\u011fini yans\u0131tan \u00fcr\u00fcnlere<\/strong> yat\u0131r\u0131m yapmak da \u00f6n plana \u00e7\u0131k\u0131yor dedi. Yeni i\u015fler ajandam\u0131zda, kurumsal giri\u015fimci ruhumuzla; <strong>yenilenebilir enerjinin \u00fcretiminden t\u00fcketimine<\/strong>, hatta <strong>\u015farj noktalar\u0131na<\/strong> kadar <strong>enerjinin daha verimli kullan\u0131lmas\u0131na<\/strong> y\u00f6nelik<strong> teknoloji<\/strong> ve <strong>servislere<\/strong> odaklan\u0131yoruz. \u00d6n\u00fcm\u00fczdeki d\u00f6neme; kurumsal giri\u015fimcilik alan\u0131ndaki birikimlerimiz ile, daha cesur ve daha global iddias\u0131 y\u00fcksek projelerle haz\u0131rlan\u0131yoruz. \u0130nci Holding\u2019in uluslararas\u0131 pazarlardaki ba\u015far\u0131lar\u0131, sekt\u00f6rlerinde ihracat ve teknoloji lideri olmas\u0131n\u0131n bu yeni g\u00f6revinde kendisine daha da \u00f6nemli bir misyon y\u00fckledi\u011fini s\u00f6yleyen Cihan Elbirlik, yenilik\u00e7i y\u00f6netim kurgumuzla farkl\u0131la\u015fan bir Holding olarak yolumuza h\u0131zla devam ediyoruz.\u201d<\/em> diye konu\u015ftu.<\/p>\n<h3><strong>Cihan Elbirlik Kimdir?<\/strong><\/h3>\n<p>Cihan Elbirlik, 1979 y\u0131l\u0131nda \u0130zmir\u2019de do\u011fdu. 2002 y\u0131l\u0131nda Bo\u011fazi\u00e7i \u00dcniversitesi Makine M\u00fchendisli\u011fi B\u00f6l\u00fcm\u00fc\u2019nden mezun olan Elbirlik, profesyonel kariyerine ayn\u0131 y\u0131l Hayes Lemmerz firmas\u0131n\u0131n Michigan kentindeki tesislerinde \u00dcretim M\u00fchendisi olarak ba\u015flad\u0131.<\/p>\n<p>Burada 2 y\u0131l s\u00fcren g\u00f6revi sonras\u0131nda 2004 y\u0131l\u0131nda \u0130nci Ak\u00fc CIS B\u00f6lge ve \u0130hracat Sat\u0131\u015f M\u00fcd\u00fcr\u00fc olarak \u00e7al\u0131\u015fmaya ba\u015flad\u0131. 2008-2011 y\u0131llar\u0131 aras\u0131nda \u0130nci Holding \u0130\u015f Geli\u015ftirme M\u00fcd\u00fcrl\u00fc\u011f\u00fc g\u00f6revini y\u00fcr\u00fcten Elbirlik, 2011 y\u0131l\u0131nda Insead \u0130\u015fletme Y\u00fcksek Lisans program\u0131n\u0131 tamamlad\u0131. 2011-2014 y\u0131llar\u0131 aras\u0131nda \u0130nci Lojistik Genel M\u00fcd\u00fcrl\u00fc\u011f\u00fc, 2014-2016 y\u0131llar\u0131 aras\u0131nda ise \u0130nci Lojistik Y\u00f6netim Kurulu Ba\u015fkanl\u0131\u011f\u0131 g\u00f6revlerini \u00fcstlenen Elbirlik, 2014-2022 y\u0131llar\u0131 aras\u0131nda \u0130nci GS Yuasa\u2019da \u0130cra Kurulu Direkt\u00f6rl\u00fc\u011f\u00fc sorumlulu\u011funu y\u00fcr\u00fctt\u00fc.<\/p>","protected":false},"excerpt":{"rendered":"<p>Sorry, this entry is only available in Turkish. For the sake of viewer convenience, the content is shown below in the alternative language. You may click the link to switch the active language. T\u00fcrkiye&#8217;nin \u00f6nde gelen gruplar\u0131ndan \u0130nci Holding&#8217;te bayrak de\u011fi\u015fimi ya\u015fan\u0131yor. Ne\u015fe G\u00f6k\u2019\u00fcn, 8 y\u0131ld\u0131r s\u00fcrd\u00fcrd\u00fc\u011f\u00fc \u0130nci Holding Y\u00f6netim Kurulu Ba\u015fkanl\u0131\u011f\u0131 g\u00f6revini 3. neslin [&hellip;]<\/p>\n","protected":false},"author":1,"featured_media":182195,"comment_status":"open","ping_status":"open","sticky":false,"template":"","format":"standard","meta":[],"categories":[51,53],"tags":[60835,40891,40892,37274,92279,111626],"views":38,"_links":{"self":[{"href":"https:\/\/www.enerjigazetesi.ist\/en\/wp-json\/wp\/v2\/posts\/182192"}],"collection":[{"href":"https:\/\/www.enerjigazetesi.ist\/en\/wp-json\/wp\/v2\/posts"}],"about":[{"href":"https:\/\/www.enerjigazetesi.ist\/en\/wp-json\/wp\/v2\/types\/post"}],"author":[{"embeddable":true,"href":"https:\/\/www.enerjigazetesi.ist\/en\/wp-json\/wp\/v2\/users\/1"}],"replies":[{"embeddable":true,"href":"https:\/\/www.enerjigazetesi.ist\/en\/wp-json\/wp\/v2\/comments?post=182192"}],"version-history":[{"count":0,"href":"https:\/\/www.enerjigazetesi.ist\/en\/wp-json\/wp\/v2\/posts\/182192\/revisions"}],"wp:featuredmedia":[{"embeddable":true,"href":"https:\/\/www.enerjigazetesi.ist\/en\/wp-json\/wp\/v2\/media\/182195"}],"wp:attachment":[{"href":"https:\/\/www.enerjigazetesi.ist\/en\/wp-json\/wp\/v2\/media?parent=182192"}],"wp:term":[{"taxonomy":"category","embeddable":true,"href":"https:\/\/www.enerjigazetesi.ist\/en\/wp-json\/wp\/v2\/categories?post=182192"},{"taxonomy":"post_tag","embeddable":true,"href":"https:\/\/www.enerjigazetesi.ist\/en\/wp-json\/wp\/v2\/tags?post=182192"}],"curies":[{"name":"wp","href":"https:\/\/api.w.org\/{rel}","templated":true}]}}