{"id":182180,"date":"2023-12-13T15:04:49","date_gmt":"2023-12-13T12:04:49","guid":{"rendered":"https:\/\/www.enerjigazetesi.ist\/?p=182180"},"modified":"2023-12-13T15:09:48","modified_gmt":"2023-12-13T12:09:48","slug":"dicle-elektrik-ten-ekosisteme-surdurulebilir-aydinlatma-cozumu","status":"publish","type":"post","link":"https:\/\/www.enerjigazetesi.ist\/en\/dicle-elektrik-ten-ekosisteme-surdurulebilir-aydinlatma-cozumu\/","title":{"rendered":"(Turkish) &#8217;Dicle Elektrik&#8217;ten Ekosisteme S\u00fcrd\u00fcr\u00fclebilir Ayd\u0131nlatma \u00c7\u00f6z\u00fcm\u00fc"},"content":{"rendered":"<p class=\"qtranxs-available-languages-message qtranxs-available-languages-message-en\">Sorry, this entry is only available in <a href=\"https:\/\/www.enerjigazetesi.ist\/tr\/wp-json\/wp\/v2\/posts\/182180\" class=\"qtranxs-available-language-link qtranxs-available-language-link-tr\" title=\"Turkish\">Turkish<\/a>. For the sake of viewer convenience, the content is shown below in the alternative language. You may click the link to switch the active language.<\/p><p><\/p>\n<h2><strong>Sokak ve cadde ayd\u0131nlatmalar\u0131nda \u00f6nc\u00fc bir yenili\u011fe imza atan Dicle Elektrik, EPDK Ar-Ge Komisyonu taraf\u0131ndan onaylanan \u201cMakaral\u0131 Ayd\u0131nlatma Dire\u011fi\u201d projesini titiz bir \u00e7al\u0131\u015fman\u0131n ard\u0131ndan ba\u015far\u0131yla hayata ge\u00e7irdi. Tasarruf sa\u011flayan proje hakk\u0131nda konu\u015fan Dicle Elektrik Genel M\u00fcd\u00fcr\u00fc Ya\u015far Arvas,<\/strong> <strong>ayd\u0131nlatma direklerinin yayg\u0131nla\u015fmas\u0131yla elektrik sekt\u00f6r\u00fcnde s\u0131k\u00e7a kullan\u0131lan sepetli kamyonetlerin kullan\u0131m\u0131n\u0131n azalaca\u011f\u0131n\u0131, b\u00f6ylece her 100 kilometrede y\u00fczde 30\u2019a varan bir karbon ayak izi azalmas\u0131 sa\u011flanabilece\u011fini ifade etti.<\/strong><\/h2>\n<p style=\"text-align: center;\"><img loading=\"lazy\" class=\"aligncenter wp-image-182183\" src=\"https:\/\/www.enerjigazetesi.ist\/wp-content\/uploads\/2023\/12\/dicle-elektrik-ten-ekosisteme-surdurulebilir-aydinlatma-cozumu-1.jpg\" alt=\"\" width=\"500\" height=\"331\" srcset=\"https:\/\/www.enerjigazetesi.ist\/wp-content\/uploads\/2023\/12\/dicle-elektrik-ten-ekosisteme-surdurulebilir-aydinlatma-cozumu-1.jpg 550w, https:\/\/www.enerjigazetesi.ist\/wp-content\/uploads\/2023\/12\/dicle-elektrik-ten-ekosisteme-surdurulebilir-aydinlatma-cozumu-1-300x199.jpg 300w, https:\/\/www.enerjigazetesi.ist\/wp-content\/uploads\/2023\/12\/dicle-elektrik-ten-ekosisteme-surdurulebilir-aydinlatma-cozumu-1-500x331.jpg 500w, https:\/\/www.enerjigazetesi.ist\/wp-content\/uploads\/2023\/12\/dicle-elektrik-ten-ekosisteme-surdurulebilir-aydinlatma-cozumu-1-76x50.jpg 76w\" sizes=\"(max-width: 500px) 100vw, 500px\" \/><\/p>\n<p>Hizmet b\u00f6lgesinde bulunan 6 ilde \u00e7evre odakl\u0131 s\u00fcrd\u00fcr\u00fclebilir \u00e7al\u0131\u015fmalara imza atan Dicle Elektrik, devrim niteli\u011finde kabul edilebilecek bir projesini daha tamamlad\u0131. Dicle Elektrik Ar-Ge Merkezi m\u00fchendislerinin fikrinden do\u011fan ve 18 ayl\u0131k titiz bir \u00e7al\u0131\u015fman\u0131n ard\u0131ndan hayata ge\u00e7irilen \u00e7evre ve \u00e7al\u0131\u015fan dostu \u201cMakaral\u0131 Ayd\u0131nlatma Dire\u011fi\u201d projesi ba\u015far\u0131yla tamamland\u0131.<\/p>\n<h3><strong>Hem i\u015f g\u00fcvenli\u011fine hem de \u00e7evre korumas\u0131na katk\u0131<\/strong><\/h3>\n<p>Makaral\u0131 Ayd\u0131nlatma Dire\u011fi projesinin, hem teknik hem de tasar\u0131m a\u00e7\u0131s\u0131ndan ayd\u0131nlatma sistemlerini iyile\u015ftirmek amac\u0131 ta\u015f\u0131d\u0131\u011f\u0131n\u0131 belirten <strong>Dicle Elektrik Ar-Ge\u00a0Direkt\u00f6r\u00fc Dr. Mustafa \u00c7elikpen\u00e7e<\/strong>, projenin detaylar\u0131 hakk\u0131nda a\u00e7\u0131klamalarda bulundu. Dr. \u00c7elikpen\u00e7e,<em> \u201cProjemizle birlikte i\u015f kazalar\u0131n\u0131 azaltmak, zaman ve maliyet optimizasyonu sa\u011flamak, personel i\u015f y\u00fck\u00fcn\u00fc hafifletmek ve ayd\u0131nlatma sistemlerindeki sorunlar\u0131 h\u0131zl\u0131ca \u00e7\u00f6zerek kullan\u0131c\u0131 memnuniyetini art\u0131rmak hedefleniyor. Yeni ayd\u0131nlatma direklerimizden Diyarbak\u0131r Genel M\u00fcd\u00fcrl\u00fck binam\u0131z \u00f6n\u00fcnde iki adet prototipi de sergiliyoruz. Bu yeni tasar\u0131m direkler, mevcut direklerin \u00fczerine eklenen yeni bir konsol ile birlikte hareketli armat\u00fcr mekanizmalar\u0131yla donat\u0131ld\u0131. Ayd\u0131nlatman\u0131n yan\u0131 s\u0131ra kamera, GSM, hoparl\u00f6r gibi ekipmanlarla da entegre edilebilecek esneklikte tasarlanan direkler; h\u0131rs\u0131zl\u0131k benzeri olaylara maruz kalarak zarar g\u00f6rmesini engellemek i\u00e7in <strong>vandal kilit sistemi<\/strong> ile koruma alt\u0131na al\u0131nd\u0131\u201d<\/em> diye konu\u015ftu.<\/p>\n<h3><strong>\u00a0\u201cKarbon ayak izi y\u00fczde 30\u2019a varan oranda azalacak\u201d<\/strong><\/h3>\n<p>EPDK Ar-Ge Komisyonu taraf\u0131ndan onaylanan proje hakk\u0131nda a\u00e7\u0131klamalarda bulunan <strong>Dicle Elektrik Genel M\u00fcd\u00fcr\u00fc Ya\u015far Arvas,<\/strong> projenin yayg\u0131nla\u015fmas\u0131 ile elektrik sekt\u00f6r\u00fcnde s\u0131k\u00e7a kullan\u0131lan sepetli kamyonetlerin kullan\u0131m\u0131n\u0131n azalaca\u011f\u0131n\u0131, b\u00f6ylece her 100 kilometrede y\u00fczde 30\u2019a varan bir karbon ayak izi azalmas\u0131 beklendi\u011fini ifade etti. Arvas, Dicle Elektrik olarak elektrik da\u011f\u0131t\u0131m sekt\u00f6r\u00fcnde s\u00fcrd\u00fcr\u00fclebilir ve yenilik\u00e7i \u00e7\u00f6z\u00fcmlerle kamuoyunun huzuruna \u00e7\u0131kmaktan mutluluk duyduklar\u0131n\u0131 belirterek, <em>\u201cAr-Ge \u00e7al\u0131\u015fmalar\u0131na b\u00fcy\u00fck \u00f6nem veriyoruz. Bilim Sanayi ve Teknoloji Bakanl\u0131\u011f\u0131\u2019ndan Ar-Ge Merkezi a\u00e7ma izni alan ilk elektrik da\u011f\u0131t\u0131m \u015firketi olduk. Patent portf\u00f6y\u00fcm\u00fcz\u00fc geni\u015fletiyor olmaktan memnuniyet duymakla birlikte bu projenin \u00e7al\u0131\u015fan g\u00fcvenli\u011fine y\u00f6nelik olmas\u0131 ayr\u0131ca gurur verici. Bu kritik a\u015faman\u0131n ard\u0131ndan patent s\u00fcre\u00e7lerine de ba\u015flad\u0131k. Projenin t\u00fcm s\u00fcre\u00e7lerinde eme\u011fi ge\u00e7en Dicle Ar-Ge Merkezi \u00e7al\u0131\u015fma arkada\u015flar\u0131m\u0131z\u0131 tebrik ediyorum.\u201d<\/em> diye konu\u015ftu.<\/p>\n<p>\u201cMakaral\u0131 Ayd\u0131nlatma Dire\u011fi\u201d projesinin videosunu: <a href=\"https:\/\/www.youtube.com\/shorts\/fd0MXYwJLcc\" target=\"_blank\" rel=\"noopener\">https:\/\/www.youtube.com\/shorts\/fd0MXYwJLcc<\/a> linkinden izleyebilirsiniz.<\/p>","protected":false},"excerpt":{"rendered":"<p>Sorry, this entry is only available in Turkish. For the sake of viewer convenience, the content is shown below in the alternative language. You may click the link to switch the active language. Sokak ve cadde ayd\u0131nlatmalar\u0131nda \u00f6nc\u00fc bir yenili\u011fe imza atan Dicle Elektrik, EPDK Ar-Ge Komisyonu taraf\u0131ndan onaylanan \u201cMakaral\u0131 Ayd\u0131nlatma Dire\u011fi\u201d projesini titiz bir [&hellip;]<\/p>\n","protected":false},"author":1,"featured_media":182182,"comment_status":"open","ping_status":"open","sticky":false,"template":"","format":"standard","meta":[],"categories":[51,53],"tags":[111624,12240,4546,111622,111623,111621],"views":23,"_links":{"self":[{"href":"https:\/\/www.enerjigazetesi.ist\/en\/wp-json\/wp\/v2\/posts\/182180"}],"collection":[{"href":"https:\/\/www.enerjigazetesi.ist\/en\/wp-json\/wp\/v2\/posts"}],"about":[{"href":"https:\/\/www.enerjigazetesi.ist\/en\/wp-json\/wp\/v2\/types\/post"}],"author":[{"embeddable":true,"href":"https:\/\/www.enerjigazetesi.ist\/en\/wp-json\/wp\/v2\/users\/1"}],"replies":[{"embeddable":true,"href":"https:\/\/www.enerjigazetesi.ist\/en\/wp-json\/wp\/v2\/comments?post=182180"}],"version-history":[{"count":0,"href":"https:\/\/www.enerjigazetesi.ist\/en\/wp-json\/wp\/v2\/posts\/182180\/revisions"}],"wp:featuredmedia":[{"embeddable":true,"href":"https:\/\/www.enerjigazetesi.ist\/en\/wp-json\/wp\/v2\/media\/182182"}],"wp:attachment":[{"href":"https:\/\/www.enerjigazetesi.ist\/en\/wp-json\/wp\/v2\/media?parent=182180"}],"wp:term":[{"taxonomy":"category","embeddable":true,"href":"https:\/\/www.enerjigazetesi.ist\/en\/wp-json\/wp\/v2\/categories?post=182180"},{"taxonomy":"post_tag","embeddable":true,"href":"https:\/\/www.enerjigazetesi.ist\/en\/wp-json\/wp\/v2\/tags?post=182180"}],"curies":[{"name":"wp","href":"https:\/\/api.w.org\/{rel}","templated":true}]}}