{"id":182151,"date":"2023-12-12T16:32:20","date_gmt":"2023-12-12T13:32:20","guid":{"rendered":"https:\/\/www.enerjigazetesi.ist\/?p=182151"},"modified":"2023-12-12T16:32:52","modified_gmt":"2023-12-12T13:32:52","slug":"iga-istanbul-havalimani-bir-ilke-daha-imza-atti","status":"publish","type":"post","link":"https:\/\/www.enerjigazetesi.ist\/en\/iga-istanbul-havalimani-bir-ilke-daha-imza-atti\/","title":{"rendered":"(Turkish) &#8217;\u0130GA \u0130stanbul Havaliman\u0131&#8217; Bir \u0130lke Daha \u0130mza Att\u0131"},"content":{"rendered":"<p class=\"qtranxs-available-languages-message qtranxs-available-languages-message-en\">Sorry, this entry is only available in <a href=\"https:\/\/www.enerjigazetesi.ist\/tr\/wp-json\/wp\/v2\/posts\/182151\" class=\"qtranxs-available-language-link qtranxs-available-language-link-tr\" title=\"Turkish\">Turkish<\/a>. For the sake of viewer convenience, the content is shown below in the alternative language. You may click the link to switch the active language.<\/p><p><\/p>\n<h2><strong>\u0130GA \u0130stanbul Havaliman\u0131, iklim krizi ile m\u00fccadelede 2050 Net S\u0131f\u0131r taahh\u00fcd\u00fc kapsam\u0131ndaki \u00e7al\u0131\u015fmalar\u0131yla ACI EUROPE taraf\u0131ndan havalimanlar\u0131na verilen \u201cHavaliman\u0131 Karbon Akreditasyonu\u201d sertifikas\u0131nda 4. seviyeye ula\u015ft\u0131.<\/strong><\/h2>\n<p>T\u00fcrkiye\u2019de 4.seviye sertifikas\u0131n\u0131 almay\u0131 ba\u015farm\u0131\u015f ilk havaliman\u0131 olan <strong>\u0130GA \u0130stanbul Havaliman\u0131<\/strong>, 2050 y\u0131l\u0131na kadar tamamen <strong>\u2018net s\u0131f\u0131r olma\u2019\u00a0<\/strong>hedefine bir ad\u0131m daha yakla\u015ft\u0131.<\/p>\n<p><strong>\u0130GA\u00a0\u0130stanbul Havaliman\u0131,<\/strong>\u00a0iklim krizi ile m\u00fccadelede 2050 y\u0131l\u0131 i\u00e7in <strong>\u2018Net S\u0131f\u0131r\u2019<\/strong> taahh\u00fcd\u00fc ile IPCC <img loading=\"lazy\" class=\"alignright wp-image-182154\" src=\"https:\/\/www.enerjigazetesi.ist\/wp-content\/uploads\/2023\/12\/iga-istanbul-havalimani-bir-ilke-daha-imza-atti-1.jpg\" alt=\"\" width=\"320\" height=\"214\" srcset=\"https:\/\/www.enerjigazetesi.ist\/wp-content\/uploads\/2023\/12\/iga-istanbul-havalimani-bir-ilke-daha-imza-atti-1.jpg 550w, https:\/\/www.enerjigazetesi.ist\/wp-content\/uploads\/2023\/12\/iga-istanbul-havalimani-bir-ilke-daha-imza-atti-1-300x200.jpg 300w, https:\/\/www.enerjigazetesi.ist\/wp-content\/uploads\/2023\/12\/iga-istanbul-havalimani-bir-ilke-daha-imza-atti-1-500x334.jpg 500w, https:\/\/www.enerjigazetesi.ist\/wp-content\/uploads\/2023\/12\/iga-istanbul-havalimani-bir-ilke-daha-imza-atti-1-75x50.jpg 75w, https:\/\/www.enerjigazetesi.ist\/wp-content\/uploads\/2023\/12\/iga-istanbul-havalimani-bir-ilke-daha-imza-atti-1-450x300.jpg 450w\" sizes=\"(max-width: 320px) 100vw, 320px\" \/>(H\u00fck\u00fcmetleraras\u0131 \u0130klim De\u011fi\u015fikli\u011fi Paneli) <strong>1,5\u00b0C<\/strong> hedefleriyle uyumlu<strong>\u00a0\u2018karbon ayak izi\u2019<\/strong> azalt\u0131m \u00e7al\u0131\u015fmalar\u0131na devam ediyor.<\/p>\n<p>Y\u00f6neti\u015fim mekanizmalar\u0131na da dahil edilen bu \u00e7al\u0131\u015fmalar sayesinde <strong>\u0130GA \u0130stanbul Havaliman\u0131<\/strong>, ACI EUROPE taraf\u0131ndan, iklim de\u011fi\u015fikli\u011fiyle m\u00fccadele ve karbon ayak izi azalt\u0131m\u0131 konular\u0131nda, havalimanlar\u0131nda gereken y\u00f6ntem ve standartlar\u0131n belirlendi\u011fi <em>\u201cHavaliman\u0131 Karbon Akreditasyonu\u201d<\/em> program\u0131nda, 4. seviye olan<em>\u00a0\u201cD\u00f6n\u00fc\u015f\u00fcm\u201d\u00a0<\/em>seviyesine ula\u015ft\u0131. 4. seviye; kurumun karbon y\u00f6netiminin, \u201cIPCC 1,5\u00b0C 2050 Net Zero\u201d hedefleri do\u011frultusunda k\u00fcresel iklim hedefleriyle uyumlu hale gelindi\u011fini ve operasyonlar\u0131n mutlak emisyon azalt\u0131mlar\u0131 g\u00f6z \u00f6n\u00fcnde bulundurularak y\u00f6netildi\u011fini ifade ediyor. Bu programdaki en y\u00fcksek a\u015fama ise <strong>5. seviye.<\/strong><\/p>\n<p>2019 y\u0131l\u0131ndan bu yana toplam karbon emisyonunda <strong>y\u00fczde 21<\/strong> oran\u0131nda d\u00fc\u015f\u00fc\u015f sa\u011flayan\u00a0<strong>\u0130GA \u0130stanbul Havaliman\u0131<\/strong>, ACI EUROPE sertifika program\u0131nda,<strong> Seviye 1<\/strong>\u2019den, <strong>Seviye 4<\/strong>\u2019e (D\u00f6n\u00fc\u015f\u00fcm)<strong> 2 y\u0131l<\/strong> gibi k\u0131sa bir s\u00fcrede y\u00fckseldi.<\/p>\n<p><strong>Kapsam 1*<\/strong> ve <strong>Kapsam 2**<\/strong> emisyonlar\u0131n\u0131, 2030\u2019a kadar <strong>y\u00fczde 45<\/strong> oran\u0131nda azaltma hedefiyle \u00e7evre \u00fczerindeki etkilerini <strong>s\u0131n\u0131rlama<\/strong> ve <strong>azaltma<\/strong> konusundaki kararl\u0131l\u0131\u011f\u0131n\u0131 s\u00fcrd\u00fcren\u00a0<strong>\u0130GA \u0130stanbul Havaliman\u0131<\/strong>,\u00a0<strong>k\u00fcresel havaliman\u0131 ekosisteminin<\/strong> iklim de\u011fi\u015fikli\u011fi sorununa verdi\u011fi yan\u0131t\u0131n bir par\u00e7as\u0131 olarak uluslararas\u0131 ortaklar\u0131n\u0131 ve payda\u015flar\u0131n\u0131 da <strong>emisyonlar\u0131n\u0131 azaltmaya te\u015fvik<\/strong> ediyor.<\/p>\n<h3><strong>Bilgen: \u201c\u00c7evresel S\u00fcrd\u00fcr\u00fclebilirlik Konusundaki Hedeflerimizde Kararl\u0131y\u0131z\u201d<\/strong><\/h3>\n<p>\u2018Havaliman\u0131 Karbon Akreditasyon\u2019 sertifikas\u0131nda 4. seviyeye ula\u015fman\u0131n \u0130GA \u0130stanbul Havaliman\u0131\u2019n\u0131n \u00e7evresel s\u00fcrd\u00fcr\u00fclebilirlik konusundaki kararl\u0131l\u0131\u011f\u0131n\u0131n bir g\u00f6stergesi oldu\u011funu belirten <strong>\u0130GA \u0130stanbul Havaliman\u0131 CEO Vekili Selahattin Bilgen\u00a0<\/strong>\u015fu ifadeleri kulland\u0131: <em>\u201c\u0130GA \u0130stanbul Havaliman\u0131 olarak yolcular\u0131m\u0131za g\u00fcvenli ve konforlu bir seyahat deneyimi sa\u011flamak i\u00e7in s\u00fcrekli \u00e7al\u0131\u015f\u0131yor, \u00fclkemizin ve d\u00fcnyan\u0131n s\u00fcrd\u00fcr\u00fclebilir bir gelecek in\u015fa etme \u00e7abalar\u0131na katk\u0131 sa\u011flamaya da devam ediyoruz. 2050\u2019ye kadar Net S\u0131f\u0131r karbon emisyonuna ula\u015fma hedefimizin \u0131\u015f\u0131\u011f\u0131nda, 2024\u2019\u00fcn ilk \u00e7eyre\u011finde ba\u015flatarak y\u0131l\u0131n sonunda tamamlamay\u0131 planlad\u0131\u011f\u0131m\u0131z \u0130GA GES (G\u00fcne\u015f Enerji Santrali) isimli projemiz ile kendi elektrik t\u00fcketiminin tamam\u0131n\u0131 yenilenebilir enerji kaynaklar\u0131 arac\u0131l\u0131\u011f\u0131yla \u00fcretmeye ba\u015flayan ilk havaliman\u0131 olmay\u0131 hedefliyoruz. Y\u00fcr\u00fctt\u00fc\u011f\u00fcm\u00fcz s\u0131f\u0131r at\u0131k projelerimizle de \u00fclkemizdeki \u00e7evre bilincinin geli\u015fimine destek veriyoruz.<\/em><\/p>\n<p><em>S\u00fcrd\u00fcr\u00fclebilir kalk\u0131nma hedeflerimiz \u00e7er\u00e7evesinde havac\u0131l\u0131k sekt\u00f6r\u00fcne y\u00f6n veren lider bir kurulu\u015f olmak en b\u00fcy\u00fck amac\u0131m\u0131z. \u2018Oda\u011f\u0131m\u0131z D\u00fcnya, Hedefimiz Gelecek\u2019 ilkemiz do\u011frultusunda, \u00e7a\u011f\u0131m\u0131z\u0131n en \u00f6nemli ESG (environmental, social, governance &#8211; \u00c7evresel, Sosyal, Y\u00f6neti\u015fim) riski olan, iklim de\u011fi\u015fikli\u011fiyle m\u00fccadele kapsam\u0131ndaki faaliyetlerimizin uluslararas\u0131 en \u00fcst seviyede onaylanarak takdir g\u00f6rd\u00fc\u011f\u00fcn\u00fc memnuniyetle takip ediyoruz. Yak\u0131nda bu alanda yapt\u0131\u011f\u0131m\u0131z \u00e7al\u0131\u015fmalarla en \u00fcst seviye olan Level 5\u2018e ula\u015faca\u011f\u0131z.&#8221;<\/em><\/p>\n<p><strong>Jankovec: \u201c\u0130GA \u0130stanbul Havaliman\u0131 Bir \u0130lke \u0130mza Att\u0131\u201d<\/strong><\/p>\n<p>\u0130GA \u0130stanbul Havaliman\u0131\u2019n\u0131,<em>\u00a0\u201cHavaliman\u0131 Karbon Akreditasyonu\u201d<\/em> kapsam\u0131nda bir \u00fcst seviyeye ge\u00e7mesi nedeniyle tebrik eden <strong>ACI EUROPE Genel Direkt\u00f6r\u00fc Olivier Jankovec<\/strong>,\u00a0Paris \u0130klim Anla\u015fmas\u0131\u2019n\u0131n hedefleriyle tamamen uyumlu bir CO<sub>2<\/sub> (karbon) azalt\u0131m yolu izleyen \u0130GA \u0130stanbul Havaliman\u0131\u2019n\u0131n T\u00fcrkiye\u2019de bu ba\u015far\u0131y\u0131 elde eden ilk havaliman\u0131 oldu\u011funun alt\u0131n\u0131 \u00e7izdi ve bunun, Kapsam 1* ve 2** emisyonlar\u0131nda y\u0131ll\u0131k mutlak CO2 (karbon) azalt\u0131mlar\u0131n\u0131n yan\u0131 s\u0131ra Kapsam 3*** azalt\u0131mlar\u0131n\u0131 takip etmek i\u00e7in operasyonel ortaklarla yak\u0131n etkile\u015fimi i\u00e7erdi\u011fini belirtti.<\/p>\n<p><strong>Jankovec<\/strong>\u00a0\u015f\u00f6yle devam etti: <em>\u201c\u0130GA \u0130stanbul Havaliman\u0131 ilk olarak sadece 2 y\u0131l \u00f6nce \u2018Havaliman\u0131 Karbon Akreditasyonu\u2019 kapsam\u0131nda sertifikaland\u0131r\u0131ld\u0131 ve ilk sertifikasyon seviyelerinden Seviye 4\u2019e y\u00fckselme konusundaki ilerlemeleri etkileyici oldu. T\u00fcm \u0130GA \u0130stanbul Havaliman\u0131 ekibini, 2050 y\u0131l\u0131na kadar net s\u0131f\u0131r karbon emisyonuna ula\u015fma yolunda g\u00f6sterdikleri \u00e7abalar\u0131 i\u00e7in takdir ediyorum.&#8221;<\/em><\/p>\n<p>Karbon emisyonlar\u0131n\u0131, geni\u015f kapsaml\u0131 s\u00fcrd\u00fcr\u00fclebilirlik plan\u0131n\u0131n en \u00f6nemli konular\u0131ndan biri olarak sahiplenen <strong>\u0130GA \u0130stanbul Havaliman\u0131<\/strong>\u2019n\u0131n \u201c<em>2021\/22 S\u00fcrd\u00fcr\u00fclebilirlik Raporu\u201d<\/em>na ula\u015fmak i\u00e7in <strong><a href=\"https:\/\/www.istairport.com\/media\/gjzo042n\/2021-22-surdurulebilirlik-raporu.pdf\" target=\"_blank\" rel=\"noopener\">T\u0131klay\u0131n&gt;&gt;<\/a><\/strong><\/p>","protected":false},"excerpt":{"rendered":"<p>Sorry, this entry is only available in Turkish. For the sake of viewer convenience, the content is shown below in the alternative language. You may click the link to switch the active language. \u0130GA \u0130stanbul Havaliman\u0131, iklim krizi ile m\u00fccadelede 2050 Net S\u0131f\u0131r taahh\u00fcd\u00fc kapsam\u0131ndaki \u00e7al\u0131\u015fmalar\u0131yla ACI EUROPE taraf\u0131ndan havalimanlar\u0131na verilen \u201cHavaliman\u0131 Karbon Akreditasyonu\u201d sertifikas\u0131nda [&hellip;]<\/p>\n","protected":false},"author":1,"featured_media":182153,"comment_status":"open","ping_status":"open","sticky":false,"template":"","format":"standard","meta":[],"categories":[53,52],"tags":[10929,111609,111608,33927,872],"views":34,"_links":{"self":[{"href":"https:\/\/www.enerjigazetesi.ist\/en\/wp-json\/wp\/v2\/posts\/182151"}],"collection":[{"href":"https:\/\/www.enerjigazetesi.ist\/en\/wp-json\/wp\/v2\/posts"}],"about":[{"href":"https:\/\/www.enerjigazetesi.ist\/en\/wp-json\/wp\/v2\/types\/post"}],"author":[{"embeddable":true,"href":"https:\/\/www.enerjigazetesi.ist\/en\/wp-json\/wp\/v2\/users\/1"}],"replies":[{"embeddable":true,"href":"https:\/\/www.enerjigazetesi.ist\/en\/wp-json\/wp\/v2\/comments?post=182151"}],"version-history":[{"count":0,"href":"https:\/\/www.enerjigazetesi.ist\/en\/wp-json\/wp\/v2\/posts\/182151\/revisions"}],"wp:featuredmedia":[{"embeddable":true,"href":"https:\/\/www.enerjigazetesi.ist\/en\/wp-json\/wp\/v2\/media\/182153"}],"wp:attachment":[{"href":"https:\/\/www.enerjigazetesi.ist\/en\/wp-json\/wp\/v2\/media?parent=182151"}],"wp:term":[{"taxonomy":"category","embeddable":true,"href":"https:\/\/www.enerjigazetesi.ist\/en\/wp-json\/wp\/v2\/categories?post=182151"},{"taxonomy":"post_tag","embeddable":true,"href":"https:\/\/www.enerjigazetesi.ist\/en\/wp-json\/wp\/v2\/tags?post=182151"}],"curies":[{"name":"wp","href":"https:\/\/api.w.org\/{rel}","templated":true}]}}