{"id":182090,"date":"2023-12-11T15:33:57","date_gmt":"2023-12-11T12:33:57","guid":{"rendered":"https:\/\/www.enerjigazetesi.ist\/?p=182090"},"modified":"2023-12-11T15:34:48","modified_gmt":"2023-12-11T12:34:48","slug":"oedas-tan-ikinci-yuzyila-hatira-ormani-mirasi","status":"publish","type":"post","link":"https:\/\/www.enerjigazetesi.ist\/en\/oedas-tan-ikinci-yuzyila-hatira-ormani-mirasi\/","title":{"rendered":"(Turkish) &#8217;OEDA\u015e\u2019tan \u0130kinci Y\u00fczy\u0131la &#8216;Hat\u0131ra Orman\u0131&#8217; Miras\u0131"},"content":{"rendered":"<p class=\"qtranxs-available-languages-message qtranxs-available-languages-message-en\">Sorry, this entry is only available in <a href=\"https:\/\/www.enerjigazetesi.ist\/tr\/wp-json\/wp\/v2\/posts\/182090\" class=\"qtranxs-available-language-link qtranxs-available-language-link-tr\" title=\"Turkish\">Turkish<\/a>. For the sake of viewer convenience, the content is shown below in the alternative language. You may click the link to switch the active language.<\/p><p><\/p>\n<h2><strong>Elektrik da\u011f\u0131t\u0131m \u015firketi OEDA\u015e, hizmet verdi\u011fi iller aras\u0131nda yer alan Bilecik\u2019te hat\u0131ra orman\u0131 olu\u015fturdu. B\u00f6lgede hizmet vermeye ba\u015flad\u0131klar\u0131 2017 y\u0131l\u0131ndan bu yana yakla\u015f\u0131k 3 bin 500 fidan dikimi ger\u00e7ekle\u015ftirdiklerini s\u00f6yleyen OEDA\u015e Direkt\u00f6r\u00fc Muzaffer Yal\u00e7\u0131n, \u201cOEDA\u015e Hat\u0131ra Orman\u0131\u2019n\u0131 Cumhuriyetimizin 100\u2019\u00fcnc\u00fc y\u0131l\u0131nda kurmak bizim i\u00e7in \u00f6zel bir anlam ta\u015f\u0131yor. \u00c7\u00fcnk\u00fc ikinci y\u00fczy\u0131la b\u0131rakabilece\u011fimiz en de\u011ferli miraslardan biri, gelece\u011fe nefes olan ormanlar\u0131m\u0131zd\u0131r.\u201d dedi.<\/strong><\/h2>\n<p style=\"text-align: center;\"><img loading=\"lazy\" class=\"aligncenter wp-image-182093\" src=\"https:\/\/www.enerjigazetesi.ist\/wp-content\/uploads\/2023\/12\/oedas-tan-ikinci-yuzyila-hatira-ormani-mirasi-1.jpg\" alt=\"\" width=\"500\" height=\"375\" srcset=\"https:\/\/www.enerjigazetesi.ist\/wp-content\/uploads\/2023\/12\/oedas-tan-ikinci-yuzyila-hatira-ormani-mirasi-1.jpg 550w, https:\/\/www.enerjigazetesi.ist\/wp-content\/uploads\/2023\/12\/oedas-tan-ikinci-yuzyila-hatira-ormani-mirasi-1-300x225.jpg 300w, https:\/\/www.enerjigazetesi.ist\/wp-content\/uploads\/2023\/12\/oedas-tan-ikinci-yuzyila-hatira-ormani-mirasi-1-500x375.jpg 500w, https:\/\/www.enerjigazetesi.ist\/wp-content\/uploads\/2023\/12\/oedas-tan-ikinci-yuzyila-hatira-ormani-mirasi-1-67x50.jpg 67w\" sizes=\"(max-width: 500px) 100vw, 500px\" \/><\/p>\n<p>Afyonkarahisar, Bilecik, Eski\u015fehir, K\u00fctahya ve U\u015fak\u2019ta elektrik da\u011f\u0131t\u0131m hizmeti sa\u011flayan <strong>Osmangazi Elektrik Da\u011f\u0131t\u0131m A\u015e (OEDA\u015e)<\/strong>, a\u011fa\u00e7land\u0131rma \u00e7al\u0131\u015fmalar\u0131 yaparak hem iklim de\u011fi\u015fikli\u011finin etkilerini azaltmaya hem de gelecek nesillere ya\u015fanabilir bir d\u00fcnya b\u0131rakmaya katk\u0131 sa\u011fl\u0131yor. B\u00f6lgede hizmet vermeye ba\u015flad\u0131\u011f\u0131 2017 y\u0131l\u0131ndan bu yana yakla\u015f\u0131k 3 bin 500 fidan diken OEDA\u015e bu kez de <strong>Bilecik\u2019te hat\u0131ra orman\u0131<\/strong> olu\u015fturdu.<\/p>\n<p>Bilecik Dere\u015femsettin K\u00f6y\u00fc Uluyol mevkiindeki OEDA\u015e <strong>Hat\u0131ra Orman\u0131<\/strong>\u2019n\u0131n ilk fidanlar\u0131n\u0131 \u0130l M\u00fcd\u00fcr\u00fc Hac\u0131 Kadir Aykut ve farkl\u0131 departmanlardan <strong>11 OEDA\u015e \u00e7al\u0131\u015fan\u0131<\/strong> dikti. \u0130lk etapta 150 \u00e7am fidan\u0131n\u0131 toprakla bulu\u015fturduklar\u0131n\u0131 s\u00f6yleyen Aykut, hat\u0131ra orman\u0131n\u0131 \u00f6n\u00fcm\u00fczdeki d\u00f6nemde geni\u015fletmeye devam edeceklerini belirtti.<\/p>\n<h3><strong>Muzaffer Yal\u00e7\u0131n: \u201cHem Fidan Dikiyor Hem de Onlarca A\u011fac\u0131n Kesilmesini \u00d6nl\u00fcyoruz\u201d<\/strong><\/h3>\n<p>S\u00fcrd\u00fcr\u00fclebilir bir d\u00fcnyaya katk\u0131 sa\u011flamak \u00fczere yapt\u0131klar\u0131 \u00e7al\u0131\u015fmalar\u0131 \u015firket k\u00fclt\u00fcrlerinin bir par\u00e7as\u0131 haline getirdiklerini ifade eden <strong>OEDA\u015e Direkt\u00f6r\u00fc Muzaffer Yal\u00e7\u0131n<\/strong>, <em>\u201cBu yakla\u015f\u0131m do\u011frultusunda yapt\u0131\u011f\u0131m\u0131z t\u00fcm \u00e7al\u0131\u015fmalarda \u00e7evresel etkileri g\u00f6zetirken ayn\u0131 zamanda kendi b\u00f6lgemizden ba\u015flayarak \u00fclkemize ve d\u00fcnyaya katk\u0131 sa\u011flamay\u0131 ama\u00e7l\u0131yoruz. Bu zamana kadar gerek kendi etkinliklerimizde gerekse Milli A\u011fa\u00e7land\u0131rma gibi \u00f6zel g\u00fcnlerde binlerce fidan diktik. \u015eimdi ise <strong>OEDA\u015e Hat\u0131ra Orman\u0131\u2019n\u0131<\/strong> olu\u015fturman\u0131n gururunu ya\u015f\u0131yoruz. Bu orman\u0131 Cumhuriyetimizin 100\u2019\u00fcnc\u00fc y\u0131l\u0131nda kurmak bizim i\u00e7in \u00f6zel bir anlam ta\u015f\u0131yor. \u00c7\u00fcnk\u00fc ikinci y\u00fczy\u0131la b\u0131rakabilece\u011fimiz en de\u011ferli miraslardan biri, gelece\u011fe nefes olan ormanlar\u0131m\u0131zd\u0131r.\u201d<\/em> dedi.<\/p>\n<p><strong>Yal\u00e7\u0131n <\/strong>ayr\u0131ca y\u00fcr\u00fctt\u00fckleri <strong>dijitalle\u015fme projeleri<\/strong> ile <strong>ka\u011f\u0131t kullan\u0131mlar\u0131n\u0131 azaltt\u0131klar\u0131n\u0131<\/strong> ve <strong>her y\u0131l onlarca a\u011fac\u0131n kesilmesinin \u00f6n\u00fcne ge\u00e7tiklerini<\/strong> ifade etti.<\/p>","protected":false},"excerpt":{"rendered":"<p>Sorry, this entry is only available in Turkish. For the sake of viewer convenience, the content is shown below in the alternative language. You may click the link to switch the active language. Elektrik da\u011f\u0131t\u0131m \u015firketi OEDA\u015e, hizmet verdi\u011fi iller aras\u0131nda yer alan Bilecik\u2019te hat\u0131ra orman\u0131 olu\u015fturdu. B\u00f6lgede hizmet vermeye ba\u015flad\u0131klar\u0131 2017 y\u0131l\u0131ndan bu yana [&hellip;]<\/p>\n","protected":false},"author":1,"featured_media":182092,"comment_status":"open","ping_status":"open","sticky":false,"template":"","format":"standard","meta":[],"categories":[51,53],"tags":[55438,4546,9749,111583,7471],"views":28,"_links":{"self":[{"href":"https:\/\/www.enerjigazetesi.ist\/en\/wp-json\/wp\/v2\/posts\/182090"}],"collection":[{"href":"https:\/\/www.enerjigazetesi.ist\/en\/wp-json\/wp\/v2\/posts"}],"about":[{"href":"https:\/\/www.enerjigazetesi.ist\/en\/wp-json\/wp\/v2\/types\/post"}],"author":[{"embeddable":true,"href":"https:\/\/www.enerjigazetesi.ist\/en\/wp-json\/wp\/v2\/users\/1"}],"replies":[{"embeddable":true,"href":"https:\/\/www.enerjigazetesi.ist\/en\/wp-json\/wp\/v2\/comments?post=182090"}],"version-history":[{"count":0,"href":"https:\/\/www.enerjigazetesi.ist\/en\/wp-json\/wp\/v2\/posts\/182090\/revisions"}],"wp:featuredmedia":[{"embeddable":true,"href":"https:\/\/www.enerjigazetesi.ist\/en\/wp-json\/wp\/v2\/media\/182092"}],"wp:attachment":[{"href":"https:\/\/www.enerjigazetesi.ist\/en\/wp-json\/wp\/v2\/media?parent=182090"}],"wp:term":[{"taxonomy":"category","embeddable":true,"href":"https:\/\/www.enerjigazetesi.ist\/en\/wp-json\/wp\/v2\/categories?post=182090"},{"taxonomy":"post_tag","embeddable":true,"href":"https:\/\/www.enerjigazetesi.ist\/en\/wp-json\/wp\/v2\/tags?post=182090"}],"curies":[{"name":"wp","href":"https:\/\/api.w.org\/{rel}","templated":true}]}}