{"id":182036,"date":"2023-12-08T16:25:38","date_gmt":"2023-12-08T13:25:38","guid":{"rendered":"https:\/\/www.enerjigazetesi.ist\/?p=182036"},"modified":"2023-12-08T16:25:38","modified_gmt":"2023-12-08T13:25:38","slug":"sedas-duzce-cilimli-ilcesi-ndeki-aydinlatma-calismalarini-surduruyor","status":"publish","type":"post","link":"https:\/\/www.enerjigazetesi.ist\/en\/sedas-duzce-cilimli-ilcesi-ndeki-aydinlatma-calismalarini-surduruyor\/","title":{"rendered":"(Turkish) &#8217;SEDA\u015e&#8217; D\u00fczce \u00c7ilimli \u0130l\u00e7esindeki Ayd\u0131nlatma \u00c7al\u0131\u015fmalar\u0131n\u0131 S\u00fcrd\u00fcr\u00fcyor"},"content":{"rendered":"<p class=\"qtranxs-available-languages-message qtranxs-available-languages-message-en\">Sorry, this entry is only available in <a href=\"https:\/\/www.enerjigazetesi.ist\/tr\/wp-json\/wp\/v2\/posts\/182036\" class=\"qtranxs-available-language-link qtranxs-available-language-link-tr\" title=\"Turkish\">Turkish<\/a>. For the sake of viewer convenience, the content is shown below in the alternative language. You may click the link to switch the active language.<\/p><p><\/p>\n<h2><strong>SEDA\u015e, D\u00fczce \u0130li, \u00c7ilimli \u0130l\u00e7esi, \u015eerefiye Mahallesi ve Ulucami Mahallesi adreslerinde ayd\u0131nlatma \u00e7al\u0131\u015fmas\u0131 yapt\u0131. Ayd\u0131nlatma seferberli\u011fi kapsam\u0131nda yap\u0131lan \u00e7al\u0131\u015fmalarla il\u00e7e giri\u015fi \u0131\u015f\u0131ldad\u0131.<\/strong><\/h2>\n<p><img loading=\"lazy\" class=\"alignright wp-image-182039\" src=\"https:\/\/www.enerjigazetesi.ist\/wp-content\/uploads\/2023\/12\/sedas-duzce-cilimli-ilcesi-ndeki-aydinlatma-calismalarini-surduruyor-1.jpg\" alt=\"\" width=\"320\" height=\"244\" srcset=\"https:\/\/www.enerjigazetesi.ist\/wp-content\/uploads\/2023\/12\/sedas-duzce-cilimli-ilcesi-ndeki-aydinlatma-calismalarini-surduruyor-1.jpg 550w, https:\/\/www.enerjigazetesi.ist\/wp-content\/uploads\/2023\/12\/sedas-duzce-cilimli-ilcesi-ndeki-aydinlatma-calismalarini-surduruyor-1-300x229.jpg 300w, https:\/\/www.enerjigazetesi.ist\/wp-content\/uploads\/2023\/12\/sedas-duzce-cilimli-ilcesi-ndeki-aydinlatma-calismalarini-surduruyor-1-500x381.jpg 500w, https:\/\/www.enerjigazetesi.ist\/wp-content\/uploads\/2023\/12\/sedas-duzce-cilimli-ilcesi-ndeki-aydinlatma-calismalarini-surduruyor-1-66x50.jpg 66w\" sizes=\"(max-width: 320px) 100vw, 320px\" \/>20 bin kilometrekarelik alanda 2 milyonu a\u015fk\u0131n m\u00fc\u015fteriye enerji da\u011f\u0131t\u0131m hizmeti sunan Sakarya Elektrik Da\u011f\u0131t\u0131m A.\u015e. (SEDA\u015e), seferberlik ilan etti\u011fi ayd\u0131nlatma faaliyetlerini art\u0131rarak s\u00fcrd\u00fcr\u00fcyor.<\/p>\n<p>D\u00fczce \u0130li, \u00c7ilimli \u0130l\u00e7esi, \u015eerefiye Mahallesi ve Ulucami Mahallesi adreslerinde <strong>4 ara\u00e7<\/strong> ve<strong> 7 saha \u00e7al\u0131\u015fan\u0131<\/strong> ile yo\u011fun bir <strong>ayd\u0131nlatma bak\u0131m onar\u0131m \u00e7al\u0131\u015fmas\u0131<\/strong> yap\u0131ld\u0131. Bu kapsamda il\u00e7e merkezine giri\u015f yolu \u00fczerinde yer alan b\u00f6lgede; 46 adet 100 W armat\u00fcr, 46 adet 100 W ampul, 16 adet 70 W armat\u00fcr ve 16 adet 70 W ampul kullan\u0131ld\u0131.<\/p>\n<p>Ayr\u0131ca b\u00f6lgede ara\u00e7 \u00e7arpmas\u0131 vb. nedenlerden dolay\u0131 eksilen ya da hasar g\u00f6ren 10 adet ayd\u0131nlatma dire\u011fi de belediye ekiplerinin i\u015f birli\u011fi ile yeniden tesis edilerek aktif hale getirildi.<\/p>","protected":false},"excerpt":{"rendered":"<p>Sorry, this entry is only available in Turkish. For the sake of viewer convenience, the content is shown below in the alternative language. You may click the link to switch the active language. SEDA\u015e, D\u00fczce \u0130li, \u00c7ilimli \u0130l\u00e7esi, \u015eerefiye Mahallesi ve Ulucami Mahallesi adreslerinde ayd\u0131nlatma \u00e7al\u0131\u015fmas\u0131 yapt\u0131. Ayd\u0131nlatma seferberli\u011fi kapsam\u0131nda yap\u0131lan \u00e7al\u0131\u015fmalarla il\u00e7e giri\u015fi \u0131\u015f\u0131ldad\u0131. [&hellip;]<\/p>\n","protected":false},"author":1,"featured_media":182038,"comment_status":"open","ping_status":"open","sticky":false,"template":"","format":"standard","meta":[],"categories":[51,53],"tags":[111570,111569,4546,102600,2444],"views":24,"_links":{"self":[{"href":"https:\/\/www.enerjigazetesi.ist\/en\/wp-json\/wp\/v2\/posts\/182036"}],"collection":[{"href":"https:\/\/www.enerjigazetesi.ist\/en\/wp-json\/wp\/v2\/posts"}],"about":[{"href":"https:\/\/www.enerjigazetesi.ist\/en\/wp-json\/wp\/v2\/types\/post"}],"author":[{"embeddable":true,"href":"https:\/\/www.enerjigazetesi.ist\/en\/wp-json\/wp\/v2\/users\/1"}],"replies":[{"embeddable":true,"href":"https:\/\/www.enerjigazetesi.ist\/en\/wp-json\/wp\/v2\/comments?post=182036"}],"version-history":[{"count":0,"href":"https:\/\/www.enerjigazetesi.ist\/en\/wp-json\/wp\/v2\/posts\/182036\/revisions"}],"wp:featuredmedia":[{"embeddable":true,"href":"https:\/\/www.enerjigazetesi.ist\/en\/wp-json\/wp\/v2\/media\/182038"}],"wp:attachment":[{"href":"https:\/\/www.enerjigazetesi.ist\/en\/wp-json\/wp\/v2\/media?parent=182036"}],"wp:term":[{"taxonomy":"category","embeddable":true,"href":"https:\/\/www.enerjigazetesi.ist\/en\/wp-json\/wp\/v2\/categories?post=182036"},{"taxonomy":"post_tag","embeddable":true,"href":"https:\/\/www.enerjigazetesi.ist\/en\/wp-json\/wp\/v2\/tags?post=182036"}],"curies":[{"name":"wp","href":"https:\/\/api.w.org\/{rel}","templated":true}]}}