{"id":182003,"date":"2023-12-08T14:45:59","date_gmt":"2023-12-08T11:45:59","guid":{"rendered":"https:\/\/www.enerjigazetesi.ist\/?p=182003"},"modified":"2023-12-08T14:46:47","modified_gmt":"2023-12-08T11:46:47","slug":"polat-holding-den-sifir-karbon-ayak-izi-uygulamasi","status":"publish","type":"post","link":"https:\/\/www.enerjigazetesi.ist\/en\/polat-holding-den-sifir-karbon-ayak-izi-uygulamasi\/","title":{"rendered":"(Turkish) &#8217;Polat Holding&#8217;den S\u0131f\u0131r Karbon Ayak \u0130zi Uygulamas\u0131"},"content":{"rendered":"<p class=\"qtranxs-available-languages-message qtranxs-available-languages-message-en\">Sorry, this entry is only available in <a href=\"https:\/\/www.enerjigazetesi.ist\/tr\/wp-json\/wp\/v2\/posts\/182003\" class=\"qtranxs-available-language-link qtranxs-available-language-link-tr\" title=\"Turkish\">Turkish<\/a>. For the sake of viewer convenience, the content is shown below in the alternative language. You may click the link to switch the active language.<\/p><p><\/p>\n<h2><strong>Polat b\u00fcnyesinde yer alan turizm ve enerji \u015firketlerinden Polat Turizm ve Polat Enerji, s\u00fcrd\u00fcr\u00fclebilirlik alan\u0131nda att\u0131\u011f\u0131 \u00f6nemli ad\u0131mlara bir yenisini ekliyor. S\u00fcrd\u00fcr\u00fclebilirlik odakl\u0131 ad\u0131mlar\u0131yla hem yerel hem de ulusal d\u00fczeyde \u00e7evresel bilinci art\u0131rmay\u0131 ve benzer uygulamalara \u00f6nc\u00fcl\u00fck etmeyi hedefleyen Polat Turizm ve Polat Enerji\u2019nin \u00f6rnek uygulamalar\u0131, gelecek nesillere daha ya\u015fanabilir bir \u00e7evre b\u0131rakma amac\u0131n\u0131 da g\u00fc\u00e7lendiriyor.<\/strong><\/h2>\n<p>Birle\u015fmi\u015f Milletler Genel Kurulu giri\u015fimiyle da\u011f sistemlerinin k\u00fcresel olarak ta\u015f\u0131d\u0131\u011f\u0131 \u00f6neme dikkat \u00e7ekmek ve fark\u0131ndal\u0131k yaratmak amac\u0131yla 2003 y\u0131l\u0131ndan bu yana d\u00fcnya genelinde kutlanan 11 Aral\u0131k <img loading=\"lazy\" class=\"alignright wp-image-182005\" src=\"https:\/\/www.enerjigazetesi.ist\/wp-content\/uploads\/2023\/12\/polat-holding-den-sifir-karbon-ayak-izi-uygulamasi.jpg\" alt=\"\" width=\"320\" height=\"214\" srcset=\"https:\/\/www.enerjigazetesi.ist\/wp-content\/uploads\/2023\/12\/polat-holding-den-sifir-karbon-ayak-izi-uygulamasi.jpg 550w, https:\/\/www.enerjigazetesi.ist\/wp-content\/uploads\/2023\/12\/polat-holding-den-sifir-karbon-ayak-izi-uygulamasi-300x200.jpg 300w, https:\/\/www.enerjigazetesi.ist\/wp-content\/uploads\/2023\/12\/polat-holding-den-sifir-karbon-ayak-izi-uygulamasi-500x334.jpg 500w, https:\/\/www.enerjigazetesi.ist\/wp-content\/uploads\/2023\/12\/polat-holding-den-sifir-karbon-ayak-izi-uygulamasi-75x50.jpg 75w, https:\/\/www.enerjigazetesi.ist\/wp-content\/uploads\/2023\/12\/polat-holding-den-sifir-karbon-ayak-izi-uygulamasi-450x300.jpg 450w\" sizes=\"(max-width: 320px) 100vw, 320px\" \/>Uluslararas\u0131 Da\u011f G\u00fcn\u00fc ad\u0131na k\u0131\u015f sezonu i\u00e7in elektrik t\u00fcketimi kaynakl\u0131 karbon ayak izini s\u0131f\u0131rlayacak olan Polat Paland\u00f6ken Oteli\u2019nde k\u0131\u015f sezonu boyunca <strong>Polat Enerji<\/strong>&#8216;nin <strong>yenilenebilir enerji santrallerinden<\/strong> elde edilen <strong>karbon kredilerini<\/strong> kullanacak.<\/p>\n<p>Yenilenebilir enerji yat\u0131r\u0131mlar\u0131 ile \u00e7evreci ve s\u00fcrd\u00fcr\u00fclebilir bir gelecek i\u00e7in \u00e7al\u0131\u015fan Polat Enerji <strong>11 Aral\u0131k D\u00fcnya Da\u011f G\u00fcn\u00fc<\/strong> \u00e7er\u00e7evesinde Polat Paland\u00f6ken Oteli&#8217;nin k\u0131\u015f d\u00f6nemi boyunca ger\u00e7ekle\u015fen elektrik t\u00fcketimi kaynakl\u0131 <strong>karbon ayak izini s\u0131f\u0131rlayarak, \u00e7evre dostu uygulamalara<\/strong> katk\u0131 sa\u011flamay\u0131 hedefliyor.<\/p>\n<p>\u00c7evresel sorumluluklar\u0131n\u0131n bilinciyle hayata ge\u00e7irdi\u011fi uygulamalar\u0131n yan\u0131 s\u0131ra s\u00fcrd\u00fcr\u00fclebilir turizm ve enerji y\u00f6netimi konusundaki \u00f6nc\u00fc faaliyetleriyle de dikkat \u00e7eken Polat Turizm ve Polat Enerji\u2019nin hayata ge\u00e7irece\u011fi bu uygulamalar yaln\u0131zca turizm sekt\u00f6r\u00fcnde de\u011fil, ayn\u0131 zamanda enerji sekt\u00f6r\u00fcnde de lider bir uygulama olma \u00f6zelli\u011fini ta\u015f\u0131maktad\u0131r.<\/p>\n<p>T\u00fcrkiye&#8217;nin do\u011fusunda yer alan ve k\u0131\u015f turizminin vazge\u00e7ilmez adreslerinden biri olarak \u00f6ne \u00e7\u0131kan Erzurum&#8217;un simgesi haline gelen <strong>Paland\u00f6ken Da\u011f\u0131&#8217;n\u0131n<\/strong> eteklerinde yer alan <strong>Polat Paland\u00f6ken Oteli\u2019nin<\/strong> \u00e7evreye duyarl\u0131 bir yakla\u015f\u0131m benimseyerek enerji t\u00fcketimini s\u00fcrd\u00fcr\u00fclebilir bir \u015fekilde y\u00f6netmesi, b\u00f6lgenin do\u011fal g\u00fczelliklerine zarar vermeden turizm faaliyetlerini s\u00fcrd\u00fcrme misyonunu da yans\u0131t\u0131yor.<\/p>","protected":false},"excerpt":{"rendered":"<p>Sorry, this entry is only available in Turkish. For the sake of viewer convenience, the content is shown below in the alternative language. You may click the link to switch the active language. Polat b\u00fcnyesinde yer alan turizm ve enerji \u015firketlerinden Polat Turizm ve Polat Enerji, s\u00fcrd\u00fcr\u00fclebilirlik alan\u0131nda att\u0131\u011f\u0131 \u00f6nemli ad\u0131mlara bir yenisini ekliyor. S\u00fcrd\u00fcr\u00fclebilirlik [&hellip;]<\/p>\n","protected":false},"author":1,"featured_media":182005,"comment_status":"open","ping_status":"open","sticky":false,"template":"","format":"standard","meta":[],"categories":[53,52],"tags":[78931,4487,4798,111560,111559,111561,6532],"views":51,"_links":{"self":[{"href":"https:\/\/www.enerjigazetesi.ist\/en\/wp-json\/wp\/v2\/posts\/182003"}],"collection":[{"href":"https:\/\/www.enerjigazetesi.ist\/en\/wp-json\/wp\/v2\/posts"}],"about":[{"href":"https:\/\/www.enerjigazetesi.ist\/en\/wp-json\/wp\/v2\/types\/post"}],"author":[{"embeddable":true,"href":"https:\/\/www.enerjigazetesi.ist\/en\/wp-json\/wp\/v2\/users\/1"}],"replies":[{"embeddable":true,"href":"https:\/\/www.enerjigazetesi.ist\/en\/wp-json\/wp\/v2\/comments?post=182003"}],"version-history":[{"count":0,"href":"https:\/\/www.enerjigazetesi.ist\/en\/wp-json\/wp\/v2\/posts\/182003\/revisions"}],"wp:featuredmedia":[{"embeddable":true,"href":"https:\/\/www.enerjigazetesi.ist\/en\/wp-json\/wp\/v2\/media\/182005"}],"wp:attachment":[{"href":"https:\/\/www.enerjigazetesi.ist\/en\/wp-json\/wp\/v2\/media?parent=182003"}],"wp:term":[{"taxonomy":"category","embeddable":true,"href":"https:\/\/www.enerjigazetesi.ist\/en\/wp-json\/wp\/v2\/categories?post=182003"},{"taxonomy":"post_tag","embeddable":true,"href":"https:\/\/www.enerjigazetesi.ist\/en\/wp-json\/wp\/v2\/tags?post=182003"}],"curies":[{"name":"wp","href":"https:\/\/api.w.org\/{rel}","templated":true}]}}