{"id":181937,"date":"2023-12-06T16:54:21","date_gmt":"2023-12-06T13:54:21","guid":{"rendered":"https:\/\/www.enerjigazetesi.ist\/?p=181937"},"modified":"2023-12-06T16:54:21","modified_gmt":"2023-12-06T13:54:21","slug":"serlite-aydinlatma-urunleri-atech-fuarini-aydinlatti","status":"publish","type":"post","link":"https:\/\/www.enerjigazetesi.ist\/en\/serlite-aydinlatma-urunleri-atech-fuarini-aydinlatti\/","title":{"rendered":"(Turkish) &#8217;Serlite Ayd\u0131nlatma \u00dcr\u00fcnleri&#8217; Atech Fuar\u0131\u2019n\u0131 Ayd\u0131nlatt\u0131"},"content":{"rendered":"<p class=\"qtranxs-available-languages-message qtranxs-available-languages-message-en\">Sorry, this entry is only available in <a href=\"https:\/\/www.enerjigazetesi.ist\/tr\/wp-json\/wp\/v2\/posts\/181937\" class=\"qtranxs-available-language-link qtranxs-available-language-link-tr\" title=\"Turkish\">Turkish<\/a>. For the sake of viewer convenience, the content is shown below in the alternative language. You may click the link to switch the active language.<\/p><p><\/p>\n<h2><strong>Serlite Ayd\u0131nlatma<\/strong> \u00fcr\u00fcnleri, 23-26 Kas\u0131m\u2019da \u0130FM\u2019de d\u00fczenlenen Atech Bina Teknolojileri Fuar\u0131\u2019nda ziyaret\u00e7ilerle bulu\u015ftu.<\/h2>\n<p style=\"text-align: center;\"><img loading=\"lazy\" class=\"aligncenter wp-image-181940\" src=\"https:\/\/www.enerjigazetesi.ist\/wp-content\/uploads\/2023\/12\/serlite-aydinlatma-urunleri-atech-fuarini-aydinlatti-1.jpg\" alt=\"\" width=\"500\" height=\"364\" srcset=\"https:\/\/www.enerjigazetesi.ist\/wp-content\/uploads\/2023\/12\/serlite-aydinlatma-urunleri-atech-fuarini-aydinlatti-1.jpg 550w, https:\/\/www.enerjigazetesi.ist\/wp-content\/uploads\/2023\/12\/serlite-aydinlatma-urunleri-atech-fuarini-aydinlatti-1-300x218.jpg 300w, https:\/\/www.enerjigazetesi.ist\/wp-content\/uploads\/2023\/12\/serlite-aydinlatma-urunleri-atech-fuarini-aydinlatti-1-500x364.jpg 500w, https:\/\/www.enerjigazetesi.ist\/wp-content\/uploads\/2023\/12\/serlite-aydinlatma-urunleri-atech-fuarini-aydinlatti-1-69x50.jpg 69w\" sizes=\"(max-width: 500px) 100vw, 500px\" \/><\/p>\n<p>Yenilik\u00e7i \u00e7\u00f6z\u00fcm ve fikirlerini end\u00fcstri profesyonelleri ve t\u00fcketicilerine tan\u0131tma f\u0131rsat\u0131 bulan Serlite Ayd\u0131nlatma, yerli \u00fcretim gruplar\u0131 aras\u0131nda bulunan <strong>etanj armat\u00fcrleriyle<\/strong> \u00f6ne \u00e7\u0131kt\u0131.<\/p>\n<p>End\u00fcstriyel mek\u00e2nlar\u0131 ayd\u0131nlat\u0131rken verimi estetikle birle\u015ftiren <strong>Serlite y\u00fcksek tavan armat\u00fcrleri<\/strong> de dikkat \u00e7eken di\u011fer \u00fcr\u00fcn grubu oldu.<\/p>\n<p>Ayd\u0131nlatma d\u00fcnyas\u0131n\u0131n prestijli \u00fcreticisi Serlite, Emlak Konut i\u015f birli\u011fiyle d\u00fczenlenen Atech Fuar\u0131\u2019nda, ba\u015fta <strong>TOK\u0130<\/strong> yetkileri ve teknik adamlar olmak \u00fczere <strong>end\u00fcstri liderleri<\/strong> ve<strong> tasar\u0131mc\u0131larla<\/strong> bir araya geldi.<\/p>\n<p>Serlite markas\u0131n\u0131n kurucusu ve firma sahibi <strong>Selim Y\u0131lmaz<\/strong> ev sahipli\u011finde birbirinden \u00f6nemli misafirlerin a\u011f\u0131rland\u0131\u011f\u0131 fuarda; yap\u0131lan ziyaretler ve g\u00f6r\u00fc\u015fmelerde Serlite\u2019in kalite ve tasar\u0131m anlay\u0131\u015f\u0131na \u015fahit olan sekt\u00f6r temsilcileri, bir\u00e7ok proje i\u00e7in Serlite \u00fcr\u00fcnlerini ajandalar\u0131na ekledi.<\/p>\n<p>Termin s\u00fcreleri, kalite standartlar\u0131 gibi \u00f6ne \u00e7\u0131kan ba\u015fl\u0131klarda g\u00f6ze \u00e7arpan Serlite, T\u00fcrkiye genelinde \u00fcr\u00fcn kullan\u0131m\u0131nda en \u00e7ok tercih g\u00f6ren markalar aras\u0131nda yer al\u0131yor.<\/p>\n<p>Son y\u0131llar\u0131n parlayan y\u0131ld\u0131z\u0131 <strong>ex-proof<\/strong> \u00fcr\u00fcnlerinden sonra <strong>CE Belgesi<\/strong>\u2019ni de alan Serlite bundan sonraki s\u00fcre\u00e7te h\u0131zla yoluna devam edecek.<\/p>\n<p>Fuarda olu\u015fan yo\u011fun ilginin ard\u0131ndaki en \u00f6nemli unsurlardan biri, Serlite\u2019in s\u00fcrekli evrilen teknoloji ve tasar\u0131m standartlar\u0131na uyum sa\u011flama yetene\u011fi ile \u00fcr\u00fcnlerinin y\u00fcksek kaliteli malzemeleriyle uzun \u00f6m\u00fcrl\u00fc ve estetik olmas\u0131d\u0131r. Bu \u00f6zellik ile Serlite \u00fcr\u00fcnleri<strong> enerji verimlili\u011fi<\/strong> ile <strong>s\u00fcrd\u00fcr\u00fclebilirlik<\/strong> ve <strong>maliyet tasarrufu<\/strong> sa\u011flar.<\/p>\n<p>Ofisler, ma\u011fazalar, ticari mek\u00e2nlar, fabrikalar, depolar, evler ve hastaneler gibi bir\u00e7ok mekan i\u00e7in hem fonksiyonel hem de estetik de\u011fer katan ayd\u0131nlatma \u00fcr\u00fcnleriyle fuar boyunca ilgi g\u00f6ren Serlite, \u00f6n\u00fcm\u00fczdeki d\u00f6nemde yerli \u00fcretim g\u00fcc\u00fcyle T\u00fcrkiye pazar\u0131nda h\u0131zla geni\u015fleyecek.<\/p>","protected":false},"excerpt":{"rendered":"<p>Sorry, this entry is only available in Turkish. For the sake of viewer convenience, the content is shown below in the alternative language. You may click the link to switch the active language. Serlite Ayd\u0131nlatma \u00fcr\u00fcnleri, 23-26 Kas\u0131m\u2019da \u0130FM\u2019de d\u00fczenlenen Atech Bina Teknolojileri Fuar\u0131\u2019nda ziyaret\u00e7ilerle bulu\u015ftu. Yenilik\u00e7i \u00e7\u00f6z\u00fcm ve fikirlerini end\u00fcstri profesyonelleri ve t\u00fcketicilerine tan\u0131tma [&hellip;]<\/p>\n","protected":false},"author":1,"featured_media":181939,"comment_status":"open","ping_status":"open","sticky":false,"template":"","format":"standard","meta":[],"categories":[51,53,52],"tags":[111535,4546,111536,111538,111534,111537],"views":38,"_links":{"self":[{"href":"https:\/\/www.enerjigazetesi.ist\/en\/wp-json\/wp\/v2\/posts\/181937"}],"collection":[{"href":"https:\/\/www.enerjigazetesi.ist\/en\/wp-json\/wp\/v2\/posts"}],"about":[{"href":"https:\/\/www.enerjigazetesi.ist\/en\/wp-json\/wp\/v2\/types\/post"}],"author":[{"embeddable":true,"href":"https:\/\/www.enerjigazetesi.ist\/en\/wp-json\/wp\/v2\/users\/1"}],"replies":[{"embeddable":true,"href":"https:\/\/www.enerjigazetesi.ist\/en\/wp-json\/wp\/v2\/comments?post=181937"}],"version-history":[{"count":0,"href":"https:\/\/www.enerjigazetesi.ist\/en\/wp-json\/wp\/v2\/posts\/181937\/revisions"}],"wp:featuredmedia":[{"embeddable":true,"href":"https:\/\/www.enerjigazetesi.ist\/en\/wp-json\/wp\/v2\/media\/181939"}],"wp:attachment":[{"href":"https:\/\/www.enerjigazetesi.ist\/en\/wp-json\/wp\/v2\/media?parent=181937"}],"wp:term":[{"taxonomy":"category","embeddable":true,"href":"https:\/\/www.enerjigazetesi.ist\/en\/wp-json\/wp\/v2\/categories?post=181937"},{"taxonomy":"post_tag","embeddable":true,"href":"https:\/\/www.enerjigazetesi.ist\/en\/wp-json\/wp\/v2\/tags?post=181937"}],"curies":[{"name":"wp","href":"https:\/\/api.w.org\/{rel}","templated":true}]}}