{"id":181880,"date":"2023-12-05T16:10:55","date_gmt":"2023-12-05T13:10:55","guid":{"rendered":"https:\/\/www.enerjigazetesi.ist\/?p=181880"},"modified":"2023-12-05T16:11:09","modified_gmt":"2023-12-05T13:11:09","slug":"cumhuriyetin-100-yili-10-bini-askin-gonullu-ile-calisarak-kutlandi","status":"publish","type":"post","link":"https:\/\/www.enerjigazetesi.ist\/en\/cumhuriyetin-100-yili-10-bini-askin-gonullu-ile-calisarak-kutlandi\/","title":{"rendered":"(Turkish) &#8217;Cumhuriyet\u2019in 100. Y\u0131l\u0131&#8217; 10 Bini A\u015fk\u0131n G\u00f6n\u00fcll\u00fc ile \u00c7al\u0131\u015farak Kutland\u0131"},"content":{"rendered":"<p class=\"qtranxs-available-languages-message qtranxs-available-languages-message-en\">Sorry, this entry is only available in <a href=\"https:\/\/www.enerjigazetesi.ist\/tr\/wp-json\/wp\/v2\/posts\/181880\" class=\"qtranxs-available-language-link qtranxs-available-language-link-tr\" title=\"Turkish\">Turkish<\/a>. For the sake of viewer convenience, the content is shown below in the alternative language. You may click the link to switch the active language.<\/p><p><\/p>\n<h2>Sabanc\u0131 Toplulu\u011fu, 2021 y\u0131l\u0131nda ba\u015flatt\u0131\u011f\u0131 ve k\u0131sa s\u00fcrede T\u00fcrkiye\u2019nin en geni\u015f kat\u0131l\u0131ml\u0131 sosyal sorumluluk hareketine d\u00f6n\u00fc\u015fen Sabanc\u0131 Cumhuriyet Seferberli\u011fi ile bu y\u0131l da Cumhuriyet\u2019i sahada \u00e7al\u0131\u015farak kutlad\u0131.<\/h2>\n<p style=\"text-align: center;\"><img loading=\"lazy\" class=\"aligncenter wp-image-181882\" src=\"https:\/\/www.enerjigazetesi.ist\/wp-content\/uploads\/2023\/12\/cumhuriyetin-100-yili-10-bini-askin-gonullu-ile-calisarak-kutlandi.jpg\" alt=\"\" width=\"500\" height=\"326\" srcset=\"https:\/\/www.enerjigazetesi.ist\/wp-content\/uploads\/2023\/12\/cumhuriyetin-100-yili-10-bini-askin-gonullu-ile-calisarak-kutlandi.jpg 550w, https:\/\/www.enerjigazetesi.ist\/wp-content\/uploads\/2023\/12\/cumhuriyetin-100-yili-10-bini-askin-gonullu-ile-calisarak-kutlandi-300x196.jpg 300w, https:\/\/www.enerjigazetesi.ist\/wp-content\/uploads\/2023\/12\/cumhuriyetin-100-yili-10-bini-askin-gonullu-ile-calisarak-kutlandi-500x326.jpg 500w, https:\/\/www.enerjigazetesi.ist\/wp-content\/uploads\/2023\/12\/cumhuriyetin-100-yili-10-bini-askin-gonullu-ile-calisarak-kutlandi-77x50.jpg 77w\" sizes=\"(max-width: 500px) 100vw, 500px\" \/><\/p>\n<p>2023 y\u0131l\u0131nda, e\u011fitim ve kalk\u0131nma olmak \u00fczere iki ana odak alanda d\u00fczenlenen ve T\u00fcrkiye\u2019nin d\u00f6rt bir yan\u0131na yay\u0131lan etkinliklere 10 binin \u00fczerinde Sabanc\u0131 G\u00f6n\u00fcll\u00fcs\u00fc kat\u0131ld\u0131. Sabanc\u0131 G\u00f6n\u00fcll\u00fcleri, 153 bin saatlerini etkinliklere ay\u0131r\u0131rken, hayata ge\u00e7irilen s\u00fcrd\u00fcr\u00fclebilirlik ve sosyal etki odakl\u0131 projelerin yakla\u015f\u0131k y\u00fczde 50\u2019si, deprem b\u00f6lgesinin yerel kalk\u0131nmas\u0131na destek vermek amac\u0131yla 6 \u015eubat depremlerinin ya\u015fand\u0131\u011f\u0131 illerde ger\u00e7ekle\u015ftirildi.<\/p>\n<h3><strong>B\u0130RL\u0130K VE BERABERL\u0130K BU \u00dcLKEN\u0130N EN B\u00dcY\u00dcK G\u00dcC\u00dc<\/strong><\/h3>\n<p>Y\u0131l boyunca t\u00fcm Sabanc\u0131 G\u00f6n\u00fcll\u00fclerinin, ayr\u0131 bir motivasyonla sahada oldu\u011funun alt\u0131n\u0131 \u00e7izen Sabanc\u0131 Holding CEO\u2019su Cenk Alper, \u201cCumhuriyet\u2019in bu topraklara getirdi\u011fi cesaret ve inan\u00e7la do\u011fan, Cumhuriyet ve Atat\u00fcrk de\u011ferlerini pusula kabul ederek bug\u00fcn D\u00fcnya\u2019n\u0131n Sabanc\u0131\u2019s\u0131 haline gelen bir Topluluk olarak, 100\u2019\u00fcnc\u00fc y\u0131l\u0131 hak etti\u011fi \u015fekliyle kutlamaya \u00e7al\u0131\u015ft\u0131k. Yani \u00e7ok \u00e7al\u0131\u015farak\u2026 Birbirimize ve daha da \u00f6nemlisi ihtiyac\u0131 olanlara omuz vererek, onlar\u0131n elinden tutarak\u2026 Bu s\u00fcre\u00e7te tek bir amac\u0131m\u0131z vard\u0131: Ba\u015fka bir Cumhuriyet\u2019in olmad\u0131\u011f\u0131n\u0131 bir kez daha hat\u0131rlatmak. Bu \u00fclkenin en b\u00fcy\u00fck g\u00fcc\u00fcn\u00fcn birlik ve beraberlikten ge\u00e7ti\u011fini an\u0131msamak. \u0130\u015fte bu y\u00fczden bu y\u0131lki etkinliklerimizin yar\u0131s\u0131n\u0131 deprem b\u00f6lgesinde ger\u00e7ekle\u015ftirdik. \u00c7\u00fcnk\u00fc bu b\u00f6lgede ya\u015fayan insanlar\u0131m\u0131z tam olarak iyile\u015fmeden, hi\u00e7birimiz eskisi gibi olamayaca\u011f\u0131z, olmamal\u0131y\u0131z. Bunu hissedebilmek, asl\u0131nda Cumhuriyet\u2019i ya\u015famakla da e\u015fde\u011fer\u201d \u015feklinde konu\u015ftu.<\/p>\n<h3><strong>SABANCI G\u00d6N\u00dcLL\u00dcLER\u0130, 19 YILLIK \u00c7ALI\u015eMAYI 3 YILA SI\u011eDIRDI<\/strong><\/h3>\n<p>E\u011fitim ve kalk\u0131nmay\u0131 birer Cumhuriyet de\u011feri olarak g\u00f6rd\u00fcklerinin alt\u0131n\u0131 \u00e7izen Cenk Alper, \u201cBayramlar\u0131n \u00e7al\u0131\u015farak kutlanabilece\u011fini g\u00f6sterdik. Bu y\u0131lki etkinliklerimizi iki ba\u015fl\u0131k alt\u0131nda toplad\u0131k. Hayata ge\u00e7irdi\u011fimiz 8 ana proje i\u00e7erisinde, 1.000\u2019in \u00fczerinde etkinlik yapt\u0131k. Kad\u0131nlar\u0131m\u0131z, gen\u00e7lerimiz, \u00e7ocuklar\u0131m\u0131z ba\u015fta olmak \u00fczere yakla\u015f\u0131k 7 bin ki\u015finin do\u011frudan hayat\u0131na dokunduk, g\u00f6n\u00fcll\u00fcl\u00fc\u011f\u00fcn \u00fclkemizde artmas\u0131na \u00f6nc\u00fc olduk. Son 3 y\u0131lda Sabanc\u0131 G\u00f6n\u00fcll\u00fclerimiz yakla\u015f\u0131k 170 bin saatlerini Sabanc\u0131 Cumhuriyet Seferberli\u011fi kapsam\u0131ndaki etkinliklere ay\u0131rd\u0131. Di\u011fer bir ifadeyle, 19 y\u0131ll\u0131k \u00e7al\u0131\u015fmay\u0131, g\u00f6n\u00fcllerimizin m\u00fcthi\u015f \u00f6zverisiyle 3 y\u0131la s\u0131\u011fd\u0131rd\u0131k. Bu 3 y\u0131l boyunca, \u00fclkemizin d\u00f6rt bir yan\u0131nda sahadayd\u0131k. Y\u00f6netim Kurulu \u00fcyelerimiz, Y\u00fcr\u00fctme Kurulumuzdaki y\u00f6neticilerimiz, hen\u00fcz i\u015fe yeni ba\u015flam\u0131\u015f \u00e7al\u0131\u015fanlar\u0131m\u0131z k\u0131sacas\u0131 her bir g\u00f6n\u00fcll\u00fcm\u00fcz bu s\u00fcre\u00e7te etkinliklerde yer ald\u0131. Hep birlikte fidan diktiler, teknolojiden s\u00fcrd\u00fcr\u00fclebilirli\u011fe bir\u00e7ok e\u011fitim verdiler, mentorluk yapt\u0131lar, okul boyad\u0131lar, bal\u0131k\u00e7\u0131 a\u011flar\u0131n\u0131 tamir ettiler. Gen\u00e7lerimizle, kad\u0131nlar\u0131m\u0131zla, \u00fcreticiler ve giri\u015fimcilerle bir araya geldiler. Onlarla deneyimlerini payla\u015farak yol g\u00f6sterdiler. Yeri geldi; bilgisayar, kitap, masa ta\u015f\u0131d\u0131lar. Bu 3 y\u0131ll\u0131k s\u00fcre\u00e7te, eme\u011fi ge\u00e7en her bir \u00e7al\u0131\u015fma arkada\u015f\u0131ma, etkinliklerimizde bizlere g\u00fc\u00e7 veren t\u00fcm payda\u015flar\u0131m\u0131za yeniden \u00e7ok te\u015fekk\u00fcr ederim\u201d diye konu\u015ftu.<\/p>","protected":false},"excerpt":{"rendered":"<p>Sorry, this entry is only available in Turkish. For the sake of viewer convenience, the content is shown below in the alternative language. You may click the link to switch the active language. Sabanc\u0131 Toplulu\u011fu, 2021 y\u0131l\u0131nda ba\u015flatt\u0131\u011f\u0131 ve k\u0131sa s\u00fcrede T\u00fcrkiye\u2019nin en geni\u015f kat\u0131l\u0131ml\u0131 sosyal sorumluluk hareketine d\u00f6n\u00fc\u015fen Sabanc\u0131 Cumhuriyet Seferberli\u011fi ile bu y\u0131l [&hellip;]<\/p>\n","protected":false},"author":1,"featured_media":181882,"comment_status":"open","ping_status":"open","sticky":false,"template":"","format":"standard","meta":[],"categories":[53],"tags":[105834,50959,111519],"views":29,"_links":{"self":[{"href":"https:\/\/www.enerjigazetesi.ist\/en\/wp-json\/wp\/v2\/posts\/181880"}],"collection":[{"href":"https:\/\/www.enerjigazetesi.ist\/en\/wp-json\/wp\/v2\/posts"}],"about":[{"href":"https:\/\/www.enerjigazetesi.ist\/en\/wp-json\/wp\/v2\/types\/post"}],"author":[{"embeddable":true,"href":"https:\/\/www.enerjigazetesi.ist\/en\/wp-json\/wp\/v2\/users\/1"}],"replies":[{"embeddable":true,"href":"https:\/\/www.enerjigazetesi.ist\/en\/wp-json\/wp\/v2\/comments?post=181880"}],"version-history":[{"count":0,"href":"https:\/\/www.enerjigazetesi.ist\/en\/wp-json\/wp\/v2\/posts\/181880\/revisions"}],"wp:featuredmedia":[{"embeddable":true,"href":"https:\/\/www.enerjigazetesi.ist\/en\/wp-json\/wp\/v2\/media\/181882"}],"wp:attachment":[{"href":"https:\/\/www.enerjigazetesi.ist\/en\/wp-json\/wp\/v2\/media?parent=181880"}],"wp:term":[{"taxonomy":"category","embeddable":true,"href":"https:\/\/www.enerjigazetesi.ist\/en\/wp-json\/wp\/v2\/categories?post=181880"},{"taxonomy":"post_tag","embeddable":true,"href":"https:\/\/www.enerjigazetesi.ist\/en\/wp-json\/wp\/v2\/tags?post=181880"}],"curies":[{"name":"wp","href":"https:\/\/api.w.org\/{rel}","templated":true}]}}