{"id":181861,"date":"2023-12-05T15:12:47","date_gmt":"2023-12-05T12:12:47","guid":{"rendered":"https:\/\/www.enerjigazetesi.ist\/?p=181861"},"modified":"2023-12-05T15:14:36","modified_gmt":"2023-12-05T12:14:36","slug":"erdem-dijital-ve-yesil-rekabetin-kurallarini-hizlica-ogrenmeliyiz","status":"publish","type":"post","link":"https:\/\/www.enerjigazetesi.ist\/en\/erdem-dijital-ve-yesil-rekabetin-kurallarini-hizlica-ogrenmeliyiz\/","title":{"rendered":"(Turkish) Erdem: &#8220;Dijital ve Ye\u015fil Rekabetin Kurallar\u0131n\u0131 H\u0131zl\u0131ca \u00d6\u011frenmeliyiz&#8221;"},"content":{"rendered":"<p class=\"qtranxs-available-languages-message qtranxs-available-languages-message-en\">Sorry, this entry is only available in <a href=\"https:\/\/www.enerjigazetesi.ist\/tr\/wp-json\/wp\/v2\/posts\/181861\" class=\"qtranxs-available-language-link qtranxs-available-language-link-tr\" title=\"Turkish\">Turkish<\/a>. For the sake of viewer convenience, the content is shown below in the alternative language. You may click the link to switch the active language.<\/p><p><\/p>\n<h2>Sekt\u00f6rel Dernekler Federasyonu (SEDEFED) Y\u00f6netim Kurulu Ba\u015fkan\u0131 Emine Erdem, 15. Rekabet Kongresi&#8217;nde ikiz d\u00f6n\u00fc\u015f\u00fcm\u00fcn \u00f6nemine dikkat \u00e7ekti.<\/h2>\n<p style=\"text-align: center;\"><img loading=\"lazy\" class=\"aligncenter wp-image-181863\" src=\"https:\/\/www.enerjigazetesi.ist\/wp-content\/uploads\/2023\/12\/erdem-dijital-ve-yesil-rekabetin-kurallarini-hizlica-ogrenmeliyiz.jpg\" alt=\"\" width=\"500\" height=\"333\" srcset=\"https:\/\/www.enerjigazetesi.ist\/wp-content\/uploads\/2023\/12\/erdem-dijital-ve-yesil-rekabetin-kurallarini-hizlica-ogrenmeliyiz.jpg 550w, https:\/\/www.enerjigazetesi.ist\/wp-content\/uploads\/2023\/12\/erdem-dijital-ve-yesil-rekabetin-kurallarini-hizlica-ogrenmeliyiz-300x200.jpg 300w, https:\/\/www.enerjigazetesi.ist\/wp-content\/uploads\/2023\/12\/erdem-dijital-ve-yesil-rekabetin-kurallarini-hizlica-ogrenmeliyiz-500x333.jpg 500w, https:\/\/www.enerjigazetesi.ist\/wp-content\/uploads\/2023\/12\/erdem-dijital-ve-yesil-rekabetin-kurallarini-hizlica-ogrenmeliyiz-75x50.jpg 75w, https:\/\/www.enerjigazetesi.ist\/wp-content\/uploads\/2023\/12\/erdem-dijital-ve-yesil-rekabetin-kurallarini-hizlica-ogrenmeliyiz-450x300.jpg 450w\" sizes=\"(max-width: 500px) 100vw, 500px\" \/><\/p>\n<p>15. Rekabet Kongresi&#8217;ni Cumhuriyetin 100. y\u0131l\u0131nda ger\u00e7ekle\u015ftirmenin gururunu ya\u015fad\u0131klar\u0131n\u0131n alt\u0131n\u0131 \u00e7izen Erdem, <span style=\"text-decoration: underline;\">\u015funlar\u0131 dile getirdi:<\/span><\/p>\n<p><em>&#8220;Bu zirvemizde k\u0131ymetli ba\u015fkanlar\u0131m\u0131z\u0131n ve i\u015f d\u00fcnyam\u0131z\u0131n kat\u0131l\u0131m\u0131 ile \u00f6n\u00fcm\u00fczde uzanan yepyeni bir as\u0131rda sekt\u00f6rlerimizin gelece\u011fini masaya yat\u0131raca\u011f\u0131z. Cumhuriyet de\u011ferlerimizin \u00e7\u0131k\u0131\u015f noktas\u0131n\u0131 olu\u015fturan \u00e7a\u011fda\u015f uygarl\u0131klar seviyesine \u00e7\u0131kma vizyonu hi\u00e7 \u015f\u00fcphesiz bir ulusun kendi gelece\u011fini ve y\u00f6n\u00fcn\u00fc belirlemesinin yan\u0131nda rekabet kavram\u0131nda anlam katan bir \u00fclk\u00fcyd\u00fc. E\u011fitimde, sa\u011fl\u0131kta, e\u015fitlikte, adalette katetti\u011fimiz mesafelerle yeni bir y\u00fczy\u0131l\u0131n e\u015fi\u011fine ula\u015ft\u0131k.&#8221;<\/em><\/p>\n<p>Sekt\u00f6rel Dernekler Federasyonu (SEDEFED) Y\u00f6netim Kurulu Ba\u015fkan\u0131 Emine Erdem, <strong>dijital ve ye\u015fil rekabetin kurallar\u0131n\u0131n<\/strong> hep birlikte h\u0131zl\u0131ca \u00f6\u011frenmek gerekti\u011fini s\u00f6yledi.<\/p>\n<p>Erdem, <em>&#8220;Kazanman\u0131n tek yolu di\u011fer herkesten daha h\u0131zl\u0131 \u00f6\u011frenmektir. <strong>D\u00f6n\u00fc\u015f\u00fcm\u00fcn ikiz oldu\u011fu<\/strong> bir d\u00fcnyada yeni bir y\u00fczy\u0131l\u0131 rekabet ekseninde \u015fekillendirebilmemiz i\u00e7in kabul etmemiz gerek ger\u00e7ek tam da budur.&#8221;<\/em> ifadesini kulland\u0131.<\/p>\n<p style=\"text-align: center;\"><iframe loading=\"lazy\" title=\"YouTube video player\" src=\"https:\/\/www.youtube.com\/embed\/8XC_W6mIieg?si=Mk5rbXaVILSdzD48\" width=\"560\" height=\"315\" frameborder=\"0\" allowfullscreen=\"allowfullscreen\"><\/iframe><\/p>\n<p><\/p>","protected":false},"excerpt":{"rendered":"<p>Sorry, this entry is only available in Turkish. For the sake of viewer convenience, the content is shown below in the alternative language. You may click the link to switch the active language. Sekt\u00f6rel Dernekler Federasyonu (SEDEFED) Y\u00f6netim Kurulu Ba\u015fkan\u0131 Emine Erdem, 15. Rekabet Kongresi&#8217;nde ikiz d\u00f6n\u00fc\u015f\u00fcm\u00fcn \u00f6nemine dikkat \u00e7ekti. 15. Rekabet Kongresi&#8217;ni Cumhuriyetin 100. [&hellip;]<\/p>\n","protected":false},"author":1,"featured_media":181863,"comment_status":"open","ping_status":"open","sticky":false,"template":"","format":"standard","meta":[],"categories":[53],"tags":[111512,111513,60587],"views":23,"_links":{"self":[{"href":"https:\/\/www.enerjigazetesi.ist\/en\/wp-json\/wp\/v2\/posts\/181861"}],"collection":[{"href":"https:\/\/www.enerjigazetesi.ist\/en\/wp-json\/wp\/v2\/posts"}],"about":[{"href":"https:\/\/www.enerjigazetesi.ist\/en\/wp-json\/wp\/v2\/types\/post"}],"author":[{"embeddable":true,"href":"https:\/\/www.enerjigazetesi.ist\/en\/wp-json\/wp\/v2\/users\/1"}],"replies":[{"embeddable":true,"href":"https:\/\/www.enerjigazetesi.ist\/en\/wp-json\/wp\/v2\/comments?post=181861"}],"version-history":[{"count":0,"href":"https:\/\/www.enerjigazetesi.ist\/en\/wp-json\/wp\/v2\/posts\/181861\/revisions"}],"wp:featuredmedia":[{"embeddable":true,"href":"https:\/\/www.enerjigazetesi.ist\/en\/wp-json\/wp\/v2\/media\/181863"}],"wp:attachment":[{"href":"https:\/\/www.enerjigazetesi.ist\/en\/wp-json\/wp\/v2\/media?parent=181861"}],"wp:term":[{"taxonomy":"category","embeddable":true,"href":"https:\/\/www.enerjigazetesi.ist\/en\/wp-json\/wp\/v2\/categories?post=181861"},{"taxonomy":"post_tag","embeddable":true,"href":"https:\/\/www.enerjigazetesi.ist\/en\/wp-json\/wp\/v2\/tags?post=181861"}],"curies":[{"name":"wp","href":"https:\/\/api.w.org\/{rel}","templated":true}]}}