{"id":181825,"date":"2023-12-04T16:49:55","date_gmt":"2023-12-04T13:49:55","guid":{"rendered":"https:\/\/www.enerjigazetesi.ist\/?p=181825"},"modified":"2023-12-04T16:50:14","modified_gmt":"2023-12-04T13:50:14","slug":"istanbul-da-1-gunde-elektrikli-arac-sarj-istasyonu-sahibi-olun","status":"publish","type":"post","link":"https:\/\/www.enerjigazetesi.ist\/en\/istanbul-da-1-gunde-elektrikli-arac-sarj-istasyonu-sahibi-olun\/","title":{"rendered":"(Turkish) \u0130stanbul\u2019da 1 G\u00fcnde Elektrikli Ara\u00e7 \u015earj \u0130stasyonu Sahibi Olun"},"content":{"rendered":"<p class=\"qtranxs-available-languages-message qtranxs-available-languages-message-en\">Sorry, this entry is only available in <a href=\"https:\/\/www.enerjigazetesi.ist\/tr\/wp-json\/wp\/v2\/posts\/181825\" class=\"qtranxs-available-language-link qtranxs-available-language-link-tr\" title=\"Turkish\">Turkish<\/a>. For the sake of viewer convenience, the content is shown below in the alternative language. You may click the link to switch the active language.<\/p><p><\/p>\n<h2>T\u00fcrkiye\u2019de elektrikli otomobil kullan\u0131m\u0131 giderek yayg\u0131nla\u015f\u0131yor. Elektrikli ara\u00e7lara olan talep; apartmanlarda, sitelerde, m\u00fcstakil evlerde ve i\u015fyerlerinde<strong>\u00a0<\/strong>elektrikli ara\u00e7 \u015farj istasyonlar\u0131na olan talebi de h\u0131zla art\u0131rd\u0131. Ancak elektrikli ara\u00e7 kullan\u0131c\u0131lar\u0131, \u015firketlerin g\u00fcnlerce hatta haftalarca s\u00fcren \u015farj istasyonu kurulum hizmetlerinden muzdarip.<\/h2>\n<p><strong>Evjet<\/strong>, \u0130stanbul\u2019da ya\u015fayan elektrikli ara\u00e7 kullan\u0131c\u0131lar\u0131n\u0131n evlerine ve i\u015f yerlerine 1 g\u00fcnde elektrikli ara\u00e7 \u015farj istasyonu kurarak, ya\u015fanan ma\u011fduriyeti ortadan kald\u0131r\u0131yor. Ayn\u0131 zamanda elektrikli ara\u00e7 s\u00fcr\u00fcc\u00fclerine daha ucuza \u015farj imkan\u0131 sa\u011fl\u0131yor.<\/p>\n<h3><strong>H\u0131zl\u0131 ve Esnek Kurulum Yapan Tek Firma<\/strong><\/h3>\n<p>\u201c\u015earj istasyonu olmayan kalmas\u0131n!\u201d mottosuyla hizmet veren Evjet, profesyonel ekipleriyle <img loading=\"lazy\" class=\"alignright wp-image-181828\" src=\"https:\/\/www.enerjigazetesi.ist\/wp-content\/uploads\/2023\/12\/istanbul-da-1-gunde-elektrikli-arac-sarj-istasyonu-sahibi-olun-1.jpg\" alt=\"\" width=\"320\" height=\"210\" srcset=\"https:\/\/www.enerjigazetesi.ist\/wp-content\/uploads\/2023\/12\/istanbul-da-1-gunde-elektrikli-arac-sarj-istasyonu-sahibi-olun-1.jpg 550w, https:\/\/www.enerjigazetesi.ist\/wp-content\/uploads\/2023\/12\/istanbul-da-1-gunde-elektrikli-arac-sarj-istasyonu-sahibi-olun-1-300x197.jpg 300w, https:\/\/www.enerjigazetesi.ist\/wp-content\/uploads\/2023\/12\/istanbul-da-1-gunde-elektrikli-arac-sarj-istasyonu-sahibi-olun-1-500x328.jpg 500w, https:\/\/www.enerjigazetesi.ist\/wp-content\/uploads\/2023\/12\/istanbul-da-1-gunde-elektrikli-arac-sarj-istasyonu-sahibi-olun-1-76x50.jpg 76w\" sizes=\"(max-width: 320px) 100vw, 320px\" \/>m\u00fc\u015fterilerinin istedi\u011fi g\u00fcn ve saatte h\u0131zl\u0131 ve esnek kurulum yapan tek firma olma \u00f6zelli\u011fiyle sekt\u00f6rde fark yarat\u0131yor.<\/p>\n<p><strong>Evjet Genel Koordinat\u00f6r\u00fc Volkan Demir<\/strong>, <em>&#8220;Elektrikli ara\u00e7 kullan\u0131m\u0131 giderek artarken, elektrikli ara\u00e7 \u015farj istasyonlar\u0131 da \u00f6nemli bir ihtiya\u00e7 haline geldi. Evjet olarak, pazar\u0131n ihtiya\u00e7lar\u0131na; h\u0131zl\u0131, pratik ve ula\u015f\u0131labilir \u00e7\u00f6z\u00fcmler sunmak amac\u0131yla var g\u00fcc\u00fcm\u00fczle \u00e7al\u0131\u015f\u0131yoruz. Bu kapsamda \u0130stanbul\u2019da g\u00fc\u00e7l\u00fc bir organizasyon kurmay\u0131 ba\u015fard\u0131k. \u015eu anda \u0130stanbul\u2019da 1 g\u00fcnde ara\u00e7 \u015farj istasyonu kurulumu ger\u00e7ekle\u015ftirebiliyoruz. Hatta \u00e7al\u0131\u015fmalar\u0131m\u0131z\u0131, m\u00fc\u015fterilerimizin talep ettikleri g\u00fcn ve saatte ger\u00e7ekle\u015ftiriyoruz. Bu hizmeti, T\u00fcrkiye genelinde de 1 g\u00fcne indirmek i\u00e7in \u00e7al\u0131\u015fmalar\u0131m\u0131z devam ediyor.<\/em><\/p>\n<p><em>Kurulum hizmetini; alan\u0131nda uzman, gerekli mesleki e\u011fitimleri ve sertifikalar\u0131 alm\u0131\u015f ustalar\u0131m\u0131z yap\u0131yor. Sat\u0131\u015f sonras\u0131 hizmetler ve m\u00fc\u015fteri memnuniyeti birimimiz ise kullan\u0131c\u0131lar\u0131n taleplerine g\u00f6re iyile\u015ftirmeler yapmam\u0131za ve operasyon kalitemizin daha da artmas\u0131na katk\u0131 sa\u011fl\u0131yor. Bu hizmeti, T\u00fcrkiye\u2019de ilk ve tek uygulayan firma olman\u0131n hakl\u0131 gururunu ya\u015f\u0131yoruz.<\/em><\/p>\n<p><em>Elektrikli ara\u00e7 kullan\u0131c\u0131lar\u0131,\u00a0<\/em><a href=\"http:\/\/www.evjet.com\" target=\"_blank\" rel=\"noopener\"><em>www.evjet.com<\/em><\/a><em>\u00a0adresinden ya da \u2018Evjet iOS ve Anadroid mobil uygulamas\u0131\u2019n\u0131 cep telefonlar\u0131na indirerek hem \u015farj \u00fcnitesi sipari\u015fi hem de ara\u00e7 \u015farj istasyonu kurulumu i\u00e7in hizmet talebi olu\u015fturabiliyor\u201d<\/em>\u00a0 dedi.<\/p>","protected":false},"excerpt":{"rendered":"<p>Sorry, this entry is only available in Turkish. For the sake of viewer convenience, the content is shown below in the alternative language. You may click the link to switch the active language. T\u00fcrkiye\u2019de elektrikli otomobil kullan\u0131m\u0131 giderek yayg\u0131nla\u015f\u0131yor. Elektrikli ara\u00e7lara olan talep; apartmanlarda, sitelerde, m\u00fcstakil evlerde ve i\u015fyerlerinde\u00a0elektrikli ara\u00e7 \u015farj istasyonlar\u0131na olan talebi de [&hellip;]<\/p>\n","protected":false},"author":1,"featured_media":181827,"comment_status":"open","ping_status":"open","sticky":false,"template":"","format":"standard","meta":[],"categories":[51,53],"tags":[4546,76503,17750,111507,109571,83235],"views":54,"_links":{"self":[{"href":"https:\/\/www.enerjigazetesi.ist\/en\/wp-json\/wp\/v2\/posts\/181825"}],"collection":[{"href":"https:\/\/www.enerjigazetesi.ist\/en\/wp-json\/wp\/v2\/posts"}],"about":[{"href":"https:\/\/www.enerjigazetesi.ist\/en\/wp-json\/wp\/v2\/types\/post"}],"author":[{"embeddable":true,"href":"https:\/\/www.enerjigazetesi.ist\/en\/wp-json\/wp\/v2\/users\/1"}],"replies":[{"embeddable":true,"href":"https:\/\/www.enerjigazetesi.ist\/en\/wp-json\/wp\/v2\/comments?post=181825"}],"version-history":[{"count":0,"href":"https:\/\/www.enerjigazetesi.ist\/en\/wp-json\/wp\/v2\/posts\/181825\/revisions"}],"wp:featuredmedia":[{"embeddable":true,"href":"https:\/\/www.enerjigazetesi.ist\/en\/wp-json\/wp\/v2\/media\/181827"}],"wp:attachment":[{"href":"https:\/\/www.enerjigazetesi.ist\/en\/wp-json\/wp\/v2\/media?parent=181825"}],"wp:term":[{"taxonomy":"category","embeddable":true,"href":"https:\/\/www.enerjigazetesi.ist\/en\/wp-json\/wp\/v2\/categories?post=181825"},{"taxonomy":"post_tag","embeddable":true,"href":"https:\/\/www.enerjigazetesi.ist\/en\/wp-json\/wp\/v2\/tags?post=181825"}],"curies":[{"name":"wp","href":"https:\/\/api.w.org\/{rel}","templated":true}]}}