{"id":181812,"date":"2023-12-04T16:04:40","date_gmt":"2023-12-04T13:04:40","guid":{"rendered":"https:\/\/www.enerjigazetesi.ist\/?p=181812"},"modified":"2023-12-04T16:06:43","modified_gmt":"2023-12-04T13:06:43","slug":"schneider-electric-ten-cop28-de-karbonsuzlastirma-ve-kapsayicilik-cagrisi","status":"publish","type":"post","link":"https:\/\/www.enerjigazetesi.ist\/en\/schneider-electric-ten-cop28-de-karbonsuzlastirma-ve-kapsayicilik-cagrisi\/","title":{"rendered":"(Turkish) COP28&#8217;de Karbonsuzla\u015ft\u0131rma ve Kapsay\u0131c\u0131l\u0131k \u00c7a\u011fr\u0131s\u0131"},"content":{"rendered":"<p class=\"qtranxs-available-languages-message qtranxs-available-languages-message-en\">Sorry, this entry is only available in <a href=\"https:\/\/www.enerjigazetesi.ist\/tr\/wp-json\/wp\/v2\/posts\/181812\" class=\"qtranxs-available-language-link qtranxs-available-language-link-tr\" title=\"Turkish\">Turkish<\/a>. For the sake of viewer convenience, the content is shown below in the alternative language. You may click the link to switch the active language.<\/p><p><\/p>\n<h2>Enerji y\u00f6netimi ve otomasyonun dijital d\u00f6n\u00fc\u015f\u00fcm\u00fcne liderlik eden Schneider Electric, k\u00fcresel ekonominin karbonsuzla\u015ft\u0131r\u0131lmas\u0131 ve net s\u0131f\u0131r vizyonuna kapsay\u0131c\u0131 bir ge\u00e7i\u015fte rol almak \u00fczere COP28 Birle\u015fmi\u015f Milletler \u0130klim De\u011fi\u015fikli\u011fi Konferans\u0131\u2019nda yerini al\u0131yor. K\u00fcresel bir Etki \u015eirketi olan Schneider Electric, her y\u0131l oldu\u011fu \u00fczere bu y\u0131l da ev sahipli\u011fi yapt\u0131\u011f\u0131 oturumlar ve ara\u015ft\u0131rmalar\u0131 arac\u0131l\u0131\u011f\u0131yla 100\u2019\u00fc a\u015fk\u0131n \u00fclkedeki s\u00fcrd\u00fcr\u00fclebilirlik ve dijital d\u00f6n\u00fc\u015f\u00fcm deneyimini uluslararas\u0131 arenayla payla\u015f\u0131yor.<\/h2>\n<p style=\"text-align: center;\"><img loading=\"lazy\" class=\"aligncenter wp-image-181815\" src=\"https:\/\/www.enerjigazetesi.ist\/wp-content\/uploads\/2023\/12\/schneider-electric-ten-cop28-de-karbonsuzlastirma-ve-kapsayicilik-cagrisi.jpg\" alt=\"\" width=\"500\" height=\"313\" srcset=\"https:\/\/www.enerjigazetesi.ist\/wp-content\/uploads\/2023\/12\/schneider-electric-ten-cop28-de-karbonsuzlastirma-ve-kapsayicilik-cagrisi.jpg 1005w, https:\/\/www.enerjigazetesi.ist\/wp-content\/uploads\/2023\/12\/schneider-electric-ten-cop28-de-karbonsuzlastirma-ve-kapsayicilik-cagrisi-300x188.jpg 300w, https:\/\/www.enerjigazetesi.ist\/wp-content\/uploads\/2023\/12\/schneider-electric-ten-cop28-de-karbonsuzlastirma-ve-kapsayicilik-cagrisi-768x481.jpg 768w, https:\/\/www.enerjigazetesi.ist\/wp-content\/uploads\/2023\/12\/schneider-electric-ten-cop28-de-karbonsuzlastirma-ve-kapsayicilik-cagrisi-500x313.jpg 500w, https:\/\/www.enerjigazetesi.ist\/wp-content\/uploads\/2023\/12\/schneider-electric-ten-cop28-de-karbonsuzlastirma-ve-kapsayicilik-cagrisi-80x50.jpg 80w\" sizes=\"(max-width: 500px) 100vw, 500px\" \/><\/p>\n<p>Binlerce h\u00fck\u00fcmet ve \u00f6zel sekt\u00f6r lideri, iklim uzmanlar\u0131, STK&#8217;lar ve payda\u015flar, iklim eylemleri kapsam\u0131nda i\u015f birli\u011fini, fikirleri ve giri\u015fimleri te\u015fvik etmek \u00fczere Dubai&#8217;de ger\u00e7ekle\u015ftirilen COP28\u2019de bir araya geldi. Konferans\u0131n ana odak noktalar\u0131ndan birini, 2015 Paris \u0130klim De\u011fi\u015fikli\u011fi Anla\u015fmas\u0131\u2019ndan bu yana kaydedilen ilerlemenin kapsaml\u0131 bir de\u011ferlendirmesi olan ilk \u2018K\u00fcresel Durum De\u011ferlendirmesi\u2019 olu\u015fturuyor.<\/p>\n<p>COP28 kapsam\u0131nda Schneider Electric uzmanlar\u0131 da karbon emisyonlar\u0131n\u0131n yakla\u015f\u0131k %80&#8217;inin merkezinde yer alan enerjinin d\u00f6n\u00fc\u015ft\u00fcr\u00fclmesi i\u00e7in <strong>elektrifikasyon, otomasyon ve dijital teknolojilerin kullan\u0131lmayan potansiyeline<\/strong> vurgu yap\u0131yor ve bu t\u00fcr \u00e7\u00f6z\u00fcmlerin <strong>end\u00fcstrilerde, binalarda, veri merkezlerinde, altyap\u0131da ve ula\u015f\u0131mda<\/strong> kullan\u0131lmas\u0131n\u0131n sosyal ve ekonomik faydalar\u0131n\u0131 g\u00f6zler \u00f6n\u00fcne seriyor.<\/p>\n<h3><strong>K\u00fcresel S\u00fcrd\u00fcr\u00fclebilirlik \u0130\u00e7in Elektrifikasyon ve Dijitalle\u015fme ile Harekete Ge\u00e7me \u00c7a\u011fr\u0131s\u0131<\/strong><\/h3>\n<p>Schneider Electric, d\u00fcnyan\u0131n kar\u015f\u0131 kar\u015f\u0131ya oldu\u011fu temel iklim ve s\u00fcrd\u00fcr\u00fclebilirlik sorunlar\u0131n\u0131 ele almak i\u00e7in<strong> Y\u00f6netim Kurulu Ba\u015fkan\u0131 Jean-Pascal Tricoire<\/strong> ve <strong>CEO Peter Herweck<\/strong> de dahil olmak \u00fczere b\u00f6lgesel ve k\u00fcresel liderleri ile COP28&#8217;de yer al\u0131yor.<\/p>\n<p>COP28\u2019de k\u00fcresel sorunlar\u0131n \u00e7\u00f6z\u00fcm\u00fcnde ihtiya\u00e7 duyulan ara\u00e7lar\u0131n mevcut oldu\u011funu vurgulamay\u0131 hedeflediklerini belirten <strong>Schneider Electric CEO\u2019su Peter Herweck<\/strong>, <em>\u201cBug\u00fcn elimizin alt\u0131nda pek \u00e7ok teknoloji var. Bunlar\u0131 \u00e7ok daha b\u00fcy\u00fck bir h\u0131z ve \u00f6l\u00e7ekte kullanman\u0131n sosyal, \u00e7evresel, ekonomik ve istihdam yaratma a\u00e7\u0131s\u0131ndan faydalar getirdi\u011fini, emisyonlar\u0131 ve maliyetleri \u00e7ok h\u0131zl\u0131 bir \u015fekilde d\u00fc\u015f\u00fcrebilece\u011fini ve eylemsizli\u011fin bir se\u00e7enek olmad\u0131\u011f\u0131n\u0131 anlaman\u0131n zaman\u0131 geldi\u201d<\/em> dedi.<\/p>\n<p>K\u00fcresel iklim eylemlerinde enerji verimlili\u011finin \u00f6nemine \u00f6zel bir vurgu yapan<strong>\u00a0Schneider Electric Y\u00f6netim Kurulu Ba\u015fkan\u0131 Jean-Pascal Tricoire<\/strong> ise <em>\u201cD\u00fcnya n\u00fcfusu ve ekonomileri h\u0131zla b\u00fcy\u00fcmeye devam ederken, temiz ve uygun fiyatl\u0131 enerji \u00fcretimi i\u00e7in yapt\u0131\u011f\u0131m\u0131z yat\u0131r\u0131mlar kadar enerji verimlili\u011fine de yat\u0131r\u0131m yapmal\u0131y\u0131z. Nesnelerin \u0130nterneti, b\u00fcy\u00fck veri ve yapay zekan\u0131n \u015fekillendirdi\u011fi dijital d\u00f6n\u00fc\u015f\u00fcm ve d\u00fc\u015f\u00fck karbonlu elektrifikasyon bu yat\u0131r\u0131m ve \u00e7al\u0131\u015fmalar\u0131n iki kilit noktas\u0131n\u0131 olu\u015fturuyor. Bu teknolojilerin h\u0131zla benimsenmesi yenilik\u00e7i, kolektif, adil ve kapsay\u0131c\u0131 iklim eyleminin temel ta\u015f\u0131d\u0131r. Bu do\u011frultuda Etki \u015eirketleri de dahil olmak \u00fczere kurumsal d\u00fcnya, s\u00fcrd\u00fcr\u00fclebilirlik eyleminde bir payda\u015f ve kolayla\u015ft\u0131r\u0131c\u0131 olarak rol almal\u0131d\u0131r. Bu \u015firketler, d\u00fcnya genelinde s\u00fcrd\u00fcr\u00fclebilirlik \u00e7abalar\u0131n\u0131 h\u0131zland\u0131rmak, h\u00fck\u00fcmetlere, topluma, akademiye ve i\u015f d\u00fcnyas\u0131na ilham vermek ve destek sa\u011flamak i\u00e7in \u00e7aba sarf etmelidir\u201d<\/em> dedi.<\/p>\n<p>\u015eirket, COP28 Teknoloji ve \u0130novasyon Merkezi&#8217;nde yenilik\u00e7i \u00e7\u00f6z\u00fcmlerini sergiliyor. Schneider Electric uzmanlar\u0131; karbonsuzla\u015ft\u0131rma, gen\u00e7lerin g\u00fc\u00e7lendirilmesi ve tedarik zinciri kat\u0131l\u0131m\u0131 ile ilgili geli\u015fmeleri ve i\u00e7g\u00f6r\u00fcleri payla\u015fmak \u00fczere bir dizi panele kat\u0131l\u0131yor.<\/p>\n<p>Ayr\u0131ca Schneider Electric, \u015firketin \u2018Back to 2050\u2019 ara\u015ft\u0131rmas\u0131na dayanan, karbonsuzla\u015ft\u0131rmay\u0131 h\u0131zland\u0131rman\u0131n yollar\u0131 hakk\u0131nda yeni veriler yay\u0131nlad\u0131. Enerji sekt\u00f6r\u00fcnde e\u011fitim ve \u00f6\u011fretim yoluyla gen\u00e7 nesillerin ve kad\u0131nlar\u0131n g\u00fc\u00e7lendirilmesini desteklemeye y\u00f6nelik uzun s\u00fcredir devam eden misyonu do\u011frultusunda ise<strong> Schneider Electric Vakf\u0131<\/strong> \u00e7al\u0131\u015fmalar\u0131n\u0131 ve i\u015f birliklerini bu uluslararas\u0131 platformda g\u00fc\u00e7lendiriyor. \u015eirket ayn\u0131 zamanda tedarik zincirinde<strong> karbondan ar\u0131nmay\u0131 yayg\u0131nla\u015ft\u0131rmak<\/strong> \u00fczere yeni stratejik ortakl\u0131klar ve giri\u015fimler duyurmay\u0131 ve <strong>Women Action Sustainability (Kad\u0131n Eylemi S\u00fcrd\u00fcr\u00fclebilirli\u011fi \/ WAS)<\/strong> ile ortakla\u015fa geli\u015ftirilen <strong>tedarik zincirinin karbonsuzla\u015ft\u0131r\u0131lmas\u0131na<\/strong> ili\u015fkin bir rapor yay\u0131nlamay\u0131 planl\u0131yor.<\/p>","protected":false},"excerpt":{"rendered":"<p>Sorry, this entry is only available in Turkish. For the sake of viewer convenience, the content is shown below in the alternative language. You may click the link to switch the active language. Enerji y\u00f6netimi ve otomasyonun dijital d\u00f6n\u00fc\u015f\u00fcm\u00fcne liderlik eden Schneider Electric, k\u00fcresel ekonominin karbonsuzla\u015ft\u0131r\u0131lmas\u0131 ve net s\u0131f\u0131r vizyonuna kapsay\u0131c\u0131 bir ge\u00e7i\u015fte rol almak [&hellip;]<\/p>\n","protected":false},"author":1,"featured_media":181815,"comment_status":"open","ping_status":"open","sticky":false,"template":"","format":"standard","meta":[],"categories":[53,52,157],"tags":[111466,31910,154,23495,111505,38846,17945,4157,1296],"views":40,"_links":{"self":[{"href":"https:\/\/www.enerjigazetesi.ist\/en\/wp-json\/wp\/v2\/posts\/181812"}],"collection":[{"href":"https:\/\/www.enerjigazetesi.ist\/en\/wp-json\/wp\/v2\/posts"}],"about":[{"href":"https:\/\/www.enerjigazetesi.ist\/en\/wp-json\/wp\/v2\/types\/post"}],"author":[{"embeddable":true,"href":"https:\/\/www.enerjigazetesi.ist\/en\/wp-json\/wp\/v2\/users\/1"}],"replies":[{"embeddable":true,"href":"https:\/\/www.enerjigazetesi.ist\/en\/wp-json\/wp\/v2\/comments?post=181812"}],"version-history":[{"count":0,"href":"https:\/\/www.enerjigazetesi.ist\/en\/wp-json\/wp\/v2\/posts\/181812\/revisions"}],"wp:featuredmedia":[{"embeddable":true,"href":"https:\/\/www.enerjigazetesi.ist\/en\/wp-json\/wp\/v2\/media\/181815"}],"wp:attachment":[{"href":"https:\/\/www.enerjigazetesi.ist\/en\/wp-json\/wp\/v2\/media?parent=181812"}],"wp:term":[{"taxonomy":"category","embeddable":true,"href":"https:\/\/www.enerjigazetesi.ist\/en\/wp-json\/wp\/v2\/categories?post=181812"},{"taxonomy":"post_tag","embeddable":true,"href":"https:\/\/www.enerjigazetesi.ist\/en\/wp-json\/wp\/v2\/tags?post=181812"}],"curies":[{"name":"wp","href":"https:\/\/api.w.org\/{rel}","templated":true}]}}