{"id":181763,"date":"2023-12-02T12:58:09","date_gmt":"2023-12-02T09:58:09","guid":{"rendered":"https:\/\/www.enerjigazetesi.ist\/?p=181763"},"modified":"2023-12-02T13:07:02","modified_gmt":"2023-12-02T10:07:02","slug":"volvo-fh-electric-2024-uluslararasi-yilin-kamyonu-odulunu-kazandi","status":"publish","type":"post","link":"https:\/\/www.enerjigazetesi.ist\/en\/volvo-fh-electric-2024-uluslararasi-yilin-kamyonu-odulunu-kazandi\/","title":{"rendered":"(Turkish) Volvo FH Electric, &#8220;2024 Uluslararas\u0131 Y\u0131l\u0131n Kamyonu&#8221; \u00d6d\u00fcl\u00fcn\u00fc Kazand\u0131"},"content":{"rendered":"<p class=\"qtranxs-available-languages-message qtranxs-available-languages-message-en\">Sorry, this entry is only available in <a href=\"https:\/\/www.enerjigazetesi.ist\/tr\/wp-json\/wp\/v2\/posts\/181763\" class=\"qtranxs-available-language-link qtranxs-available-language-link-tr\" title=\"Turkish\">Turkish<\/a>. For the sake of viewer convenience, the content is shown below in the alternative language. You may click the link to switch the active language.<\/p><p><\/p>\n<h2><strong>Volvo Trucks\u2019\u0131n <\/strong><strong>FH Electric modeli,<\/strong><strong> Avrupa \u00e7ap\u0131nda 24 \u00f6nemli yay\u0131n\u0131 temsil eden ticari ara\u00e7 gazetecilerinden olu\u015fan j\u00fcri \u00fcyeleri taraf\u0131ndan, <\/strong><strong>2024 Uluslararas\u0131 Y\u0131l\u0131n Kamyonu (IToY)<\/strong><strong> se\u00e7ildi. Volvo Trucks, k\u00f6kleri 1977 y\u0131l\u0131na dayanan \u00f6d\u00fcllerde, seri \u00fcretim elektrikli bir kamyon ile bu \u00f6d\u00fcl\u00fc kazanan ilk \u00fcretici oldu. Sayg\u0131n \u00f6d\u00fcl, Fransa\u2019n\u0131n Lyon kentinde, ta\u015f\u0131mac\u0131l\u0131k profesyonellerine y\u00f6nelik 2 y\u0131lda bir d\u00fczenlenen Solutrans Fuar\u0131\u2019n\u0131n bas\u0131n g\u00fcn\u00fcnde <\/strong><strong>Volvo Trucks Ba\u015fkan\u0131 Roger Alm\u2019<\/strong><strong>a takdim edildi.<\/strong><\/h2>\n<p>\u0130sve\u00e7li kamyon \u00fcreticisi Volvo Trucks\u2019\u0131n a\u011f\u0131r hizmet tipi <strong>Volvo FH Electric<\/strong> modeli, kazand\u0131\u011f\u0131<strong> 84 oyla,<\/strong> karayolu ta\u015f\u0131mac\u0131l\u0131k verimlili\u011fine en \u00e7ok katk\u0131 sa\u011flayan model olarak rakiplerini ge\u00e7meyi ba\u015fard\u0131. Uluslararas\u0131 Y\u0131l\u0131n Kamyonu (IToY) kurallar\u0131na g\u00f6re \u00f6d\u00fcl, son 12 ay i\u00e7erisinde pazara sunulan kamyonlar\u0131n aras\u0131ndan karayolu y\u00fck ta\u015f\u0131mac\u0131l\u0131\u011f\u0131nda; verimlilik a\u00e7\u0131s\u0131ndan en \u00e7ok katk\u0131y\u0131 sa\u011flayan<img loading=\"lazy\" class=\"alignright wp-image-181766\" src=\"https:\/\/www.enerjigazetesi.ist\/wp-content\/uploads\/2023\/12\/volvo-fh-electric-2024-uluslararasi-yilin-kamyonu-odulunu-kazandi-1.jpg\" alt=\"\" width=\"320\" height=\"213\" srcset=\"https:\/\/www.enerjigazetesi.ist\/wp-content\/uploads\/2023\/12\/volvo-fh-electric-2024-uluslararasi-yilin-kamyonu-odulunu-kazandi-1.jpg 550w, https:\/\/www.enerjigazetesi.ist\/wp-content\/uploads\/2023\/12\/volvo-fh-electric-2024-uluslararasi-yilin-kamyonu-odulunu-kazandi-1-300x200.jpg 300w, https:\/\/www.enerjigazetesi.ist\/wp-content\/uploads\/2023\/12\/volvo-fh-electric-2024-uluslararasi-yilin-kamyonu-odulunu-kazandi-1-500x333.jpg 500w, https:\/\/www.enerjigazetesi.ist\/wp-content\/uploads\/2023\/12\/volvo-fh-electric-2024-uluslararasi-yilin-kamyonu-odulunu-kazandi-1-75x50.jpg 75w, https:\/\/www.enerjigazetesi.ist\/wp-content\/uploads\/2023\/12\/volvo-fh-electric-2024-uluslararasi-yilin-kamyonu-odulunu-kazandi-1-450x300.jpg 450w\" sizes=\"(max-width: 320px) 100vw, 320px\" \/> kamyona veriliyor. J\u00fcri \u00fcyeleri tercihlerini yaparken, <strong>teknolojik yenilik, konfor, g\u00fcvenlik, s\u00fcr\u00fc\u015f kolayl\u0131\u011f\u0131, yak\u0131t verimlili\u011fi, \u00e7evrecilik ve toplam sahip olma maliyeti (TSM)<\/strong> gibi \u00f6nemli kriterlere g\u00f6re de\u011ferlendirme yap\u0131yor.<\/p>\n<h3><strong>Uluslararas\u0131 Y\u0131l\u0131n Kamyonu \u00d6d\u00fcllerinde Bir \u0130lk<\/strong><\/h3>\n<p>K\u00f6kleri 1977 y\u0131l\u0131na dayanan Uluslararas\u0131 Y\u0131l\u0131n Kamyonu \u00f6d\u00fcl\u00fc tarihinde ilk kez, seri \u00fcretimdeki bir <strong>elektrikli kamyona<\/strong> bu unvan verildi. \u00dcstelik bu y\u0131l\u0131n IToY \u00f6d\u00fcl\u00fcnde son listede yer alan be\u015f ara\u00e7tan d\u00f6rd\u00fc, 0 egzoz emisyonuna sahip <strong>bataryal\u0131 elektrikli kamyon<\/strong> modelleriydi. AB\u2019de <strong>Bataryal\u0131 Elektrikli Ara\u00e7lar (BEV)<\/strong> i\u00e7in uygun bir ekosistem hen\u00fcz mevcut olmasa da, ta\u015f\u0131mac\u0131l\u0131k sekt\u00f6r\u00fcnde elektrikli ara\u00e7lara ge\u00e7i\u015fin ivme kazanmas\u0131yla, bu zorunlu ekosistem i\u00e7in \u00e7al\u0131\u015fmalar\u0131n artmas\u0131 bekleniyor.<\/p>\n<p>Volvo <a href=\"https:\/\/devirsaati.com\/volvo-ghentte-elektrikli-kamyonlarin-seri-uretimine-basliyor\/\" target=\"_blank\" rel=\"noopener\">FH Electric<\/a>\u2019in, IToY j\u00fcrisini en fazla etkileyen \u00f6zelli\u011fi; <strong>I-Shift \u015fanz\u0131man<\/strong> ile birle\u015ftirilen, <strong>330 kW<\/strong> veya <strong>490 kW<\/strong> s\u00fcrekli g\u00fcce sahip, <strong>iki veya \u00fc\u00e7 elektrik motorunu temel alan y\u00fcksek verimlilik<\/strong> ve <strong>elektrikli g\u00fc\u00e7 aktarma performans\u0131<\/strong> oldu. Ayr\u0131ca j\u00fcri, kesintisiz h\u0131zlanma, sessiz \u00e7al\u0131\u015fma ve titre\u015fimsiz ta\u015f\u0131ma \u00f6zelliklerini de de\u011ferlendirerek bu sonuca ula\u015ft\u0131.<\/p>\n<p>Volvo FH Electric\u2019in <strong>b\u00f6lgesel kargo ta\u015f\u0131mac\u0131l\u0131\u011f\u0131nda<\/strong> sundu\u011fu esneklik de j\u00fcrinin g\u00f6z\u00fcnden ka\u00e7mayan \u00f6zelliklerden biri oldu. \u00c7ekiciler ve kamyonlar i\u00e7in geni\u015f aks konfig\u00fcrasyonlar\u0131, d\u00f6rt farkl\u0131 kabin boyutu, ta\u015f\u0131ma g\u00f6revi gereksinimlerine g\u00f6re ikiden alt\u0131ya kadar mod\u00fcler batarya paketi yelpazesi gibi \u00f6zellikler de j\u00fcrinin se\u00e7iminde \u00f6ne \u00e7\u0131kt\u0131.<\/p>\n<p><em><strong>Uluslararas\u0131 Y\u0131l\u0131n Kamyonu J\u00fcri Ba\u015fkan\u0131 Gianenrico Griffini,<\/strong><\/em> j\u00fcrinin karar\u0131n\u0131 \u015fu s\u00f6zlerle \u00f6zetledi: <em>\u201cVolvo FH Electric\u2019in piyasaya s\u00fcr\u00fclmesiyle Volvo Trucks, \u00e7ok \u00e7e\u015fitli ta\u015f\u0131ma operasyonlar\u0131na uygun, son teknoloji \u00fcr\u00fcn\u00fc bir BEV serisi sundu. Bu, g\u00fcn\u00fcm\u00fcz\u00fcn zorlu i\u015f ortam\u0131nda bile enerji ge\u00e7i\u015finin g\u00fc\u00e7 kazand\u0131\u011f\u0131n\u0131n kan\u0131t\u0131d\u0131r.\u201d<\/em><\/p>\n<h3><strong>Volvo Electric Serisi<\/strong><\/h3>\n<p>Volvo Trucks\u2019\u0131n T\u00fcrkiye pazar\u0131nda sat\u0131\u015fa sunulan be\u015f farkl\u0131 elektrikli modeli bulunuyor;<\/p>\n<p>&#8211; Volvo FH Electric; ulusal ve uluslararas\u0131 ta\u015f\u0131mac\u0131l\u0131k i\u00e7in geli\u015ftirilen sessiz ve 0 emisyona sahip bir a\u011f\u0131r y\u00fck kamyonu olarak \u00f6ne \u00e7\u0131k\u0131yor. Volvo FH Electric, 30. ya\u015f\u0131n\u0131 kutlayan Volvo FH modelinin gelecekteki temsilcisi olarak g\u00f6r\u00fcl\u00fcyor.<\/p>\n<p>&#8211; Volvo FM Electric, i\u015flevselli\u011fi, geni\u015f g\u00f6r\u00fc\u015f a\u00e7\u0131s\u0131 ve manevra kabiliyeti ile b\u00f6lgesel ta\u015f\u0131mac\u0131l\u0131k ve \u015fehir i\u00e7i ta\u015f\u0131mac\u0131l\u0131k i\u00e7in \u00e7evreci, sessiz ve ekonomik bir \u00e7\u00f6z\u00fcm sunuyor.<\/p>\n<p>&#8211; Volvo FMX Electric, kentsel in\u015faat projeleri, maden vb. projeler i\u00e7in 0 emisyona sahip, sessiz, g\u00fc\u00e7l\u00fc ve g\u00fcvenli bir i\u015f kamyonu olarak hizmet veriyor.<\/p>\n<p>&#8211; Volvo FL\/FE Electric modelleri ise esneklik, g\u00fcvenlik ve manevra kabiliyeti gerektiren \u015fehir i\u00e7i ta\u015f\u0131mac\u0131l\u0131k ihtiya\u00e7lar\u0131na g\u00fcvenli ve \u00e7evreci \u00e7\u00f6z\u00fcmler sunuyor.<\/p>","protected":false},"excerpt":{"rendered":"<p>Sorry, this entry is only available in Turkish. For the sake of viewer convenience, the content is shown below in the alternative language. You may click the link to switch the active language. Volvo Trucks\u2019\u0131n FH Electric modeli, Avrupa \u00e7ap\u0131nda 24 \u00f6nemli yay\u0131n\u0131 temsil eden ticari ara\u00e7 gazetecilerinden olu\u015fan j\u00fcri \u00fcyeleri taraf\u0131ndan, 2024 Uluslararas\u0131 Y\u0131l\u0131n [&hellip;]<\/p>\n","protected":false},"author":1,"featured_media":181765,"comment_status":"open","ping_status":"open","sticky":false,"template":"","format":"standard","meta":[],"categories":[51,53],"tags":[111489,111492,111491,31648,111488,111490,111493,39607,111487,73700],"views":52,"_links":{"self":[{"href":"https:\/\/www.enerjigazetesi.ist\/en\/wp-json\/wp\/v2\/posts\/181763"}],"collection":[{"href":"https:\/\/www.enerjigazetesi.ist\/en\/wp-json\/wp\/v2\/posts"}],"about":[{"href":"https:\/\/www.enerjigazetesi.ist\/en\/wp-json\/wp\/v2\/types\/post"}],"author":[{"embeddable":true,"href":"https:\/\/www.enerjigazetesi.ist\/en\/wp-json\/wp\/v2\/users\/1"}],"replies":[{"embeddable":true,"href":"https:\/\/www.enerjigazetesi.ist\/en\/wp-json\/wp\/v2\/comments?post=181763"}],"version-history":[{"count":0,"href":"https:\/\/www.enerjigazetesi.ist\/en\/wp-json\/wp\/v2\/posts\/181763\/revisions"}],"wp:featuredmedia":[{"embeddable":true,"href":"https:\/\/www.enerjigazetesi.ist\/en\/wp-json\/wp\/v2\/media\/181765"}],"wp:attachment":[{"href":"https:\/\/www.enerjigazetesi.ist\/en\/wp-json\/wp\/v2\/media?parent=181763"}],"wp:term":[{"taxonomy":"category","embeddable":true,"href":"https:\/\/www.enerjigazetesi.ist\/en\/wp-json\/wp\/v2\/categories?post=181763"},{"taxonomy":"post_tag","embeddable":true,"href":"https:\/\/www.enerjigazetesi.ist\/en\/wp-json\/wp\/v2\/tags?post=181763"}],"curies":[{"name":"wp","href":"https:\/\/api.w.org\/{rel}","templated":true}]}}