{"id":181757,"date":"2023-12-02T11:08:27","date_gmt":"2023-12-02T08:08:27","guid":{"rendered":"https:\/\/www.enerjigazetesi.ist\/?p=181757"},"modified":"2023-12-02T11:09:20","modified_gmt":"2023-12-02T08:09:20","slug":"profilo-dan-enerjisini-gunes-ten-alan-yeni-surdurulebilir-magaza-konsepti","status":"publish","type":"post","link":"https:\/\/www.enerjigazetesi.ist\/en\/profilo-dan-enerjisini-gunes-ten-alan-yeni-surdurulebilir-magaza-konsepti\/","title":{"rendered":"(Turkish) &#8217;Profilo&#8217;dan Enerjisini G\u00fcne\u015ften Alan Yeni S\u00fcrd\u00fcr\u00fclebilir Ma\u011faza"},"content":{"rendered":"<p class=\"qtranxs-available-languages-message qtranxs-available-languages-message-en\">Sorry, this entry is only available in <a href=\"https:\/\/www.enerjigazetesi.ist\/tr\/wp-json\/wp\/v2\/posts\/181757\" class=\"qtranxs-available-language-link qtranxs-available-language-link-tr\" title=\"Turkish\">Turkish<\/a>. For the sake of viewer convenience, the content is shown below in the alternative language. You may click the link to switch the active language.<\/p><p><\/p>\n<h2>Do\u011faya, \u00e7evreye ve t\u00fcm canl\u0131lara olan sorumlulu\u011fu her zaman \u00f6n planda tutan Profilo, enerjisini g\u00fcne\u015ften alan yeni s\u00fcrd\u00fcr\u00fclebilir ma\u011fazas\u0131, \u015eerifo\u011fullar\u0131 Dayan\u0131kl\u0131 T\u00fcketim Mallar\u0131 (DTM), 30 Kas\u0131m Per\u015fembe g\u00fcn\u00fc \u0130stanbul \u00dcmraniye\u2019de a\u00e7\u0131l\u0131\u015f\u0131 yap\u0131ld\u0131.<\/h2>\n<p style=\"text-align: center;\"><img loading=\"lazy\" class=\"aligncenter wp-image-181760\" src=\"https:\/\/www.enerjigazetesi.ist\/wp-content\/uploads\/2023\/12\/profilo-dan-enerjisini-gunes-ten-alan-yeni-surdurulebilir-magaza-konsepti-1.jpg\" alt=\"\" width=\"500\" height=\"342\" srcset=\"https:\/\/www.enerjigazetesi.ist\/wp-content\/uploads\/2023\/12\/profilo-dan-enerjisini-gunes-ten-alan-yeni-surdurulebilir-magaza-konsepti-1.jpg 550w, https:\/\/www.enerjigazetesi.ist\/wp-content\/uploads\/2023\/12\/profilo-dan-enerjisini-gunes-ten-alan-yeni-surdurulebilir-magaza-konsepti-1-300x205.jpg 300w, https:\/\/www.enerjigazetesi.ist\/wp-content\/uploads\/2023\/12\/profilo-dan-enerjisini-gunes-ten-alan-yeni-surdurulebilir-magaza-konsepti-1-500x342.jpg 500w, https:\/\/www.enerjigazetesi.ist\/wp-content\/uploads\/2023\/12\/profilo-dan-enerjisini-gunes-ten-alan-yeni-surdurulebilir-magaza-konsepti-1-73x50.jpg 73w\" sizes=\"(max-width: 500px) 100vw, 500px\" \/><\/p>\n<h3><strong>200 Metrekarelik Ma\u011fazas\u0131 Profilo\u2019nun \u0130lk S\u00fcrd\u00fcr\u00fclebilir Konseptli Ma\u011fazas\u0131 Oldu<\/strong><\/h3>\n<p>\u00dcnl\u00fc \u015eef Umut Karaku\u015f\u2019un tad\u0131m men\u00fcs\u00fc e\u015fli\u011finde ger\u00e7ekle\u015fen yeni s\u00fcrd\u00fcr\u00fclebilir ma\u011faza a\u00e7\u0131l\u0131\u015f\u0131na; <em>Profilo T\u00fcrkiye K\u0131demli Sat\u0131\u015f Direkt\u00f6r\u00fc Mustafa I\u015fk\u0131nc\u0131, Bsh T\u00fcrkiye Pazarlama Direkt\u00f6r\u00fc Burak Destici, Profilo K\u0131demli Pazarlama M\u00fcd\u00fcr\u00fc Ekin Alayat Sarfati, Profilo Marmara B\u00f6lge \u00a0Sat\u0131\u015f M\u00fcd\u00fcr\u00fc Ahmet Y\u0131ld\u0131r\u0131m<\/em> kat\u0131ld\u0131.<\/p>\n<p>S\u00fcrd\u00fcr\u00fclebilir bir gelecek i\u00e7in <strong>do\u011faya dost<\/strong> ve <strong>tasarruflu Profilo \u00fcr\u00fcnlerinin<\/strong> sergilendi\u011fi <strong>enerjisini g\u00fcne\u015ften alan 200 metrekarelik yeni ma\u011faza<\/strong>, s\u00fcrd\u00fcr\u00fclebilirlik temas\u0131yla tasarland\u0131.<\/p>\n<p>Hayat\u0131 kolayla\u015ft\u0131ran \u00e7\u00f6z\u00fcmleriyle aile b\u00fct\u00e7esine katk\u0131 sa\u011flarken ayn\u0131 zamanda do\u011faya dost ve tasarruflu \u00fcr\u00fcnler sunan Profilo, su, enerji ve g\u0131da israf\u0131n\u0131 \u00f6nleyen \u00e7evre dostu teknolojileri ve yeni s\u00fcrd\u00fcr\u00fclebilir ma\u011faza konseptiyle <strong>y\u0131ll\u0131k karbon emisyon \u00fcretimini azaltmay\u0131<\/strong> hedefliyor.<\/p>","protected":false},"excerpt":{"rendered":"<p>Sorry, this entry is only available in Turkish. For the sake of viewer convenience, the content is shown below in the alternative language. You may click the link to switch the active language. Do\u011faya, \u00e7evreye ve t\u00fcm canl\u0131lara olan sorumlulu\u011fu her zaman \u00f6n planda tutan Profilo, enerjisini g\u00fcne\u015ften alan yeni s\u00fcrd\u00fcr\u00fclebilir ma\u011fazas\u0131, \u015eerifo\u011fullar\u0131 Dayan\u0131kl\u0131 T\u00fcketim [&hellip;]<\/p>\n","protected":false},"author":1,"featured_media":181759,"comment_status":"open","ping_status":"open","sticky":false,"template":"","format":"standard","meta":[],"categories":[53,49],"tags":[2206,111486,111485,111484,1296],"views":55,"_links":{"self":[{"href":"https:\/\/www.enerjigazetesi.ist\/en\/wp-json\/wp\/v2\/posts\/181757"}],"collection":[{"href":"https:\/\/www.enerjigazetesi.ist\/en\/wp-json\/wp\/v2\/posts"}],"about":[{"href":"https:\/\/www.enerjigazetesi.ist\/en\/wp-json\/wp\/v2\/types\/post"}],"author":[{"embeddable":true,"href":"https:\/\/www.enerjigazetesi.ist\/en\/wp-json\/wp\/v2\/users\/1"}],"replies":[{"embeddable":true,"href":"https:\/\/www.enerjigazetesi.ist\/en\/wp-json\/wp\/v2\/comments?post=181757"}],"version-history":[{"count":0,"href":"https:\/\/www.enerjigazetesi.ist\/en\/wp-json\/wp\/v2\/posts\/181757\/revisions"}],"wp:featuredmedia":[{"embeddable":true,"href":"https:\/\/www.enerjigazetesi.ist\/en\/wp-json\/wp\/v2\/media\/181759"}],"wp:attachment":[{"href":"https:\/\/www.enerjigazetesi.ist\/en\/wp-json\/wp\/v2\/media?parent=181757"}],"wp:term":[{"taxonomy":"category","embeddable":true,"href":"https:\/\/www.enerjigazetesi.ist\/en\/wp-json\/wp\/v2\/categories?post=181757"},{"taxonomy":"post_tag","embeddable":true,"href":"https:\/\/www.enerjigazetesi.ist\/en\/wp-json\/wp\/v2\/tags?post=181757"}],"curies":[{"name":"wp","href":"https:\/\/api.w.org\/{rel}","templated":true}]}}