{"id":181709,"date":"2023-12-01T13:34:39","date_gmt":"2023-12-01T10:34:39","guid":{"rendered":"https:\/\/www.enerjigazetesi.ist\/?p=181709"},"modified":"2023-12-01T13:34:39","modified_gmt":"2023-12-01T10:34:39","slug":"you-better-notice-belgeseli-cop-28-de-tanitilacak","status":"publish","type":"post","link":"https:\/\/www.enerjigazetesi.ist\/en\/you-better-notice-belgeseli-cop-28-de-tanitilacak\/","title":{"rendered":"(Turkish) &#8221;YOU BETTER NOTICE&#8221; Belgeseli COP 28\u2019de Tan\u0131t\u0131lacak"},"content":{"rendered":"<p class=\"qtranxs-available-languages-message qtranxs-available-languages-message-en\">Sorry, this entry is only available in <a href=\"https:\/\/www.enerjigazetesi.ist\/tr\/wp-json\/wp\/v2\/posts\/181709\" class=\"qtranxs-available-language-link qtranxs-available-language-link-tr\" title=\"Turkish\">Turkish<\/a>. For the sake of viewer convenience, the content is shown below in the alternative language. You may click the link to switch the active language.<\/p><p><\/p>\n<h2><strong>28. Birle\u015fmi\u015f Milletler \u0130klim De\u011fi\u015fikli\u011fi Konferans\u0131 (COP28) 30 Kas\u0131m &#8211; 12 Aral\u0131k 2023 tarihleri aras\u0131nda Birle\u015fik Arap Emirlikleri\u2019nin Dubai kentinde d\u00fczenleniyor. Yap\u0131mc\u0131l\u0131\u011f\u0131n\u0131 ve y\u00f6netmenli\u011fini Engin Altan D\u00fczyatan\u2019\u0131n ger\u00e7ekle\u015ftirdi\u011fi, k\u00fcresel plastik ve mikroplastik kirlili\u011fi sorunlar\u0131na dikkat \u00e7eken &#8220;YOU BETTER NOTICE&#8221; belgeseli 4 Aral\u0131k tarihinde Green Zone\u2019da d\u00fczenlenecek lansmanda tan\u0131t\u0131lacak.<\/strong><\/h2>\n<p>Akt\u00f6r ve iklim aktivisti Engin Altan D\u00fczyatan\u2019\u0131n yap\u0131mc\u0131l\u0131\u011f\u0131n\u0131 ve y\u00f6netmenli\u011fini yapt\u0131\u011f\u0131 <strong>3 b\u00f6l\u00fcmden<\/strong> <img loading=\"lazy\" class=\"alignright wp-image-181712\" src=\"https:\/\/www.enerjigazetesi.ist\/wp-content\/uploads\/2023\/12\/you-better-notice-belgeseli-cop-28-de-tanitilacak-1.jpg\" alt=\"\" width=\"320\" height=\"304\" srcset=\"https:\/\/www.enerjigazetesi.ist\/wp-content\/uploads\/2023\/12\/you-better-notice-belgeseli-cop-28-de-tanitilacak-1.jpg 505w, https:\/\/www.enerjigazetesi.ist\/wp-content\/uploads\/2023\/12\/you-better-notice-belgeseli-cop-28-de-tanitilacak-1-300x285.jpg 300w, https:\/\/www.enerjigazetesi.ist\/wp-content\/uploads\/2023\/12\/you-better-notice-belgeseli-cop-28-de-tanitilacak-1-421x400.jpg 421w, https:\/\/www.enerjigazetesi.ist\/wp-content\/uploads\/2023\/12\/you-better-notice-belgeseli-cop-28-de-tanitilacak-1-53x50.jpg 53w, https:\/\/www.enerjigazetesi.ist\/wp-content\/uploads\/2023\/12\/you-better-notice-belgeseli-cop-28-de-tanitilacak-1-500x475.jpg 500w\" sizes=\"(max-width: 320px) 100vw, 320px\" \/>olu\u015fan <strong>&#8220;YOU BETTER NOTICE&#8221; belgeseli<\/strong> \u00fcnl\u00fc akt\u00f6r\u00fcn; <strong>Tayland, Malezya, Filipinler, Japonya, \u0130ngiltere ve T\u00fcrkiye&#8217;de<\/strong> yapt\u0131\u011f\u0131 yolculuklarda ger\u00e7ekle\u015ftirdi\u011fi \u00e7ekimlerde, <strong>plastik at\u0131klar\u0131n d\u00fcnyam\u0131z\u0131 nas\u0131l tehdit etti\u011fini<\/strong> g\u00f6z \u00f6n\u00fcne seriyor. Plastik ve mikroplastik kirlili\u011fine dikkat \u00e7eken belgesel <strong>Azalt, Yeniden Kullan, Geri D\u00f6n\u00fc\u015ft\u00fcr\u00a0<\/strong>ilkesiyle<strong>\u00a0<\/strong>daha temiz bir gelece\u011fe do\u011fru ad\u0131m at\u0131lmas\u0131n\u0131n \u00f6nemini vurguluyor.<\/p>\n<p>4 Aral\u0131k tarihinde Green Zone Ana Sahne\u2019de Dubai saati ile 13.00\u2019te (TS\u0130 12.00) d\u00fczenlenecek olan panelde,\u00a0<em><strong>SOCAR T\u00fcrkiye \u0130leti\u015fim ve Kamu \u0130li\u015fkileri Ba\u015fkan\u0131 Mikayil Yusifov, DenizBank Finansal Hizmetler Grubu CEO\u2019su Hakan Ate\u015f<\/strong><\/em>\u00a0ile <em><strong>\u0130\u015f D\u00fcnyas\u0131 ve S\u00fcrd\u00fcr\u00fclebilir Kalk\u0131nma Derne\u011fi<\/strong><\/em><em>\u00a0(<strong>SKD T\u00fcrkiye) Y\u00f6netim Kurulu Ba\u015fkan\u0131 Ebru Dildar Edin<\/strong><\/em>\u00a0konu\u015fmac\u0131 olarak yer alacak. <em><strong>Engin Altan D\u00fczyatan\u2019\u0131n<\/strong><\/em> y\u00f6netece\u011fi panelde konu\u015fmalar\u0131n yan\u0131 s\u0131ra <strong>belgeselin tan\u0131t\u0131m filmi<\/strong> de g\u00f6sterilecek.<\/p>\n<p>D\u00fczyatan ayr\u0131ca, <strong>5 Aral\u0131k<\/strong> tarihinde <strong>Blue Zone, T\u00fcrkiye Pavilyonu\u2019nda<\/strong> Dubai saati ile <strong>11.00\u2019de<\/strong> (TS\u0130 10.00) <strong>belgeselin \u00e7\u0131k\u0131\u015f noktas\u0131n\u0131<\/strong> ve <strong>\u00f6yk\u00fcs\u00fcn\u00fc anlataca\u011f\u0131<\/strong> bir konu\u015fma yapacak.<\/p>\n<p>&#8220;YOU BETTER NOTICE&#8221; belgeseli<strong> tek kullan\u0131ml\u0131k plastik kullan\u0131m\u0131n\u0131 en aza indirmek, geri d\u00f6n\u00fc\u015f\u00fcm giri\u015fimlerini desteklemek ve kamuoyunda fark\u0131ndal\u0131k yaratarak<\/strong> toplumda <strong>s\u00fcrd\u00fcr\u00fclebilir uygulamalar\u0131n<\/strong> benimsenerek <strong>plastik kirlili\u011finin azalt\u0131lmas\u0131na<\/strong> katk\u0131da bulunmay\u0131 ama\u00e7l\u0131yor. Belgesel ayr\u0131ca<strong> bireylere, i\u015f d\u00fcnyas\u0131na<\/strong> ve <strong>bilim insanlar\u0131na<\/strong> bu k\u00fcresel \u00e7evre sorununu \u00e7\u00f6zmek i\u00e7in bir araya gelme \u00e7a\u011fr\u0131s\u0131 yap\u0131yor.<\/p>","protected":false},"excerpt":{"rendered":"<p>Sorry, this entry is only available in Turkish. For the sake of viewer convenience, the content is shown below in the alternative language. You may click the link to switch the active language. 28. Birle\u015fmi\u015f Milletler \u0130klim De\u011fi\u015fikli\u011fi Konferans\u0131 (COP28) 30 Kas\u0131m &#8211; 12 Aral\u0131k 2023 tarihleri aras\u0131nda Birle\u015fik Arap Emirlikleri\u2019nin Dubai kentinde d\u00fczenleniyor. Yap\u0131mc\u0131l\u0131\u011f\u0131n\u0131 [&hellip;]<\/p>\n","protected":false},"author":1,"featured_media":181713,"comment_status":"open","ping_status":"open","sticky":false,"template":"","format":"standard","meta":[],"categories":[53],"tags":[111467,111465,111470,111466,111468,59252,91504,111469,57431],"views":64,"_links":{"self":[{"href":"https:\/\/www.enerjigazetesi.ist\/en\/wp-json\/wp\/v2\/posts\/181709"}],"collection":[{"href":"https:\/\/www.enerjigazetesi.ist\/en\/wp-json\/wp\/v2\/posts"}],"about":[{"href":"https:\/\/www.enerjigazetesi.ist\/en\/wp-json\/wp\/v2\/types\/post"}],"author":[{"embeddable":true,"href":"https:\/\/www.enerjigazetesi.ist\/en\/wp-json\/wp\/v2\/users\/1"}],"replies":[{"embeddable":true,"href":"https:\/\/www.enerjigazetesi.ist\/en\/wp-json\/wp\/v2\/comments?post=181709"}],"version-history":[{"count":0,"href":"https:\/\/www.enerjigazetesi.ist\/en\/wp-json\/wp\/v2\/posts\/181709\/revisions"}],"wp:featuredmedia":[{"embeddable":true,"href":"https:\/\/www.enerjigazetesi.ist\/en\/wp-json\/wp\/v2\/media\/181713"}],"wp:attachment":[{"href":"https:\/\/www.enerjigazetesi.ist\/en\/wp-json\/wp\/v2\/media?parent=181709"}],"wp:term":[{"taxonomy":"category","embeddable":true,"href":"https:\/\/www.enerjigazetesi.ist\/en\/wp-json\/wp\/v2\/categories?post=181709"},{"taxonomy":"post_tag","embeddable":true,"href":"https:\/\/www.enerjigazetesi.ist\/en\/wp-json\/wp\/v2\/tags?post=181709"}],"curies":[{"name":"wp","href":"https:\/\/api.w.org\/{rel}","templated":true}]}}