{"id":181704,"date":"2023-12-01T13:18:21","date_gmt":"2023-12-01T10:18:21","guid":{"rendered":"https:\/\/www.enerjigazetesi.ist\/?p=181704"},"modified":"2023-12-01T13:18:38","modified_gmt":"2023-12-01T10:18:38","slug":"yeo-italya-daki-ilk-ges-yatirimi-nin-insasina-basladi","status":"publish","type":"post","link":"https:\/\/www.enerjigazetesi.ist\/en\/yeo-italya-daki-ilk-ges-yatirimi-nin-insasina-basladi\/","title":{"rendered":"(Turkish) &#8217;YEO&#8217; \u0130talya\u2019daki \u0130lk GES Yat\u0131r\u0131m\u0131n\u0131n \u0130n\u015fas\u0131na Ba\u015flad\u0131"},"content":{"rendered":"<p class=\"qtranxs-available-languages-message qtranxs-available-languages-message-en\">Sorry, this entry is only available in <a href=\"https:\/\/www.enerjigazetesi.ist\/tr\/wp-json\/wp\/v2\/posts\/181704\" class=\"qtranxs-available-language-link qtranxs-available-language-link-tr\" title=\"Turkish\">Turkish<\/a>. For the sake of viewer convenience, the content is shown below in the alternative language. You may click the link to switch the active language.<\/p><p><\/p>\n<h2>Yenilenebilir enerji projeleriyle farkl\u0131 k\u0131talarda ad\u0131ndan s\u00f6z ettiren\u00a0YEO Teknoloji,\u00a0Avrupa\u2019daki i\u015ftiraki Defic Globe ile\u00a0b\u00fcy\u00fcmeye devam ediyor.\u00a0Avrupa\u2019daki ilk GES yat\u0131r\u0131m\u0131 olan 18,5 MWp kapasiteli Romanya Caracal projesini ge\u00e7ti\u011fimiz ay tamamlayan YEO, \u015fimdi de \u0130talya yat\u0131r\u0131m\u0131 i\u00e7in d\u00fc\u011fmeye bast\u0131.\u00a0YEO, \u0130talya\u2019n\u0131n\u00a0Bressana\u00a0b\u00f6lgesinde kurulu g\u00fcc\u00fc 7,4 MWp olan GES projesi yat\u0131r\u0131m\u0131 i\u00e7in ilk kazmay\u0131\u00a0vurdu.<\/h2>\n<p>YEO, \u0130talya projesini,\u00a0<strong>%51<\/strong>\u00a0hissesine sahip oldu\u011fu\u00a0<strong>Defic Globe\u2019un<\/strong>\u00a0i\u015ftiraki <strong>Yiltun Energie SRL<\/strong>\u00a0ile ger\u00e7ekle\u015ftirilecek.\u00a02024\u2019\u00fcn\u00a0ikinci \u00e7eyre\u011finde\u00a0enerji \u00fcretimine ge\u00e7ecek\u00a0olan\u00a0santral ile\u00a0YEO\u2019nun\u00a0Romanya&#8217;daki\u00a018,5 MW\u00a0kapasiteli tesisin ard\u0131ndan ikinci yurtd\u0131\u015f\u0131 enerji yat\u0131r\u0131m\u0131\u00a0hayata ge\u00e7mi\u015f olacak. <strong>Bressana Santrali<\/strong>, \u00e7evre dostu tasar\u0131m\u0131yla <strong>y\u0131lda 1620 a\u011faca denk<\/strong> gelecek kadar karbondioksit sal\u0131m\u0131n\u0131 engelleyecek.<\/p>\n<h3><strong>Sicilya\u2019da \u0130ki Proje Daha<\/strong><\/h3>\n<p><strong><img loading=\"lazy\" class=\"alignright wp-image-181707\" src=\"https:\/\/www.enerjigazetesi.ist\/wp-content\/uploads\/2023\/12\/yeo-italya-daki-ilk-ges-yatirimi-nin-insasina-basladi-1.jpg\" alt=\"\" width=\"320\" height=\"284\" srcset=\"https:\/\/www.enerjigazetesi.ist\/wp-content\/uploads\/2023\/12\/yeo-italya-daki-ilk-ges-yatirimi-nin-insasina-basladi-1.jpg 540w, https:\/\/www.enerjigazetesi.ist\/wp-content\/uploads\/2023\/12\/yeo-italya-daki-ilk-ges-yatirimi-nin-insasina-basladi-1-300x267.jpg 300w, https:\/\/www.enerjigazetesi.ist\/wp-content\/uploads\/2023\/12\/yeo-italya-daki-ilk-ges-yatirimi-nin-insasina-basladi-1-450x400.jpg 450w, https:\/\/www.enerjigazetesi.ist\/wp-content\/uploads\/2023\/12\/yeo-italya-daki-ilk-ges-yatirimi-nin-insasina-basladi-1-56x50.jpg 56w, https:\/\/www.enerjigazetesi.ist\/wp-content\/uploads\/2023\/12\/yeo-italya-daki-ilk-ges-yatirimi-nin-insasina-basladi-1-500x444.jpg 500w\" sizes=\"(max-width: 320px) 100vw, 320px\" \/>\u0130talya Bressana b\u00f6lgesinde yap\u0131lacak<\/strong> olan bu proje haricinde <strong>\u0130talya Sicilya&#8217;da<\/strong> lisanslama s\u00fcre\u00e7leri devam eden <strong>125 MW<\/strong> kapasiteli <strong>iki ayr\u0131 proje daha<\/strong>\u00a0hedefleniyor. YEO, lisanslama s\u00fcre\u00e7lerinin tamamlanmas\u0131n\u0131n ard\u0131ndan<strong>\u00a0s\u00f6z konusu\u00a0projelerin de yat\u0131r\u0131mlar\u0131na\u00a0ba\u015flamay\u0131<\/strong> planl\u0131yor.<\/p>\n<h3><strong>Hedef 2030\u2019da 1 GW Kapasite<\/strong><\/h3>\n<p><strong>YEO Teknoloji CEO\u2019su Tolunay Y\u0131ld\u0131z<\/strong>, yenilenebilir enerjide <strong>2030 y\u0131l\u0131na<\/strong> kadar<strong> 1 GW<\/strong> kapasite\u00a0hedeflediklerini belirterek \u015f\u00f6yle konu\u015fuyor: <em>\u201cYEO olarak\u00a0d\u00fcnyan\u0131n\u00a0farkl\u0131 co\u011frafyalar\u0131ndaki ofislerimiz ve i\u015f yapma kabiliyetimizin yan\u0131nda yat\u0131r\u0131mc\u0131 kimli\u011fimizle de b\u00fcy\u00fcyoruz. Yenilenebilir enerji alan\u0131nda global oyuncu olma yolunda yeni bir ad\u0131m\u00a0atmaktan dolay\u0131 mutluyuz.\u00a0YEO Teknoloji olarak\u00a0Avrupa\u2019da da\u00a0s\u00fcrd\u00fcr\u00fclebilir bir d\u00fcnya i\u00e7in \u00e7al\u0131\u015fmaya devam ediyoruz.\u00a0<strong>Dekarbonizasyon, desantralizasyon ve dijitalizasyon<\/strong> odakl\u0131 \u00e7al\u0131\u015fmalar\u0131m\u0131zla<strong>\u00a0yenilenebilir enerji<\/strong> ve <strong>dijital d\u00f6n\u00fc\u015f\u00fcm alanlar\u0131nda<\/strong> kapsaml\u0131 \u00e7\u00f6z\u00fcmler\u00a0sunmay\u0131 s\u00fcrd\u00fcrece\u011fiz. Daha ya\u015fanabilir bir d\u00fcnya i\u00e7in \u2018Bizce m\u00fcmk\u00fcn\u2019 diyerek yolumuza devam ediyoruz.\u201d<\/em><\/p>\n<p><strong>YEO Teknoloji<\/strong>, \u00f6zellikle yenilenebilir enerji alan\u0131nda <strong>EPC<\/strong> olarak konumlanarak <strong>u\u00e7tan uca \u00e7\u00f6z\u00fcmlerle<\/strong> anahtar teslim kurulum hizmeti veriyor. Olu\u015fturdu\u011fu aktif global i\u015f geli\u015ftirme a\u011f\u0131n\u0131n yan\u0131 s\u0131ra, finansal alanda yapt\u0131\u011f\u0131 i\u015f birlikleriyle de yenilenebilir enerji alan\u0131ndaki yat\u0131r\u0131mc\u0131lara; <strong>finans, proje, lisans, m\u00fchendislik, in\u015faat, sat\u0131n alma, denetim<\/strong> gibi konularda kal\u0131c\u0131 \u00e7\u00f6z\u00fcmler \u00fcretiyor.<\/p>","protected":false},"excerpt":{"rendered":"<p>Sorry, this entry is only available in Turkish. For the sake of viewer convenience, the content is shown below in the alternative language. You may click the link to switch the active language. Yenilenebilir enerji projeleriyle farkl\u0131 k\u0131talarda ad\u0131ndan s\u00f6z ettiren\u00a0YEO Teknoloji,\u00a0Avrupa\u2019daki i\u015ftiraki Defic Globe ile\u00a0b\u00fcy\u00fcmeye devam ediyor.\u00a0Avrupa\u2019daki ilk GES yat\u0131r\u0131m\u0131 olan 18,5 MWp kapasiteli [&hellip;]<\/p>\n","protected":false},"author":1,"featured_media":181706,"comment_status":"open","ping_status":"open","sticky":false,"template":"","format":"standard","meta":[],"categories":[53,49],"tags":[111464,99002,53562,29013,2206,7853,105,96708,111463],"views":46,"_links":{"self":[{"href":"https:\/\/www.enerjigazetesi.ist\/en\/wp-json\/wp\/v2\/posts\/181704"}],"collection":[{"href":"https:\/\/www.enerjigazetesi.ist\/en\/wp-json\/wp\/v2\/posts"}],"about":[{"href":"https:\/\/www.enerjigazetesi.ist\/en\/wp-json\/wp\/v2\/types\/post"}],"author":[{"embeddable":true,"href":"https:\/\/www.enerjigazetesi.ist\/en\/wp-json\/wp\/v2\/users\/1"}],"replies":[{"embeddable":true,"href":"https:\/\/www.enerjigazetesi.ist\/en\/wp-json\/wp\/v2\/comments?post=181704"}],"version-history":[{"count":0,"href":"https:\/\/www.enerjigazetesi.ist\/en\/wp-json\/wp\/v2\/posts\/181704\/revisions"}],"wp:featuredmedia":[{"embeddable":true,"href":"https:\/\/www.enerjigazetesi.ist\/en\/wp-json\/wp\/v2\/media\/181706"}],"wp:attachment":[{"href":"https:\/\/www.enerjigazetesi.ist\/en\/wp-json\/wp\/v2\/media?parent=181704"}],"wp:term":[{"taxonomy":"category","embeddable":true,"href":"https:\/\/www.enerjigazetesi.ist\/en\/wp-json\/wp\/v2\/categories?post=181704"},{"taxonomy":"post_tag","embeddable":true,"href":"https:\/\/www.enerjigazetesi.ist\/en\/wp-json\/wp\/v2\/tags?post=181704"}],"curies":[{"name":"wp","href":"https:\/\/api.w.org\/{rel}","templated":true}]}}