{"id":18169,"date":"2013-11-25T18:32:08","date_gmt":"2013-11-25T15:32:08","guid":{"rendered":"https:\/\/www.enerjigazetesi.ist\/?p=18169"},"modified":"2013-11-25T18:32:08","modified_gmt":"2013-11-25T15:32:08","slug":"bakan-yildiz-tek-basimiza-kaya-gazi-cikaracagiz","status":"publish","type":"post","link":"https:\/\/www.enerjigazetesi.ist\/en\/bakan-yildiz-tek-basimiza-kaya-gazi-cikaracagiz\/","title":{"rendered":"(Turkish) Bakan Y\u0131ld\u0131z: \u2018Tek Ba\u015f\u0131m\u0131za Kaya Gaz\u0131 \u00c7\u0131karaca\u011f\u0131z!\u2019"},"content":{"rendered":"<p class=\"qtranxs-available-languages-message qtranxs-available-languages-message-en\">Sorry, this entry is only available in <a href=\"https:\/\/www.enerjigazetesi.ist\/tr\/wp-json\/wp\/v2\/posts\/18169\" class=\"qtranxs-available-language-link qtranxs-available-language-link-tr\" title=\"Turkish\">Turkish<\/a>. For the sake of viewer convenience, the content is shown below in the alternative language. You may click the link to switch the active language.<\/p><p><strong>Enerji ve Tabii Kaynaklar Bakan\u0131 Taner Y\u0131ld\u0131z, \u201cBelki \u00f6n\u00fcm\u00fczdeki s\u00fcre\u00e7te bir Ba\u011fdat ziyaretimiz veya bir Basra ziyaretimiz olabilir. Orada ilgili yetkili arkada\u015flarla g\u00f6r\u00fc\u015fme durumumuz olabilir. Bunlar\u0131n her birini planl\u0131yoruz. Gerek T\u00fcrkiye\u2019nin ihtiyac\u0131n\u0131n kar\u015f\u0131lanmas\u0131 gerekse Irak\u2019\u0131n normalle\u015fmesi ad\u0131na i\u015fler tesis etmeye \u00e7al\u0131\u015f\u0131yoruz\u201d dedi.<\/strong><\/p>\n<p>Y\u0131ld\u0131z, Melikgazi K\u00fclt\u00fcr Merkezi\u2019nde d\u00fczenlenen AK Parti \u0130l Dan\u0131\u015fma Meclisi Toplant\u0131s\u0131\u2019na kat\u0131ld\u0131.<\/p>\n<p>Toplant\u0131 \u00f6ncesi gazetecilerin sorular\u0131n\u0131 yan\u0131tlayan Y\u0131ld\u0131z, Paris\u2019teki Uluslararas\u0131 Enerji Ajans\u0131 Toplant\u0131s\u0131n\u0131n sorulmas\u0131 \u00fczerine, T\u00fcrkiye\u2019nin 40 y\u0131l boyunca ilk kez d\u00f6nem ba\u015fkanl\u0131\u011f\u0131n\u0131 ald\u0131\u011f\u0131 bir Uluslararas\u0131 Enerji Ajans\u0131 Toplant\u0131s\u0131 yap\u0131ld\u0131\u011f\u0131n\u0131 s\u00f6yledi.<\/p>\n<p>Y\u0131ld\u0131z, toplant\u0131n\u0131n ba\u015far\u0131l\u0131 ge\u00e7ti\u011fini belirterek, kaya gaz\u0131n\u0131n d\u00fcnyay\u0131 nas\u0131l etkileyece\u011fini ve t\u00fcketiciler ile \u00fcreticiler aras\u0131ndaki ili\u015fkiyi ele ald\u0131klar\u0131n\u0131 belirtti.<\/p>\n<p>Kaya gaz\u0131n\u0131n \u00f6nemine dikkati \u00e7eken Y\u0131ld\u0131z, \u201c\u015eu g\u00f6r\u00fcl\u00fcyor, ABD bu kaya gaz\u0131n\u0131 bulmas\u0131yla beraber enerji maliyetlerini kendi \u00fclkesi ad\u0131na olumlu y\u00f6nde etkiledi. \u015eu anda AB \u00fcyesi \u00fclkelerin 3\u2032te biri fiyat\u0131na, Japonya\u2019n\u0131n ise neredeyse 6\u2032da 1\u2032i fiyat\u0131na bu gaz\u0131 kullan\u0131yor. T\u00fcrkiye\u2019nin \u00f6zellikle Konac\u0131k\u2019ta 4 bin metre Shell\u2019le birlikte yapaca\u011f\u0131 bir kuyu var. \u015eu anda 2 bin 500 metrelere geldik. \u0130kinci bir kuyu daha bulaca\u011f\u0131z. Trakya\u2019da da tek ba\u015f\u0131m\u0131za bunu yapaca\u011f\u0131z\u201d diye konu\u015ftu.<\/p>\n<p>Y\u0131ld\u0131z, bir yandan da kaya gaz\u0131n\u0131n teknolojisini transfer etmeye \u00e7al\u0131\u015ft\u0131klar\u0131n\u0131 belirterek, \u201cT\u00fcrkiye\u2019de varsa Edirne\u2019de, Do\u011fu Anadolu\u2019da, G\u00fcneydo\u011fu Anadolu\u2019 da bunlar\u0131n her birisini de\u011ferlendirmeye \u00e7al\u0131\u015f\u0131yoruz. Tabii ger\u00e7ek\u00e7i olmam\u0131z laz\u0131m. T\u00fcrkiye bir petrol \u00fclkesi, bir do\u011falgaz \u00fclkesi de\u011fil belki ama ihtiyac\u0131m\u0131z\u0131n \u00f6nemli bir k\u0131sm\u0131n\u0131 kar\u015f\u0131lamak \u00fczere \u00e7al\u0131\u015f\u0131yor ve gayret ediyoruz. \u015eimdiden net bir rakam s\u00f6ylemek ileriye do\u011fru m\u00fcmk\u00fcn olmayabilir. Bu kuyular\u0131n say\u0131s\u0131n\u0131 artt\u0131rd\u0131k\u00e7a, sondajlar\u0131m\u0131z\u0131 artt\u0131rd\u0131k\u00e7a rakamlar\u0131n daha da net ortaya \u00e7\u0131kaca\u011f\u0131na inan\u0131yorum\u201d ifadelerini kulland\u0131.<\/p>\n<h2>ABD Enerji Bakan\u0131 ile g\u00f6r\u00fc\u015fmeler<\/h2>\n<p>ABD Enerji Bakan\u0131 ile yap\u0131lan toplant\u0131lar\u0131n sorulmas\u0131 \u00fczerine ise Bakan Y\u0131ld\u0131z, \u015funlar\u0131 kaydetti:<a href=\"https:\/\/www.enerjigazetesi.ist\/wp-content\/uploads\/2013\/11\/bakan-yildiz-tek-basimiza-kaya-gazi-cikaracagiz.jpg\"><img loading=\"lazy\" class=\"alignright size-medium wp-image-18170\" title=\"bakan-yildiz-tek-basimiza-kaya-gazi-cikaracagiz\" src=\"https:\/\/www.enerjigazetesi.ist\/wp-content\/uploads\/2013\/11\/bakan-yildiz-tek-basimiza-kaya-gazi-cikaracagiz-300x197.jpg\" alt=\"\" width=\"300\" height=\"197\" srcset=\"https:\/\/www.enerjigazetesi.ist\/wp-content\/uploads\/2013\/11\/bakan-yildiz-tek-basimiza-kaya-gazi-cikaracagiz-300x197.jpg 300w, https:\/\/www.enerjigazetesi.ist\/wp-content\/uploads\/2013\/11\/bakan-yildiz-tek-basimiza-kaya-gazi-cikaracagiz-75x50.jpg 75w, https:\/\/www.enerjigazetesi.ist\/wp-content\/uploads\/2013\/11\/bakan-yildiz-tek-basimiza-kaya-gazi-cikaracagiz.jpg 429w\" sizes=\"(max-width: 300px) 100vw, 300px\" \/><\/a><\/p>\n<p>\u201cBir dizi g\u00f6r\u00fc\u015fme yapt\u0131k, yakla\u015f\u0131k 3 ayr\u0131 toplant\u0131 yapt\u0131k. \u00d6zellikle Kuzey Irak\u2019taki, T\u00fcrkiye\u2019nin \u00f6zel hukuk h\u00fck\u00fcmlerine tabii kamu \u015firketlerinin veya \u00f6zel \u015firketlerin yapt\u0131\u011f\u0131 s\u00f6zle\u015fmelerle alakal\u0131 kendisine soru soruldu\u011funda \u2018Tabii ki b\u00f6yle bir konuda T\u00fcrkiye\u2019yi destekliyoruz\u2019 dediler. Belki \u00f6n\u00fcm\u00fczdeki s\u00fcre\u00e7te bir Ba\u011fdat ziyaretimiz veya bir Basra ziyaretimiz olabilir. Orada ilgili yetkili arkada\u015flarla g\u00f6r\u00fc\u015fme durumumuz olabilir. Bunlar\u0131n her birisini planl\u0131yoruz. Yapt\u0131\u011f\u0131m\u0131z i\u015flerle gerek T\u00fcrkiye\u2019nin ihtiyac\u0131n\u0131n kar\u015f\u0131lanmas\u0131 gerekse Irak\u2019\u0131n normalle\u015fmesi ad\u0131na i\u015fler tesis etmeye \u00e7al\u0131\u015f\u0131yoruz. Ben inan\u0131yorumki Irakl\u0131 karde\u015flerimizle, kom\u015fu ve dost \u00fclkeyle beraber yapacak \u00e7ok fazla i\u015fimiz var. Buradan hem Irak kazan\u00e7l\u0131 \u00e7\u0131kacakt\u0131r hem de T\u00fcrkiye kazan\u00e7l\u0131 \u00e7\u0131kacakt\u0131r. Irak\u2019taki her karde\u015fimizin bu paydan adil \u015fekilde yararlanabilmesi i\u00e7in de tabi ki s\u00f6zle\u015fmelerimize de dikkat etmeye \u00e7al\u0131\u015f\u0131yoruz. \u0130n\u015fallah \u00f6n\u00fcm\u00fczdeki s\u00fcre\u00e7 daha iyi bir Irak T\u00fcrkiye ili\u015fkisi ve daha iyi bir T\u00fcrkiye Irak enerji ili\u015fkisi olacakt\u0131r. Bunu hep birlikte g\u00f6rece\u011fiz.\u201d<\/p>\n<h2>\u0130ran\u2019\u0131n n\u00fckleer faaliyetleri<\/h2>\n<p>\u201c\u0130ran ile y\u0131llard\u0131r s\u00fcren n\u00fckleer krizle ilgili Cenevre\u2019de 5 art\u0131 1 \u00fclkelerin bir toplant\u0131 yapt\u0131\u011f\u0131n\u0131n\u201d hat\u0131rlat\u0131lmas\u0131 \u00fczerine ise Y\u0131ld\u0131z, toplant\u0131da bir sonuca var\u0131lmas\u0131n\u0131 temenni etti\u011fini s\u00f6yledi.<\/p>\n<p>Toplant\u0131n\u0131n bir a\u015fama oldu\u011funu ifade eden Y\u0131ld\u0131z, \u015f\u00f6yle devam etti:<\/p>\n<p>\u201cYakla\u015f\u0131k 4-5 y\u0131ldan bu yana \u00f6zellikle \u0130ran n\u00fckleer faaliyetleriyle alakal\u0131 s\u00fcrd\u00fcr\u00fclebilir davran\u0131\u015f\u0131n bu en son gelinen nokta oldu\u011funu s\u00f6ylemi\u015ftik. Ama bug\u00fcn de\u011fil o zamandan s\u00f6ylemi\u015ftik. \u00c7\u00fcnk\u00fc T\u00fcrkiye bu \u00fclkelerin aras\u0131nda kom\u015fu olan tek \u00fclke. Yani zarar da g\u00f6recekse fayda da g\u00f6rcekse bundan en fazla T\u00fcrkiye etkilenir. Biz d\u00fcnyadaki bar\u0131\u015f ad\u0131na, gerginli\u011fin azalt\u0131lmas\u0131 ad\u0131na bu anla\u015fman\u0131n \u00f6nemli oldu\u011funa inan\u0131yoruz.<\/p>\n<p>Beki ilk anda istenilen sonu\u00e7 elde edilemiyor olabilir. Olsun bu bir a\u015famad\u0131r. D\u00fcnyada gerginliklerle, sava\u015flarla, ter\u00f6rle bir noktaya gelinemeyece\u011fi son derece netle\u015fti. \u0130ran gerginli\u011finin de \u00f6zellikle bu yapt\u0131r\u0131mlar\u0131n iyi bir noktaya do\u011fru gitmesi hem b\u00f6lgeye katk\u0131 sa\u011flayacakt\u0131r hem de T\u00fcrkiye\u2019ye katk\u0131 sa\u011flayacakt\u0131r. Ben s\u00fcrd\u00fcr\u00fclebilir davran\u0131\u015fa ge\u00e7ece\u011fimize inan\u0131yorum.\u201d<\/p>\n<p>Kaynak: <a href=\"http:\/\/enerjienstitusu.com\/2013\/11\/25\/bakan-yildiz-tek-basimiza-kaya-gazi-cikaracagiz\/\" target=\"_blank\">Enerji Enstit\u00fcs\u00fc<\/a><\/p>","protected":false},"excerpt":{"rendered":"<p>Sorry, this entry is only available in Turkish. For the sake of viewer convenience, the content is shown below in the alternative language. You may click the link to switch the active language.Enerji ve Tabii Kaynaklar Bakan\u0131 Taner Y\u0131ld\u0131z, \u201cBelki \u00f6n\u00fcm\u00fczdeki s\u00fcre\u00e7te bir Ba\u011fdat ziyaretimiz veya bir Basra ziyaretimiz olabilir. Orada ilgili yetkili arkada\u015flarla g\u00f6r\u00fc\u015fme [&hellip;]<\/p>\n","protected":false},"author":1,"featured_media":18170,"comment_status":"open","ping_status":"open","sticky":false,"template":"","format":"standard","meta":[],"categories":[53],"tags":[10649,710,63,67,1009,165,168,10648,667],"views":656,"_links":{"self":[{"href":"https:\/\/www.enerjigazetesi.ist\/en\/wp-json\/wp\/v2\/posts\/18169"}],"collection":[{"href":"https:\/\/www.enerjigazetesi.ist\/en\/wp-json\/wp\/v2\/posts"}],"about":[{"href":"https:\/\/www.enerjigazetesi.ist\/en\/wp-json\/wp\/v2\/types\/post"}],"author":[{"embeddable":true,"href":"https:\/\/www.enerjigazetesi.ist\/en\/wp-json\/wp\/v2\/users\/1"}],"replies":[{"embeddable":true,"href":"https:\/\/www.enerjigazetesi.ist\/en\/wp-json\/wp\/v2\/comments?post=18169"}],"version-history":[{"count":2,"href":"https:\/\/www.enerjigazetesi.ist\/en\/wp-json\/wp\/v2\/posts\/18169\/revisions"}],"predecessor-version":[{"id":18172,"href":"https:\/\/www.enerjigazetesi.ist\/en\/wp-json\/wp\/v2\/posts\/18169\/revisions\/18172"}],"wp:featuredmedia":[{"embeddable":true,"href":"https:\/\/www.enerjigazetesi.ist\/en\/wp-json\/wp\/v2\/media\/18170"}],"wp:attachment":[{"href":"https:\/\/www.enerjigazetesi.ist\/en\/wp-json\/wp\/v2\/media?parent=18169"}],"wp:term":[{"taxonomy":"category","embeddable":true,"href":"https:\/\/www.enerjigazetesi.ist\/en\/wp-json\/wp\/v2\/categories?post=18169"},{"taxonomy":"post_tag","embeddable":true,"href":"https:\/\/www.enerjigazetesi.ist\/en\/wp-json\/wp\/v2\/tags?post=18169"}],"curies":[{"name":"wp","href":"https:\/\/api.w.org\/{rel}","templated":true}]}}