{"id":181674,"date":"2023-11-30T14:17:15","date_gmt":"2023-11-30T11:17:15","guid":{"rendered":"https:\/\/www.enerjigazetesi.ist\/?p=181674"},"modified":"2023-11-30T14:27:13","modified_gmt":"2023-11-30T11:27:13","slug":"firsat-esitligi-icin-calisan-oedas-a-juri-ozel-odulu","status":"publish","type":"post","link":"https:\/\/www.enerjigazetesi.ist\/en\/firsat-esitligi-icin-calisan-oedas-a-juri-ozel-odulu\/","title":{"rendered":"(Turkish) F\u0131rsat E\u015fitli\u011fi \u0130\u00e7in \u00c7al\u0131\u015fan &#8216;OEDA\u015e&#8217;a J\u00fcri \u00d6zel \u00d6d\u00fcl\u00fc"},"content":{"rendered":"<p class=\"qtranxs-available-languages-message qtranxs-available-languages-message-en\">Sorry, this entry is only available in <a href=\"https:\/\/www.enerjigazetesi.ist\/tr\/wp-json\/wp\/v2\/posts\/181674\" class=\"qtranxs-available-language-link qtranxs-available-language-link-tr\" title=\"Turkish\">Turkish<\/a>. For the sake of viewer convenience, the content is shown below in the alternative language. You may click the link to switch the active language.<\/p><p><\/p>\n<h2><strong>Elektrik da\u011f\u0131t\u0131m \u015firketi OEDA\u015e, kad\u0131n istihdam\u0131n\u0131n az oldu\u011fu enerji sekt\u00f6r\u00fcnde fark\u0131ndal\u0131k yaratmay\u0131 hedefledi\u011fi \u201cEnerjimiz E\u015fit\u201d projesi ile Toplumsal Fayda \u00d6d\u00fclleri\u2019nde J\u00fcri \u00d6zel \u00d6d\u00fcl\u00fc\u2019n\u00fc ald\u0131. OEDA\u015e Genel M\u00fcd\u00fcr\u00fc Fuat Celepci, \u201cMesleklerin cinsiyetlere g\u00f6re ayr\u0131lmad\u0131\u011f\u0131na inanan, hayat\u0131n her alan\u0131nda oldu\u011fu gibi enerji sekt\u00f6r\u00fcnde de toplumsal cinsiyet e\u015fitli\u011fini savunan bir \u015firket olarak, bu \u00f6d\u00fcl\u00fc almaktan gurur duyuyoruz\u201d dedi.<\/strong><\/h2>\n<p>Afyonkarahisar, Bilecik, Eski\u015fehir, K\u00fctahya ve U\u015fak illerinin elektrik da\u011f\u0131t\u0131m hizmetini sa\u011flayan <strong>Osmangazi Elektrik Da\u011f\u0131t\u0131m A\u015e (OEDA\u015e)<\/strong>, \u201cEnerjimiz E\u015fit\u201d projesi ile D\u00fcnya Gazetesi taraf\u0131ndan bu y\u0131l ilk kez d\u00fczenlenen<strong> Toplumsal Fayda \u00d6d\u00fclleri\u2019<\/strong>nde <strong>J\u00fcri \u00d6zel \u00d6d\u00fcl\u00fc\u2019n\u00fc<\/strong> kazand\u0131. 29 Kas\u0131m ak\u015fam\u0131 \u0130stanbul\u2019da d\u00fczenlenen t\u00f6rene, <strong>OEDA\u015e kurumsal ileti\u015fim ekibi<\/strong> kat\u0131l\u0131m g\u00f6sterdi.<\/p>\n<h3><strong>Fuat Celepci: \u201cEtkili Oldu\u011fumuz Her Alanda F\u0131rsat E\u015fitli\u011fi \u0130\u00e7in \u00c7al\u0131\u015f\u0131yoruz\u201d<\/strong><\/h3>\n<h3><strong><img loading=\"lazy\" class=\"alignright wp-image-181678\" src=\"https:\/\/www.enerjigazetesi.ist\/wp-content\/uploads\/2023\/11\/firsat-esitligi-icin-calisan-oedas-a-juri-ozel-odulu-1.jpg\" alt=\"\" width=\"320\" height=\"296\" srcset=\"https:\/\/www.enerjigazetesi.ist\/wp-content\/uploads\/2023\/11\/firsat-esitligi-icin-calisan-oedas-a-juri-ozel-odulu-1.jpg 519w, https:\/\/www.enerjigazetesi.ist\/wp-content\/uploads\/2023\/11\/firsat-esitligi-icin-calisan-oedas-a-juri-ozel-odulu-1-300x277.jpg 300w, https:\/\/www.enerjigazetesi.ist\/wp-content\/uploads\/2023\/11\/firsat-esitligi-icin-calisan-oedas-a-juri-ozel-odulu-1-433x400.jpg 433w, https:\/\/www.enerjigazetesi.ist\/wp-content\/uploads\/2023\/11\/firsat-esitligi-icin-calisan-oedas-a-juri-ozel-odulu-1-54x50.jpg 54w, https:\/\/www.enerjigazetesi.ist\/wp-content\/uploads\/2023\/11\/firsat-esitligi-icin-calisan-oedas-a-juri-ozel-odulu-1-500x462.jpg 500w\" sizes=\"(max-width: 320px) 100vw, 320px\" \/><\/strong><\/h3>\n<p><strong>OEDA\u015e Genel M\u00fcd\u00fcr\u00fc Fuat Celepci<\/strong>, faaliyet g\u00f6sterdikleri enerji sekt\u00f6r\u00fcnde kad\u0131n istihdam\u0131n\u0131n d\u00fc\u015f\u00fck oldu\u011funu s\u00f6yleyerek, <em>\u201cOEDA\u015e olarak, mesleklerin cinsiyetlere g\u00f6re ayr\u0131lmad\u0131\u011f\u0131na inan\u0131yor, hayat\u0131n her alan\u0131nda oldu\u011fu gibi enerji sekt\u00f6r\u00fcnde de toplumsal cinsiyet e\u015fitli\u011fini savunuyoruz. Birle\u015fmi\u015f Milletler K\u00fcresel \u0130lkeler S\u00f6zle\u015fmesi (UNGC) ve Birle\u015fmi\u015f Milletler Kad\u0131n\u0131n G\u00fc\u00e7lenmesi \u0130lkeleri (WEP\u2019s) imzac\u0131s\u0131 olmam\u0131z\u0131n verdi\u011fi sorumlulukla da yaln\u0131zca sekt\u00f6r\u00fcm\u00fczde de\u011fil etkili oldu\u011fumuz her alanda f\u0131rsat e\u015fitli\u011fine y\u00f6nelik faaliyetlerimizi s\u00fcrd\u00fcr\u00fcyoruz. Projeye ba\u015flad\u0131\u011f\u0131m\u0131z 2019 y\u0131l\u0131nda \u2018beyaz yaka\u2019 kad\u0131n \u00e7al\u0131\u015fan oran\u0131m\u0131z y\u00fczde 28 iken g\u00fcn\u00fcm\u00fczde bu oran\u0131 y\u00fczde 35\u2019e y\u00fckseldi. M\u00fchendis kadromuzda da y\u00fczde 14 seviyesinden y\u00fczde 21\u2019e ula\u015ft\u0131k. F\u0131rsat e\u015fitli\u011fi e\u011fitimleri, kad\u0131n \u00e7al\u0131\u015fanlar\u0131m\u0131za y\u00f6nelik mentorluk ve liderlik programlar\u0131 gibi \u00e7al\u0131\u015fmalar\u0131m\u0131zla bu konudaki kararl\u0131l\u0131\u011f\u0131m\u0131z\u0131 ortaya koyuyoruz.\u201d<\/em> dedi.<\/p>\n<h3><strong>\u201c\u00c7abam\u0131z\u0131n Takdir G\u00f6rmesi Sorumlulu\u011fumuzu Art\u0131r\u0131yor\u201d<\/strong><\/h3>\n<p>2019 y\u0131l\u0131nda hayata ge\u00e7irdikleri projenin bug\u00fcne kadar ulusal ve uluslararas\u0131 arenada d\u00f6rt kez \u00f6d\u00fcle lay\u0131k g\u00f6r\u00fcld\u00fc\u011f\u00fcn\u00fc hat\u0131rlatan <strong>Celepci<\/strong> \u015f\u00f6yle devam etti; <em>\u201cEnerjimiz E\u015fit projesi, kapsay\u0131c\u0131l\u0131k ve s\u00fcrd\u00fcr\u00fclebilirlik gibi evrensel de\u011ferleri benimsemesi ve bu do\u011frultuda \u00f6nemli ad\u0131mlar atmas\u0131 nedeniyle takdir g\u00f6r\u00fcyor. Bu alandaki hedeflerimize ula\u015fmak i\u00e7in verdi\u011fimiz \u00e7aban\u0131n takdir edildi\u011fini g\u00f6rmek bize hem b\u00fcy\u00fck gurur veriyor hem de sorumluluklar\u0131m\u0131z\u0131 art\u0131r\u0131yor. Bu bilin\u00e7le \u00e7al\u0131\u015fmalar\u0131m\u0131za aral\u0131ks\u0131z devam edece\u011fiz.\u201d<\/em><\/p>\n<h3><strong>\u00dc\u00e7 Y\u0131lda D\u00f6rd\u00fcnc\u00fc \u00d6d\u00fcl<\/strong><\/h3>\n<p>OEDA\u015e, Enerjimiz E\u015fit projesi ile 2021 y\u0131l\u0131nda EBRD\u2019nin d\u00fczenledi\u011fi S\u00fcrd\u00fcr\u00fclebilirlik \u00d6d\u00fclleri\u2019nde g\u00fcm\u00fc\u015f madalya, 2022 y\u0131l\u0131nda ise T.C. Enerji ve Tabii Kaynaklar Bakanl\u0131\u011f\u0131 taraf\u0131ndan d\u00fczenlenen T\u00fcrkiye\u2019ye Enerji Veren Kad\u0131nlar \u00d6d\u00fcl T\u00f6reni\u2019nde Enerjide \u00d6rnek \u015eirket, bu y\u0131l\u0131n May\u0131s ay\u0131nda Kad\u0131n Dostu Markalar 2023 Fark\u0131ndal\u0131k \u00d6d\u00fcl\u00fc\u2019n\u00fc ald\u0131. Toplumsal Fayda \u00d6d\u00fclleri\u2019nde kazan\u0131lan J\u00fcri \u00d6zel \u00d6d\u00fcl\u00fc ile birlikte \u00fc\u00e7 y\u0131lda al\u0131nan \u00f6d\u00fcllerin say\u0131s\u0131 d\u00f6rde y\u00fckseldi.<\/p>","protected":false},"excerpt":{"rendered":"<p>Sorry, this entry is only available in Turkish. For the sake of viewer convenience, the content is shown below in the alternative language. You may click the link to switch the active language. Elektrik da\u011f\u0131t\u0131m \u015firketi OEDA\u015e, kad\u0131n istihdam\u0131n\u0131n az oldu\u011fu enerji sekt\u00f6r\u00fcnde fark\u0131ndal\u0131k yaratmay\u0131 hedefledi\u011fi \u201cEnerjimiz E\u015fit\u201d projesi ile Toplumsal Fayda \u00d6d\u00fclleri\u2019nde J\u00fcri \u00d6zel [&hellip;]<\/p>\n","protected":false},"author":1,"featured_media":181677,"comment_status":"open","ping_status":"open","sticky":false,"template":"","format":"standard","meta":[],"categories":[51,53],"tags":[104203,15016,4546,8956,9749,7471,50858,111457],"views":23,"_links":{"self":[{"href":"https:\/\/www.enerjigazetesi.ist\/en\/wp-json\/wp\/v2\/posts\/181674"}],"collection":[{"href":"https:\/\/www.enerjigazetesi.ist\/en\/wp-json\/wp\/v2\/posts"}],"about":[{"href":"https:\/\/www.enerjigazetesi.ist\/en\/wp-json\/wp\/v2\/types\/post"}],"author":[{"embeddable":true,"href":"https:\/\/www.enerjigazetesi.ist\/en\/wp-json\/wp\/v2\/users\/1"}],"replies":[{"embeddable":true,"href":"https:\/\/www.enerjigazetesi.ist\/en\/wp-json\/wp\/v2\/comments?post=181674"}],"version-history":[{"count":0,"href":"https:\/\/www.enerjigazetesi.ist\/en\/wp-json\/wp\/v2\/posts\/181674\/revisions"}],"wp:featuredmedia":[{"embeddable":true,"href":"https:\/\/www.enerjigazetesi.ist\/en\/wp-json\/wp\/v2\/media\/181677"}],"wp:attachment":[{"href":"https:\/\/www.enerjigazetesi.ist\/en\/wp-json\/wp\/v2\/media?parent=181674"}],"wp:term":[{"taxonomy":"category","embeddable":true,"href":"https:\/\/www.enerjigazetesi.ist\/en\/wp-json\/wp\/v2\/categories?post=181674"},{"taxonomy":"post_tag","embeddable":true,"href":"https:\/\/www.enerjigazetesi.ist\/en\/wp-json\/wp\/v2\/tags?post=181674"}],"curies":[{"name":"wp","href":"https:\/\/api.w.org\/{rel}","templated":true}]}}