{"id":181623,"date":"2023-11-29T14:49:34","date_gmt":"2023-11-29T11:49:34","guid":{"rendered":"https:\/\/www.enerjigazetesi.ist\/?p=181623"},"modified":"2023-11-29T15:07:10","modified_gmt":"2023-11-29T12:07:10","slug":"ibb-den-surdurulebilir-enerji-ve-iklim-eylem-plani","status":"publish","type":"post","link":"https:\/\/www.enerjigazetesi.ist\/en\/ibb-den-surdurulebilir-enerji-ve-iklim-eylem-plani\/","title":{"rendered":"(Turkish) \u0130BB&#8217;den S\u00fcrd\u00fcr\u00fclebilir Enerji ve \u0130klim Eylem Plan\u0131"},"content":{"rendered":"<p class=\"qtranxs-available-languages-message qtranxs-available-languages-message-en\">Sorry, this entry is only available in <a href=\"https:\/\/www.enerjigazetesi.ist\/tr\/wp-json\/wp\/v2\/posts\/181623\" class=\"qtranxs-available-language-link qtranxs-available-language-link-tr\" title=\"Turkish\">Turkish<\/a>. For the sake of viewer convenience, the content is shown below in the alternative language. You may click the link to switch the active language.<\/p><p><\/p>\n<h2>\u0130stanbul B\u00fcy\u00fck\u015fehir Belediyesi (\u0130BB) taraf\u0131ndan S\u00fcrd\u00fcr\u00fclebilir Enerji ve \u0130klim Eylem Plan\u0131\u2019n\u0131n tan\u0131t\u0131m\u0131 yap\u0131ld\u0131.<\/h2>\n<p style=\"text-align: center;\"><img loading=\"lazy\" class=\"aligncenter wp-image-181625\" src=\"https:\/\/www.enerjigazetesi.ist\/wp-content\/uploads\/2023\/11\/ibb-den-surdurulebilir-enerji-ve-iklim-eylem-plani.jpg\" alt=\"\" width=\"500\" height=\"348\" srcset=\"https:\/\/www.enerjigazetesi.ist\/wp-content\/uploads\/2023\/11\/ibb-den-surdurulebilir-enerji-ve-iklim-eylem-plani.jpg 550w, https:\/\/www.enerjigazetesi.ist\/wp-content\/uploads\/2023\/11\/ibb-den-surdurulebilir-enerji-ve-iklim-eylem-plani-300x209.jpg 300w, https:\/\/www.enerjigazetesi.ist\/wp-content\/uploads\/2023\/11\/ibb-den-surdurulebilir-enerji-ve-iklim-eylem-plani-500x348.jpg 500w, https:\/\/www.enerjigazetesi.ist\/wp-content\/uploads\/2023\/11\/ibb-den-surdurulebilir-enerji-ve-iklim-eylem-plani-72x50.jpg 72w\" sizes=\"(max-width: 500px) 100vw, 500px\" \/><\/p>\n<p>Bu \u00f6nemli ad\u0131m, k\u00fcresel iklim krizinin ciddiyetini vurguluyor ve \u0130BB Ba\u015fkan\u0131 Ekrem \u0130mamo\u011flu\u2019nun liderli\u011finde s\u00fcrd\u00fcr\u00fclebilir bir gelece\u011fe do\u011fru at\u0131lm\u0131\u015f b\u00fcy\u00fck bir ad\u0131m\u0131 temsil ediyor.<\/p>\n<h3>\u0130BB\u2019nin K\u00fcresel \u0130klim Kriziyle M\u00fccadelesi<\/h3>\n<p>\u0130BB Ba\u015fkan\u0131 Ekrem \u0130mamo\u011flu, k\u00fcresel iklim krizinin insanl\u0131\u011f\u0131n kar\u015f\u0131 kar\u015f\u0131ya oldu\u011fu en b\u00fcy\u00fck tehditlerden biri oldu\u011funu vurgulayarak t\u00fcm d\u00fcnyan\u0131n bu soruna kar\u015f\u0131 birlikte \u00e7al\u0131\u015fmas\u0131 gerekti\u011fini belirtti. \u0130mamo\u011flu, <em>\u201cBu \u00e7al\u0131\u015fmalara yo\u011fun zaman ay\u0131r\u0131rsak, d\u00fcnyan\u0131n sava\u015fmaya vakti kalmayacak, bar\u0131\u015fa ve huzura dayal\u0131 bir d\u00fcnya var etme konusunda etkin bir d\u00f6nemi hep birlikte insanl\u0131\u011fa ya\u015fataca\u011f\u0131m\u0131z\u0131 d\u00fc\u015f\u00fcn\u00fcyorum\u201d<\/em> dedi.<\/p>\n<h3>\u0130BB\u2019nin AB Projesi: SECAP<\/h3>\n<p>\u0130BB\u2019nin \u201cEUforEnergy\u201d program\u0131 kapsam\u0131nda ba\u015fvurdu\u011fu<strong> \u201cEnerji D\u00f6n\u00fc\u015f\u00fcm\u00fc i\u00e7in AB: Bat\u0131 Balkanlar ve T\u00fcrkiye\u2019de Belediye Ba\u015fkanlar\u0131 S\u00f6zle\u015fmesi Projesi,\u201d<\/strong> Avrupa Birli\u011fi taraf\u0131ndan olumlu bir yan\u0131t ald\u0131. Bu proje, <strong>\u201cS\u00fcrd\u00fcr\u00fclebilir Enerji ve \u0130klim Plan\u0131\u201d<\/strong>n\u0131n <strong>(SECAP)<\/strong> haz\u0131rlanmas\u0131 ve uygulanmas\u0131 i\u00e7in <strong>\u0130BB\u2019ye teknik dan\u0131\u015fmanl\u0131k hizmeti<\/strong> sa\u011flad\u0131.<\/p>\n<h3>\u0130BB\u2019nin Karbon N\u00f6tr Hedefi<\/h3>\n<p>\u0130BB olarak belirledikleri hedef, \u0130stanbul\u2019u <strong>2050 y\u0131l\u0131na kadar \u201ckarbon n\u00f6tr bir kent\u201d<\/strong> haline getirmek. Bu hedef, <strong>sadece \u0130stanbul\u2019un de\u011fil, t\u00fcm T\u00fcrkiye\u2019nin \u00e7evresel s\u00fcrd\u00fcr\u00fclebilirlik \u00e7abalar\u0131na b\u00fcy\u00fck bir katk\u0131<\/strong> sa\u011flayacak.<\/p>\n<h3>\u0130stanbul\u2019un Yol Haritas\u0131<\/h3>\n<p>\u0130BB\u2019nin s\u00fcrd\u00fcr\u00fclebilir enerji ve iklim eylem plan\u0131 \u015funlar\u0131 i\u00e7eriyor:<\/p>\n<p>&#8211; \u015eehirde s\u00fcrd\u00fcr\u00fclebilir enerji kullan\u0131m\u0131n\u0131n art\u0131r\u0131lmas\u0131.<\/p>\n<p>&#8211; Karbon ayak izinin azalt\u0131lmas\u0131 ve sera gaz\u0131 emisyonlar\u0131n\u0131n kontrol alt\u0131na al\u0131nmas\u0131.<\/p>\n<p>&#8211; \u0130klim de\u011fi\u015fikli\u011fiyle m\u00fccadele i\u00e7in stratejik hedefler ve eylem ad\u0131mlar\u0131.<\/p>\n<p>&#8211; Toplumun kat\u0131l\u0131m\u0131n\u0131 art\u0131rmak i\u00e7in e\u011fitim ve bilin\u00e7lendirme projeleri.<\/p>\n<p>&#8211; Somut emisyon azalt\u0131m ve uyum eylemleri.<\/p>\n<p>\u0130BB, bu ad\u0131mlarla \u0130stanbul\u2019un s\u00fcrd\u00fcr\u00fclebilir bir gelece\u011fe do\u011fru ilerlemesine \u00f6nc\u00fcl\u00fck ediyor ve k\u00fcresel iklim kriziyle m\u00fccadeleye \u00f6nemli bir katk\u0131 sa\u011fl\u0131yor.<\/p>\n<h3>\u0130BB\u2019nin K\u00fcresel \u0130klim Kriziyle Y\u00fczle\u015fmesi<\/h3>\n<p>\u0130BB Ba\u015fkan\u0131 Ekrem \u0130mamo\u011flu, k\u00fcresel iklim krizinin insanl\u0131\u011f\u0131n kar\u015f\u0131 kar\u015f\u0131ya oldu\u011fu en b\u00fcy\u00fck tehditlerden biri oldu\u011funu vurgulayarak t\u00fcm d\u00fcnyan\u0131n bu soruna kar\u015f\u0131 birlikte \u00e7al\u0131\u015fmas\u0131 gerekti\u011fini belirtti. \u0130mamo\u011flu, <em>\u201cBu \u00e7al\u0131\u015fmalara yo\u011fun zaman ay\u0131r\u0131rsak, d\u00fcnyan\u0131n sava\u015fmaya vakti kalmayacak, bar\u0131\u015fa ve huzura dayal\u0131 bir d\u00fcnya var etme konusunda etkin bir d\u00f6nemi hep birlikte insanl\u0131\u011fa ya\u015fataca\u011f\u0131m\u0131z\u0131 d\u00fc\u015f\u00fcn\u00fcyorum\u201d<\/em> dedi.<\/p>\n<p>\u0130stanbul B\u00fcy\u00fck\u015fehir Belediyesi\u2019nin S\u00fcrd\u00fcr\u00fclebilir Enerji ve \u0130klim Eylem Plan\u0131, k\u00fcresel iklim krizine kar\u015f\u0131 at\u0131lan \u00f6nemli bir ad\u0131m olarak \u00f6ne \u00e7\u0131k\u0131yor. \u0130BB, s\u00fcrd\u00fcr\u00fclebilirlik konusunda \u00f6nemli hedeflere sahip ve bu hedeflere ula\u015fmak i\u00e7in kararl\u0131l\u0131kla \u00e7al\u0131\u015f\u0131yor. \u0130stanbul\u2019un ve T\u00fcrkiye\u2019nin s\u00fcrd\u00fcr\u00fclebilir bir gelece\u011fe katk\u0131 sa\u011flamak amac\u0131yla bu plan\u0131 uygulamaya koymas\u0131, <strong>\u00e7evre<\/strong> ve<strong> iklim<\/strong> konular\u0131nda fark\u0131ndal\u0131\u011f\u0131 art\u0131rabilir ve olumlu bir etki yaratacakt\u0131r.<\/p>\n<p><center><iframe loading=\"lazy\" title=\"YouTube video player\" src=\"https:\/\/www.youtube.com\/embed\/ZDVUySPHOGw?si=CToI1MvHauCLQTUh\" width=\"560\" height=\"315\" frameborder=\"0\" allowfullscreen=\"allowfullscreen\"><\/iframe><\/center>Kaynak: <a href=\"https:\/\/yesilhaber.net\/ibb-surdurulebilir-enerji-ve-iklim-eylem-planini-duyurdu\/\" target=\"_blank\" rel=\"noopener\">Ye\u015filHaber<\/a><\/p>","protected":false},"excerpt":{"rendered":"<p>Sorry, this entry is only available in Turkish. For the sake of viewer convenience, the content is shown below in the alternative language. You may click the link to switch the active language. \u0130stanbul B\u00fcy\u00fck\u015fehir Belediyesi (\u0130BB) taraf\u0131ndan S\u00fcrd\u00fcr\u00fclebilir Enerji ve \u0130klim Eylem Plan\u0131\u2019n\u0131n tan\u0131t\u0131m\u0131 yap\u0131ld\u0131. Bu \u00f6nemli ad\u0131m, k\u00fcresel iklim krizinin ciddiyetini vurguluyor ve [&hellip;]<\/p>\n","protected":false},"author":1,"featured_media":181625,"comment_status":"open","ping_status":"open","sticky":false,"template":"","format":"standard","meta":[],"categories":[53,52],"tags":[94556,20827,4686,4498,62],"views":50,"_links":{"self":[{"href":"https:\/\/www.enerjigazetesi.ist\/en\/wp-json\/wp\/v2\/posts\/181623"}],"collection":[{"href":"https:\/\/www.enerjigazetesi.ist\/en\/wp-json\/wp\/v2\/posts"}],"about":[{"href":"https:\/\/www.enerjigazetesi.ist\/en\/wp-json\/wp\/v2\/types\/post"}],"author":[{"embeddable":true,"href":"https:\/\/www.enerjigazetesi.ist\/en\/wp-json\/wp\/v2\/users\/1"}],"replies":[{"embeddable":true,"href":"https:\/\/www.enerjigazetesi.ist\/en\/wp-json\/wp\/v2\/comments?post=181623"}],"version-history":[{"count":0,"href":"https:\/\/www.enerjigazetesi.ist\/en\/wp-json\/wp\/v2\/posts\/181623\/revisions"}],"wp:featuredmedia":[{"embeddable":true,"href":"https:\/\/www.enerjigazetesi.ist\/en\/wp-json\/wp\/v2\/media\/181625"}],"wp:attachment":[{"href":"https:\/\/www.enerjigazetesi.ist\/en\/wp-json\/wp\/v2\/media?parent=181623"}],"wp:term":[{"taxonomy":"category","embeddable":true,"href":"https:\/\/www.enerjigazetesi.ist\/en\/wp-json\/wp\/v2\/categories?post=181623"},{"taxonomy":"post_tag","embeddable":true,"href":"https:\/\/www.enerjigazetesi.ist\/en\/wp-json\/wp\/v2\/tags?post=181623"}],"curies":[{"name":"wp","href":"https:\/\/api.w.org\/{rel}","templated":true}]}}