{"id":181601,"date":"2023-11-29T12:34:43","date_gmt":"2023-11-29T09:34:43","guid":{"rendered":"https:\/\/www.enerjigazetesi.ist\/?p=181601"},"modified":"2023-11-29T14:28:22","modified_gmt":"2023-11-29T11:28:22","slug":"akfen-yenilenebilir-enerji-iso26000-sosyal-sorumluluk-standardi-belgesini-yeniledi","status":"publish","type":"post","link":"https:\/\/www.enerjigazetesi.ist\/en\/akfen-yenilenebilir-enerji-iso26000-sosyal-sorumluluk-standardi-belgesini-yeniledi\/","title":{"rendered":"(Turkish) &#8217;Akfen Yenilenebilir Enerji&#8217; ISO26000 Belgesini Yeniledi"},"content":{"rendered":"<p class=\"qtranxs-available-languages-message qtranxs-available-languages-message-en\">Sorry, this entry is only available in <a href=\"https:\/\/www.enerjigazetesi.ist\/tr\/wp-json\/wp\/v2\/posts\/181601\" class=\"qtranxs-available-language-link qtranxs-available-language-link-tr\" title=\"Turkish\">Turkish<\/a>. For the sake of viewer convenience, the content is shown below in the alternative language. You may click the link to switch the active language.<\/p><p><\/p>\n<h2><strong>G\u00fcne\u015f, su ve r\u00fczgar<\/strong> olarak sadece yerli ve yenilenebilir kaynaklardan \u00fcretim yapan <strong>700 MW\u2019l\u0131k kurulu g\u00fcce sahip<\/strong> Akfen Yenilenebilir Enerji, sadece enerji \u00fcretimi de\u011fil, <strong>iklim de\u011fi\u015fikli\u011fi ile m\u00fccadele, biyo\u00e7e\u015fitlili\u011fi koruma, \u00e7evresel ile sosyal y\u00f6netim ve bulundu\u011fu b\u00f6lgelerdeki payda\u015flar\u0131n ya\u015fam standartlar\u0131n\u0131 art\u0131rmay\u0131\u00a0<\/strong>hedefliyor.<\/h2>\n<p style=\"text-align: center;\"><img loading=\"lazy\" class=\"aligncenter wp-image-181604\" src=\"https:\/\/www.enerjigazetesi.ist\/wp-content\/uploads\/2023\/11\/akfen-yenilenebilir-enerji-iso26000-sosyal-sorumluluk-standardi-belgesini-yeniledi.jpg\" alt=\"\" width=\"500\" height=\"333\" srcset=\"https:\/\/www.enerjigazetesi.ist\/wp-content\/uploads\/2023\/11\/akfen-yenilenebilir-enerji-iso26000-sosyal-sorumluluk-standardi-belgesini-yeniledi.jpg 550w, https:\/\/www.enerjigazetesi.ist\/wp-content\/uploads\/2023\/11\/akfen-yenilenebilir-enerji-iso26000-sosyal-sorumluluk-standardi-belgesini-yeniledi-300x200.jpg 300w, https:\/\/www.enerjigazetesi.ist\/wp-content\/uploads\/2023\/11\/akfen-yenilenebilir-enerji-iso26000-sosyal-sorumluluk-standardi-belgesini-yeniledi-500x333.jpg 500w, https:\/\/www.enerjigazetesi.ist\/wp-content\/uploads\/2023\/11\/akfen-yenilenebilir-enerji-iso26000-sosyal-sorumluluk-standardi-belgesini-yeniledi-75x50.jpg 75w, https:\/\/www.enerjigazetesi.ist\/wp-content\/uploads\/2023\/11\/akfen-yenilenebilir-enerji-iso26000-sosyal-sorumluluk-standardi-belgesini-yeniledi-450x300.jpg 450w\" sizes=\"(max-width: 500px) 100vw, 500px\" \/><\/p>\n<p>\u015eirket bu kapsamda, kurulu\u015flara sosyal sorumluluk konusunda rehberlik sa\u011flamas\u0131 amac\u0131yla geli\u015ftirilmi\u015f bir norm olan <strong>ISO 26000 Sosyal Sorumluluk standard\u0131n\u0131 yenilemeye hak kazand\u0131<\/strong>. ISO 26000 Sosyal Sorumluluk standard\u0131 sayesinde Akfen Yenilenebilir Enerji\u2019nin t\u00fcm faaliyetlerinin uluslararas\u0131 etik ilkelerle; <strong>\u00e7evresel ve yasal normlarla, k\u00fclt\u00fcrel ve politik \u00e7e\u015fitlilikle<\/strong> uygun olmas\u0131 ama\u00e7lan\u0131yor.<\/p>\n<h3><strong>4 FARKLI PROJEDE <\/strong><strong>6 B\u0130N 800 KADINA ULA\u015eTI<\/strong><\/h3>\n<p>Akfen Yenilenebilir Enerji, yine Akfen Holding\u2019in kurucusu oldu\u011fu <strong>T\u00fcrkiye \u0130nsan Kaynaklar\u0131 E\u011fitim ve Sa\u011fl\u0131k Vakf\u0131 (T\u0130KAV)<\/strong> birlikteli\u011finde enerji \u00fcretim tesislerinin bulundu\u011fu b\u00f6lgelerde ya\u015fayan insanlara d\u00f6n\u00fck projeler geli\u015ftiriyor.<\/p>\n<p>2017 y\u0131l\u0131nda <strong>\u201cEvde Okullu Olduk\u201d<\/strong> projesiyle <strong>0-6 ya\u015f grubu \u00e7ocuklar\u0131n<\/strong> geli\u015fimi konusunda <strong>15 b\u00f6lgede<\/strong> <strong>800 kad\u0131na<\/strong> ula\u015f\u0131ld\u0131. Sa\u011fl\u0131k olarak belirlenen 2018 y\u0131l\u0131n\u0131n temas\u0131nda <strong>\u201c\u00d6nce Sa\u011fl\u0131k\u201d<\/strong> projesiyle <strong>17 b\u00f6lgede<\/strong> <strong>1500 kad\u0131na sa\u011fl\u0131k e\u011fitimi\u00a0<\/strong>verildi.<\/p>\n<p>2019 y\u0131l\u0131yla birlikte ba\u015flayan <strong>\u201cHijyen Sa\u011fl\u0131kt\u0131r\u201d<\/strong> projesinde de <strong>26 farkl\u0131 noktada 2 bin kad\u0131na<\/strong> ula\u015f\u0131l\u0131rken, pandeminin ard\u0131ndan hayata ge\u00e7irilen <strong>\u201cTasarruf Evimizde, Gelecek Elimizde\u201d\u00a0<\/strong>projesinde de 2 bin 500 kad\u0131na e\u011fitim verildi. B\u00f6ylelikle 4 farkl\u0131 sosyal sorumluluk projesinde toplamda <strong>6 bin 800 kad\u0131na<\/strong> \u00e7e\u015fitli konularda y\u00fcz y\u00fcze e\u011fitim verilmi\u015f oldu. <strong>Projelerle dolayl\u0131 olarak ula\u015f\u0131lan ki\u015fi say\u0131s\u0131 ise 20 bini a\u015ft\u0131.<\/strong><\/p>\n<p><strong>Son olarak geli\u015ftirilen \u201cTasarruf Evimizde, Gelecek Elimizde\u201d<\/strong> projesi kapsam\u0131nda <strong>Mersin\u2019de<\/strong> Anamur, <strong>Ayd\u0131n\u2019da<\/strong> Karacasu ve Bozdo\u011fan, <strong>Denizli\u2019de<\/strong> Ac\u0131payam ve Kale, <strong>Mu\u011fla\u2019da<\/strong> Seydikemer ve Ula, <strong>Erzurum\u2019da<\/strong> Aziziye, <strong>Elaz\u0131\u011f\u2019da<\/strong> Merkez, <strong>Konya\u2019da<\/strong> Saray\u00f6n\u00fc ve Ere\u011fli, Kayseri\u2019de Yahyal\u0131, Sivas\u2019ta Gemerek, Tokat\u2019da Turhal, Amasya\u2019da Merkez, Giresun\u2019da Dereli ve Bulancak, <strong>Trabzon\u2019da<\/strong> K\u00f6pr\u00fcba\u015f\u0131<strong>,<\/strong> <strong>Van\u2019da<\/strong> Edremit, <strong>Sakarya\u2019da<\/strong> Gevye ve <strong>\u00c7anakkale\u2019de<\/strong> Merkez ve Lapseki b\u00f6lgelerindeki kad\u0131nlarla bulu\u015fuldu.<\/p>","protected":false},"excerpt":{"rendered":"<p>Sorry, this entry is only available in Turkish. For the sake of viewer convenience, the content is shown below in the alternative language. You may click the link to switch the active language. G\u00fcne\u015f, su ve r\u00fczgar olarak sadece yerli ve yenilenebilir kaynaklardan \u00fcretim yapan 700 MW\u2019l\u0131k kurulu g\u00fcce sahip Akfen Yenilenebilir Enerji, sadece enerji [&hellip;]<\/p>\n","protected":false},"author":1,"featured_media":181604,"comment_status":"open","ping_status":"open","sticky":false,"template":"","format":"standard","meta":[],"categories":[53,49,47,50],"tags":[28245,227,111434,69,1884,99],"views":43,"_links":{"self":[{"href":"https:\/\/www.enerjigazetesi.ist\/en\/wp-json\/wp\/v2\/posts\/181601"}],"collection":[{"href":"https:\/\/www.enerjigazetesi.ist\/en\/wp-json\/wp\/v2\/posts"}],"about":[{"href":"https:\/\/www.enerjigazetesi.ist\/en\/wp-json\/wp\/v2\/types\/post"}],"author":[{"embeddable":true,"href":"https:\/\/www.enerjigazetesi.ist\/en\/wp-json\/wp\/v2\/users\/1"}],"replies":[{"embeddable":true,"href":"https:\/\/www.enerjigazetesi.ist\/en\/wp-json\/wp\/v2\/comments?post=181601"}],"version-history":[{"count":0,"href":"https:\/\/www.enerjigazetesi.ist\/en\/wp-json\/wp\/v2\/posts\/181601\/revisions"}],"wp:featuredmedia":[{"embeddable":true,"href":"https:\/\/www.enerjigazetesi.ist\/en\/wp-json\/wp\/v2\/media\/181604"}],"wp:attachment":[{"href":"https:\/\/www.enerjigazetesi.ist\/en\/wp-json\/wp\/v2\/media?parent=181601"}],"wp:term":[{"taxonomy":"category","embeddable":true,"href":"https:\/\/www.enerjigazetesi.ist\/en\/wp-json\/wp\/v2\/categories?post=181601"},{"taxonomy":"post_tag","embeddable":true,"href":"https:\/\/www.enerjigazetesi.ist\/en\/wp-json\/wp\/v2\/tags?post=181601"}],"curies":[{"name":"wp","href":"https:\/\/api.w.org\/{rel}","templated":true}]}}