{"id":181469,"date":"2023-11-25T14:43:32","date_gmt":"2023-11-25T11:43:32","guid":{"rendered":"https:\/\/www.enerjigazetesi.ist\/?p=181469"},"modified":"2023-11-25T14:44:12","modified_gmt":"2023-11-25T11:44:12","slug":"bosch-home-comfort-yilin-tuketici-markasi-odulu-ne-layik-goruldu","status":"publish","type":"post","link":"https:\/\/www.enerjigazetesi.ist\/en\/bosch-home-comfort-yilin-tuketici-markasi-odulu-ne-layik-goruldu\/","title":{"rendered":"(Turkish) &#8217;Bosch Home Comfort&#8217; Y\u0131l\u0131n T\u00fcketici Markas\u0131 \u00d6d\u00fcl\u00fc&#8217;ne Lay\u0131k G\u00f6r\u00fcld\u00fc"},"content":{"rendered":"<p class=\"qtranxs-available-languages-message qtranxs-available-languages-message-en\">Sorry, this entry is only available in <a href=\"https:\/\/www.enerjigazetesi.ist\/tr\/wp-json\/wp\/v2\/posts\/181469\" class=\"qtranxs-available-language-link qtranxs-available-language-link-tr\" title=\"Turkish\">Turkish<\/a>. For the sake of viewer convenience, the content is shown below in the alternative language. You may click the link to switch the active language.<\/p><p><\/p>\n<h2>Bosch Home Comfort Group, \u2018her zaman her yerde \u00f6nce m\u00fc\u015fteri\u2019 yakla\u015f\u0131m\u0131 do\u011frultusunda m\u00fc\u015fterileriyle kurdu\u011fu sa\u011fl\u0131kl\u0131 ve s\u00fcrd\u00fcr\u00fclebilir ili\u015fki nedeniyle bu y\u0131l ALFA Awards\u2019ta Is\u0131tma kategorisinde \u2018Y\u0131l\u0131n T\u00fcketici Markas\u0131\u2019 \u00f6d\u00fcl\u00fcne lay\u0131k g\u00f6r\u00fcld\u00fc.<\/h2>\n<p><img loading=\"lazy\" class=\"alignright wp-image-181471\" src=\"https:\/\/www.enerjigazetesi.ist\/wp-content\/uploads\/2023\/11\/bosch-home-comfort-yilin-tuketici-markasi-odulu-ne-layik-goruldu.jpg\" alt=\"\" width=\"320\" height=\"256\" srcset=\"https:\/\/www.enerjigazetesi.ist\/wp-content\/uploads\/2023\/11\/bosch-home-comfort-yilin-tuketici-markasi-odulu-ne-layik-goruldu.jpg 550w, https:\/\/www.enerjigazetesi.ist\/wp-content\/uploads\/2023\/11\/bosch-home-comfort-yilin-tuketici-markasi-odulu-ne-layik-goruldu-300x240.jpg 300w, https:\/\/www.enerjigazetesi.ist\/wp-content\/uploads\/2023\/11\/bosch-home-comfort-yilin-tuketici-markasi-odulu-ne-layik-goruldu-500x400.jpg 500w, https:\/\/www.enerjigazetesi.ist\/wp-content\/uploads\/2023\/11\/bosch-home-comfort-yilin-tuketici-markasi-odulu-ne-layik-goruldu-63x50.jpg 63w\" sizes=\"(max-width: 320px) 100vw, 320px\" \/>\u0130klimlendirme sekt\u00f6r\u00fcn\u00fcn \u00f6nde gelen \u015firketlerinden Bosch Home Comfort Group, <strong>Marketing T\u00fcrkiye<\/strong> ve <strong>Akademetre<\/strong> i\u015f birli\u011fiyle ger\u00e7ekle\u015ftirilen ara\u015ft\u0131rma sonucunda <strong>ALFA Awards\u2019ta<\/strong> Is\u0131tma kategorisinde <strong>\u2018Y\u0131l\u0131n T\u00fcketici Markas\u0131\u2019<\/strong> se\u00e7ildi.<\/p>\n<p>T\u00fcrkiye genelinde 12 ilde bin 200 ki\u015fiyle y\u00fcz y\u00fcze yap\u0131lan g\u00f6r\u00fc\u015fmelerin sonucunda;<strong> \u2018M\u00fc\u015fterilerin arzu boyutu\u2019, \u2018Markay\u0131 deneyimleme istekleri\u2019, \u2018\u0130leti\u015fim boyutu\u2019 ve \u2018\u0130li\u015fki boyutu\u2019<\/strong> gibi <strong>m\u00fc\u015fteride ilk izlenimi olu\u015fturan<\/strong> sat\u0131\u015f \u00f6ncesi ili\u015fkiler de\u011ferlendirildi.<\/p>\n<p><strong>\u2018Her zaman her yerde \u00f6nce m\u00fc\u015fteri\u2019<\/strong> yakla\u015f\u0131m\u0131 do\u011frultusunda m\u00fc\u015fterilerini ilk s\u0131raya koyan, kaliteli ve yenilik\u00e7i \u00fcr\u00fcnleriyle oldu\u011fu kadar bu yakla\u015f\u0131m\u0131yla da t\u00fcketicilerin g\u00f6nl\u00fcn\u00fc kazanan Bosch Home Comfort Group, Is\u0131tma kategorisinde <strong>\u2018Y\u0131l\u0131n T\u00fcketici Markas\u0131\u2019 \u00f6d\u00fcl\u00fcne<\/strong> lay\u0131k g\u00f6r\u00fcld\u00fc.<\/p>","protected":false},"excerpt":{"rendered":"<p>Sorry, this entry is only available in Turkish. For the sake of viewer convenience, the content is shown below in the alternative language. You may click the link to switch the active language. Bosch Home Comfort Group, \u2018her zaman her yerde \u00f6nce m\u00fc\u015fteri\u2019 yakla\u015f\u0131m\u0131 do\u011frultusunda m\u00fc\u015fterileriyle kurdu\u011fu sa\u011fl\u0131kl\u0131 ve s\u00fcrd\u00fcr\u00fclebilir ili\u015fki nedeniyle bu y\u0131l ALFA [&hellip;]<\/p>\n","protected":false},"author":1,"featured_media":181471,"comment_status":"open","ping_status":"open","sticky":false,"template":"","format":"standard","meta":[],"categories":[46,53],"tags":[111394,108647,3172,111393,4440,111395],"views":32,"_links":{"self":[{"href":"https:\/\/www.enerjigazetesi.ist\/en\/wp-json\/wp\/v2\/posts\/181469"}],"collection":[{"href":"https:\/\/www.enerjigazetesi.ist\/en\/wp-json\/wp\/v2\/posts"}],"about":[{"href":"https:\/\/www.enerjigazetesi.ist\/en\/wp-json\/wp\/v2\/types\/post"}],"author":[{"embeddable":true,"href":"https:\/\/www.enerjigazetesi.ist\/en\/wp-json\/wp\/v2\/users\/1"}],"replies":[{"embeddable":true,"href":"https:\/\/www.enerjigazetesi.ist\/en\/wp-json\/wp\/v2\/comments?post=181469"}],"version-history":[{"count":0,"href":"https:\/\/www.enerjigazetesi.ist\/en\/wp-json\/wp\/v2\/posts\/181469\/revisions"}],"wp:featuredmedia":[{"embeddable":true,"href":"https:\/\/www.enerjigazetesi.ist\/en\/wp-json\/wp\/v2\/media\/181471"}],"wp:attachment":[{"href":"https:\/\/www.enerjigazetesi.ist\/en\/wp-json\/wp\/v2\/media?parent=181469"}],"wp:term":[{"taxonomy":"category","embeddable":true,"href":"https:\/\/www.enerjigazetesi.ist\/en\/wp-json\/wp\/v2\/categories?post=181469"},{"taxonomy":"post_tag","embeddable":true,"href":"https:\/\/www.enerjigazetesi.ist\/en\/wp-json\/wp\/v2\/tags?post=181469"}],"curies":[{"name":"wp","href":"https:\/\/api.w.org\/{rel}","templated":true}]}}