{"id":181421,"date":"2023-11-24T15:09:30","date_gmt":"2023-11-24T12:09:30","guid":{"rendered":"https:\/\/www.enerjigazetesi.ist\/?p=181421"},"modified":"2023-11-24T15:09:41","modified_gmt":"2023-11-24T12:09:41","slug":"tika-tunus-ta-gunes-enerjisi-egitim-laboratuvari-acti","status":"publish","type":"post","link":"https:\/\/www.enerjigazetesi.ist\/en\/tika-tunus-ta-gunes-enerjisi-egitim-laboratuvari-acti\/","title":{"rendered":"(Turkish) &#8217;T\u0130KA&#8217; Tunus&#8217;ta G\u00fcne\u015f Enerjisi E\u011fitim Laboratuvar\u0131 A\u00e7t\u0131"},"content":{"rendered":"<p class=\"qtranxs-available-languages-message qtranxs-available-languages-message-en\">Sorry, this entry is only available in <a href=\"https:\/\/www.enerjigazetesi.ist\/tr\/wp-json\/wp\/v2\/posts\/181421\" class=\"qtranxs-available-language-link qtranxs-available-language-link-tr\" title=\"Turkish\">Turkish<\/a>. For the sake of viewer convenience, the content is shown below in the alternative language. You may click the link to switch the active language.<\/p><p><\/p>\n<h2>T\u00fcrk \u0130\u015fbirli\u011fi ve Koordinasyon Ajans\u0131 Ba\u015fkanl\u0131\u011f\u0131 (T\u0130KA), Tunus&#8217;un Sfaks kentinde yer alan mesleki e\u011fitim merkezinde g\u00fcne\u015f enerjisi e\u011fitim laboratuvar\u0131 a\u00e7t\u0131. Laboratuvar\u0131n a\u00e7\u0131l\u0131\u015f\u0131na T\u00fcrkiye&#8217;nin Tunus B\u00fcy\u00fckel\u00e7isi, Tunus Ulusal Mesleki E\u011fitim Ajans\u0131 Ba\u015fkan\u0131 ve T\u0130KA yetkilileri kat\u0131ld\u0131. T\u0130KA, gen\u00e7lerin e\u011fitimine ve meslek edinmelerine y\u00f6nelik projeleri desteklemeye devam ediyor.<\/h2>\n<p style=\"text-align: center;\"><img loading=\"lazy\" class=\"aligncenter wp-image-181423\" src=\"https:\/\/www.enerjigazetesi.ist\/wp-content\/uploads\/2023\/11\/tika-tunus-ta-gunes-enerjisi-egitim-laboratuvari-acti.jpg\" alt=\"\" width=\"500\" height=\"297\" srcset=\"https:\/\/www.enerjigazetesi.ist\/wp-content\/uploads\/2023\/11\/tika-tunus-ta-gunes-enerjisi-egitim-laboratuvari-acti.jpg 550w, https:\/\/www.enerjigazetesi.ist\/wp-content\/uploads\/2023\/11\/tika-tunus-ta-gunes-enerjisi-egitim-laboratuvari-acti-300x178.jpg 300w, https:\/\/www.enerjigazetesi.ist\/wp-content\/uploads\/2023\/11\/tika-tunus-ta-gunes-enerjisi-egitim-laboratuvari-acti-500x297.jpg 500w, https:\/\/www.enerjigazetesi.ist\/wp-content\/uploads\/2023\/11\/tika-tunus-ta-gunes-enerjisi-egitim-laboratuvari-acti-80x48.jpg 80w\" sizes=\"(max-width: 500px) 100vw, 500px\" \/><\/p>\n<p><strong>Tunus<\/strong>\u00a0Ulusal Mesleki E\u011fitim Ajans\u0131 b\u00fcnyesindeki merkezde kurulan laboratuvar\u0131n a\u00e7\u0131l\u0131\u015f\u0131na\u00a0<strong>T\u00fcrkiye<\/strong>&#8216;nin Tunus B\u00fcy\u00fckel\u00e7isi \u00c7a\u011flar Fahri \u00c7ak\u0131ralp, Tunus Ulusal Mesleki E\u011fitim Ajans\u0131 Ba\u015fkan\u0131 Mervan Bin S\u00fcleyman, Sfaks Mesleki E\u011fitim Merkezi Direkt\u00f6r\u00fc Hamdi Guidara, T\u0130KA Tunus Koordinat\u00f6r\u00fc Ali Fuat Cebeci ve merkezde e\u011fitim alan kursiyerler kat\u0131ld\u0131.<\/p>\n<p>T\u0130KA Tunus Koordinat\u00f6r\u00fc Ali Fuat Cebeci, <em>&#8220;Tunus \u00c7al\u0131\u015fma Bakanl\u0131\u011f\u0131na ba\u011fl\u0131 Ulusal Mesleki E\u011fitim Ajans\u0131 aras\u0131nda var\u0131lan mutabakat kapsam\u0131nda, Tunus genelinde bulunan baz\u0131 mesleki e\u011fitim merkezlerinin modernize edilmesi ve yeni sistemlerle donat\u0131lmas\u0131 karar\u0131 alm\u0131\u015ft\u0131k. Bu \u00e7er\u00e7evede, Sfaks Mesleki E\u011fitim Merkezi b\u00fcnyesinde bir fotovoltaik (g\u00fcne\u015f enerjisi) e\u011fitim laboratuvar\u0131 kurduk.&#8221;<\/em> ifadelerini kulland\u0131.<\/p>\n<p>Laboratuvarda e\u011fitim verecek akademik kadronun haz\u0131rlanmas\u0131na da destek olduklar\u0131n\u0131 vurgulayan Cebeci, <em>&#8220;Kurulan e\u011fitim s\u0131n\u0131f\u0131nda, ders verecek olan akademik kadroya bir ay boyunca uzman ki\u015filerce sertifikal\u0131 e\u011fitim almalar\u0131n\u0131 sa\u011flad\u0131k. 12 ki\u015filik akademik kadronun ders verece\u011fi laboratuvardan y\u0131lda yakla\u015f\u0131k 100 \u00f6\u011frencinin faydalanmas\u0131n\u0131 ve istihdam piyasas\u0131na kat\u0131lmas\u0131n\u0131 \u00f6ng\u00f6r\u00fcyoruz. T\u0130KA olarak fark yaratan ve katma de\u011fer olu\u015fturan benzer projeleri desteklemeye ve e\u011fitim merkezlerinin altyap\u0131s\u0131n\u0131 iyile\u015ftirmeye devam etmeyi hedefliyoruz.&#8221;<\/em> ifadelerini kulland\u0131.<\/p>","protected":false},"excerpt":{"rendered":"<p>Sorry, this entry is only available in Turkish. For the sake of viewer convenience, the content is shown below in the alternative language. You may click the link to switch the active language. T\u00fcrk \u0130\u015fbirli\u011fi ve Koordinasyon Ajans\u0131 Ba\u015fkanl\u0131\u011f\u0131 (T\u0130KA), Tunus&#8217;un Sfaks kentinde yer alan mesleki e\u011fitim merkezinde g\u00fcne\u015f enerjisi e\u011fitim laboratuvar\u0131 a\u00e7t\u0131. Laboratuvar\u0131n a\u00e7\u0131l\u0131\u015f\u0131na [&hellip;]<\/p>\n","protected":false},"author":1,"featured_media":181423,"comment_status":"open","ping_status":"open","sticky":false,"template":"","format":"standard","meta":[],"categories":[53,49],"tags":[111380,111378,2206,15565,111379],"views":34,"_links":{"self":[{"href":"https:\/\/www.enerjigazetesi.ist\/en\/wp-json\/wp\/v2\/posts\/181421"}],"collection":[{"href":"https:\/\/www.enerjigazetesi.ist\/en\/wp-json\/wp\/v2\/posts"}],"about":[{"href":"https:\/\/www.enerjigazetesi.ist\/en\/wp-json\/wp\/v2\/types\/post"}],"author":[{"embeddable":true,"href":"https:\/\/www.enerjigazetesi.ist\/en\/wp-json\/wp\/v2\/users\/1"}],"replies":[{"embeddable":true,"href":"https:\/\/www.enerjigazetesi.ist\/en\/wp-json\/wp\/v2\/comments?post=181421"}],"version-history":[{"count":0,"href":"https:\/\/www.enerjigazetesi.ist\/en\/wp-json\/wp\/v2\/posts\/181421\/revisions"}],"wp:featuredmedia":[{"embeddable":true,"href":"https:\/\/www.enerjigazetesi.ist\/en\/wp-json\/wp\/v2\/media\/181423"}],"wp:attachment":[{"href":"https:\/\/www.enerjigazetesi.ist\/en\/wp-json\/wp\/v2\/media?parent=181421"}],"wp:term":[{"taxonomy":"category","embeddable":true,"href":"https:\/\/www.enerjigazetesi.ist\/en\/wp-json\/wp\/v2\/categories?post=181421"},{"taxonomy":"post_tag","embeddable":true,"href":"https:\/\/www.enerjigazetesi.ist\/en\/wp-json\/wp\/v2\/tags?post=181421"}],"curies":[{"name":"wp","href":"https:\/\/api.w.org\/{rel}","templated":true}]}}