{"id":181283,"date":"2023-11-22T13:56:17","date_gmt":"2023-11-22T10:56:17","guid":{"rendered":"https:\/\/www.enerjigazetesi.ist\/?p=181283"},"modified":"2023-11-22T13:56:39","modified_gmt":"2023-11-22T10:56:39","slug":"yesil-ekonomiyle-dunyadaki-ticaret-paradigmasi-silbastan-degisiyor","status":"publish","type":"post","link":"https:\/\/www.enerjigazetesi.ist\/en\/yesil-ekonomiyle-dunyadaki-ticaret-paradigmasi-silbastan-degisiyor\/","title":{"rendered":"(Turkish) Ye\u015fil Ekonomiyle D\u00fcnyadaki Ticaret Paradigmas\u0131 Silba\u015ftan De\u011fi\u015fiyor"},"content":{"rendered":"<p class=\"qtranxs-available-languages-message qtranxs-available-languages-message-en\">Sorry, this entry is only available in <a href=\"https:\/\/www.enerjigazetesi.ist\/tr\/wp-json\/wp\/v2\/posts\/181283\" class=\"qtranxs-available-language-link qtranxs-available-language-link-tr\" title=\"Turkish\">Turkish<\/a>. For the sake of viewer convenience, the content is shown below in the alternative language. You may click the link to switch the active language.<\/p><p><\/p>\n<h2><strong>\u201cD\u00f6ng\u00fcsel Plastik Ekonomisinde Yeni Nesil S\u00fcrd\u00fcr\u00fclebilirlik\u201d temas\u0131yla yap\u0131lan 16. PAGEV T\u00fcrk Plastik End\u00fcstrisi Kongresi\u2019nde konu\u015fan PAGEV Ba\u015fkan\u0131 Yavuz Ero\u011flu: <em>\u201cYe\u015fil Mutabakat\u0131n, d\u00fcnya ticaret dengesini nas\u0131l de\u011fi\u015ftirdi\u011fini; tedarik zincirinden finansmana, enerjiden ula\u015ft\u0131rmaya, ambalajdan in\u015faata ve tar\u0131m sekt\u00f6r\u00fcne uzanan her alanda g\u00f6rece\u011fiz\u201d<\/em> dedi.<\/strong><\/h2>\n<p style=\"text-align: center;\"><img loading=\"lazy\" class=\"aligncenter wp-image-181286\" src=\"https:\/\/www.enerjigazetesi.ist\/wp-content\/uploads\/2023\/11\/yesil-ekonomiyle-dunyadaki-ticaret-paradigmasi-silbastan-degisiyor-1.jpg\" alt=\"\" width=\"500\" height=\"334\" srcset=\"https:\/\/www.enerjigazetesi.ist\/wp-content\/uploads\/2023\/11\/yesil-ekonomiyle-dunyadaki-ticaret-paradigmasi-silbastan-degisiyor-1.jpg 550w, https:\/\/www.enerjigazetesi.ist\/wp-content\/uploads\/2023\/11\/yesil-ekonomiyle-dunyadaki-ticaret-paradigmasi-silbastan-degisiyor-1-300x200.jpg 300w, https:\/\/www.enerjigazetesi.ist\/wp-content\/uploads\/2023\/11\/yesil-ekonomiyle-dunyadaki-ticaret-paradigmasi-silbastan-degisiyor-1-500x334.jpg 500w, https:\/\/www.enerjigazetesi.ist\/wp-content\/uploads\/2023\/11\/yesil-ekonomiyle-dunyadaki-ticaret-paradigmasi-silbastan-degisiyor-1-75x50.jpg 75w, https:\/\/www.enerjigazetesi.ist\/wp-content\/uploads\/2023\/11\/yesil-ekonomiyle-dunyadaki-ticaret-paradigmasi-silbastan-degisiyor-1-450x300.jpg 450w\" sizes=\"(max-width: 500px) 100vw, 500px\" \/><\/p>\n<p>Ekonominin lokomotif sekt\u00f6rlerinden biri olan plastik end\u00fcstrisinin en \u00f6nemli uluslararas\u0131 organizasyonu <strong>16. PAGEV T\u00fcrk Plastik End\u00fcstrisi Kongresi<\/strong>, <strong>\u0130stanbul\u2019da T\u00dcYAP Palas\u2019ta<\/strong> ger\u00e7ekle\u015ftirildi. Bu y\u0131l ki temas\u0131 <strong>\u201cD\u00f6ng\u00fcsel Plastik Ekonomisinde Yeni Nesil S\u00fcrd\u00fcr\u00fclebilirlik\u201d<\/strong> olan kongrede 3 farkl\u0131 panel yer ald\u0131. <strong>\u201cYe\u015fil D\u00f6n\u00fc\u015f\u00fcm\u00fcn 3 Anahtar\u0131; Ye\u015fil Finansman, At\u0131\u011fa Ula\u015fmak ve Zihniyet D\u00f6n\u00fc\u015f\u00fcm\u00fc\u201d, \u201cYe\u015fil Teknolojiler\u201d ve \u201cYe\u015fil D\u00f6n\u00fc\u015f\u00fcmle \u0130lgili Yasal D\u00fczenlemeler\u201d<\/strong> ba\u015fl\u0131klar\u0131 alt\u0131nda yap\u0131lan oturumlara kat\u0131lan yerli ve yabanc\u0131 panelistler, <strong>d\u00f6ng\u00fcsel ekonomiye dair geli\u015fmeleri<\/strong> anlatt\u0131. Global markalar ve alan\u0131nda uzman isimlerin konu\u015fmac\u0131 oldu\u011fu kongrede, d\u00fcnyada h\u0131zla geli\u015fen ye\u015fil ekonomi trendi masaya yat\u0131r\u0131ld\u0131.<\/p>\n<p>Kongrenin ev sahipli\u011fini yapan <strong>T\u00fcrk Plastik Sanayicileri Ara\u015ft\u0131rma, Geli\u015ftirme ve E\u011fitim Vakf\u0131 (PAGEV)<\/strong> <strong>Ba\u015fkan\u0131 Yavuz Ero\u011flu<\/strong>, Avrupa Ye\u015fil Mutabakat\u0131n\u0131n, 2050 y\u0131l\u0131na uzanan hedefler do\u011frultusunda d\u00fcnyada ticaret paradigmas\u0131n\u0131n sil ba\u015ftan dizayn edildi\u011fini s\u00f6yledi. S\u00f6z konusu ama\u00e7lara ula\u015fabilmek i\u00e7in benimsenen yeni b\u00fcy\u00fcme stratejinin, iklim de\u011fi\u015fikli\u011fi eksenine g\u00f6re planland\u0131\u011f\u0131n\u0131 belirten Ero\u011flu; <strong>tedarik zincirinden finansmana, enerjiden ula\u015ft\u0131rmaya, ambalajlardan in\u015faata ve tar\u0131m sekt\u00f6r\u00fcne uzanan<\/strong> her alanda <strong>Ye\u015fil Mutabakat\u0131n ayak izlerini g\u00f6rmek m\u00fcmk\u00fcn.<\/strong> En \u00f6nemli pazar\u0131m\u0131z olan Avrupa\u2019n\u0131n, <strong>Ye\u015fil Ekonomi<\/strong> ve <strong>Ye\u015fil Teknolojiler<\/strong> kapsam\u0131nda ortaya koydu\u011fu de\u011fi\u015fim, <strong>elbette T\u00fcrkiye\u2019yi de ba\u011fl\u0131yor.<\/strong> Bu kapsamda \u00f6nemli hale gelen geri d\u00f6n\u00fc\u015f\u00fcm end\u00fcstrisinde b\u00fcy\u00fcme h\u0131zlanacak.<strong> T\u00fcrk Plastik Sekt\u00f6r\u00fc<\/strong> i\u00e7in risk ve f\u0131rsatlar sunan Avrupa\u2019daki Ye\u015fil Mutabakat; karbon ayak izi y\u00fcksek olan ithal \u00fcr\u00fcnleri ek karbon dengeleme bedelleri tahsil ederek adeta cezaland\u0131rarak, karbon emisyonu y\u00fcksek \u00fcretimleri dezavantajl\u0131 hale getirip, d\u00fcnyadaki ticaret paradigmas\u0131n\u0131n de\u011fi\u015fti\u011fini a\u00e7\u0131k\u00e7a ilan ediyor. D\u00f6ng\u00fcsel ekonomiye entegre olmas\u0131 gereken <strong>T\u00fcrkiye<\/strong>, en b\u00fcy\u00fck pazar\u0131 olan <strong>Avrupa<\/strong> ba\u015fta olmak \u00fczere ihracat yapt\u0131\u011f\u0131 \u00fclkeleri kaybetmek istemiyorsa <strong>ye\u015fil d\u00f6n\u00fc\u015f\u00fcme uyumlu \u00fcretim anlay\u0131\u015f\u0131na ge\u00e7i\u015f yapmal\u0131<\/strong>. Lineer ekonominin bitti\u011fi, <strong>d\u00f6ng\u00fcsel ekonominin h\u00fck\u00fcm s\u00fcrd\u00fc\u011f\u00fc<\/strong> dikkate al\u0131narak \u00fcretim anlay\u0131\u015f\u0131nda yeniden yap\u0131lanmaya gidilmeli\u201d dedi.<\/p>\n<h3><strong>RePlast FUARI\u2019YLA T\u00dcRK\u0130YE, YE\u015e\u0130L D\u00d6N\u00dc\u015e\u00dcMDE \u00d6NE \u00c7IKACAK <\/strong><\/h3>\n<p>Ye\u015fil D\u00f6n\u00fc\u015f\u00fcm ve Ye\u015fil Teknoloji ile h\u0131zla de\u011fi\u015fen d\u00fcnyada geri d\u00f6n\u00fc\u015f\u00fcm trendinin y\u00fckseldi\u011fini s\u00f6yleyen Ero\u011flu, at\u0131klar\u0131n stratejik hammadde haline geldi\u011fini belirterek \u015f\u00f6yle konu\u015ftu: <em>\u201cK\u00fcresel \u0131s\u0131nman\u0131n had safhaya ula\u015ft\u0131\u011f\u0131 g\u00fcn\u00fcm\u00fczde t\u00fcm d\u00fcnya art\u0131k petrol t\u00fcrevi hammaddeleri s\u0131f\u0131rdan kullanmak yerine daha \u00f6nce \u00fcr\u00fcn haline gelmi\u015f kaynaklar\u0131, geri d\u00f6n\u00fc\u015ft\u00fcrerek yeniden kullanmaya y\u00f6neldi. D\u00f6ng\u00fcsel ekonomi olarak \u00f6zetleyebilece\u011fimiz bu s\u00fcre\u00e7 hem daha temiz d\u00fcnya hem de yeni ekonomik kaynak yaratma anlam\u0131nda \u00f6nemli. Kulland\u0131\u011f\u0131m\u0131z malzemeleri geri d\u00f6n\u00fc\u015ft\u00fcrerek tekrar kullanmak \u00fclke ekonomileri i\u00e7in geri d\u00f6n\u00fc\u015f\u00fcm end\u00fcstrisinin b\u00fcy\u00fcmesini de beraberinde getiriyor. Geri d\u00f6n\u00fc\u015ft\u00fcr\u00fclm\u00fc\u015f hammadde, g\u00fcn\u00fcm\u00fczde petrolden \u00fcretilen orijinal hammaddeden daha fazla talep g\u00f6r\u00fcyor. At\u0131klara y\u00f6nelik bu de\u011fi\u015fim; b\u00fct\u00fcn d\u00fcnyay\u0131, geri d\u00f6n\u00fc\u015ft\u00fcr\u00fclm\u00fc\u015f hammadde ve s\u00f6z konusu hammaddeyi i\u015fleyecek makine-ekipman teknolojisine ula\u015fmaya sevk ediyor. D\u00fcnyada 6. Avrupa\u2019da ise Almanya\u2019dan sonra 2. S\u0131rada yer alan T\u00fcrk Plastik Sekt\u00f6r\u00fc, geri d\u00f6n\u00fc\u015f\u00fcm sekt\u00f6r\u00fcnde de d\u00fcnyada \u00f6nc\u00fc olmay\u0131 hedefliyor. Bu ama\u00e7la PAGEV \u00f6nc\u00fcl\u00fc\u011f\u00fcnde kurdu\u011fumuz PAG\u00c7EV Ye\u015fil D\u00f6n\u00fc\u015f\u00fcm ve Teknolojiler Derne\u011fimiz, T\u00dcYAP ile i\u015f birli\u011fine giderek RePlast Eurasia Plastik Geri D\u00f6n\u00fc\u015f\u00fcm Teknolojileri ve Hammaddeleri Fuar\u0131\u2019n\u0131 ger\u00e7ekle\u015ftirecek. \u0130lki \u00f6n\u00fcm\u00fczde y\u0131l, 2-4 May\u0131s 2024 tarihlerinde ger\u00e7ekle\u015fecek Fuar; T\u00fcrkiye\u2019nin, ye\u015fil d\u00f6n\u00fc\u015f\u00fcmde \u00f6nc\u00fc rol\u00fcn\u00fc devam ettirece\u011finin ve bu yar\u0131\u015fta en \u00f6nde olmak i\u00e7in iddias\u0131n\u0131 ortaya koyaca\u011f\u0131n\u0131n belgesidir. PAGEV olarak y\u00f6netiminde yer ald\u0131\u011f\u0131m\u0131z Avrupa Birli\u011fi Plastik \u00dcreticileri Derne\u011fi\u2019nin (EUPC) de deste\u011fini ald\u0131\u011f\u0131m\u0131z ve uluslararas\u0131 kat\u0131l\u0131mla ger\u00e7ekle\u015ftirilecek fuar\u0131m\u0131z plastik geri d\u00f6n\u00fc\u015f\u00fcm teknolojileri ve hammaddelerinin yeniliklerinin sergilenece\u011fi merkez haline gelecek. D\u00fcnyadaki ye\u015fil d\u00f6n\u00fc\u015f\u00fcm yar\u0131\u015f\u0131nda T\u00fcrkiye\u2019yi \u00f6ne ge\u00e7irece\u011fine inand\u0131\u011f\u0131m\u0131z fuar\u0131m\u0131z\u0131n, sekt\u00f6re \u00f6nemli kazan\u0131mlar sa\u011flamas\u0131n\u0131 \u00f6n g\u00f6r\u00fcyoruz. Uluslararas\u0131 marka haline gelecek RePlast Eurasia Plastik Geri D\u00f6n\u00fc\u015f\u00fcm Teknolojileri ve Hammaddeleri Fuar\u0131 T\u00fcrkiye\u2019nin Ye\u015fil D\u00f6n\u00fc\u015f\u00fcm konusunda att\u0131\u011f\u0131 ad\u0131mlar\u0131 h\u0131zland\u0131racakt\u0131r\u201d.<\/em><\/p>\n<p>Plastiklerin, ya\u015fam\u0131 kolayla\u015ft\u0131rd\u0131\u011f\u0131n\u0131 da vurgulayan Ero\u011flu, bu nedenle PAGEV reklam filminde, <strong>\u201cPlastiklerin do\u011fada yeri yok, hayat\u0131m\u0131zda yeri \u00e7ok, i\u015fi \u00e7ok, geri d\u00f6n\u00fc\u015ft\u00fcrelim\u201d<\/strong> \u015feklindeki slogan\u0131m\u0131zla kamuoyunu, sekt\u00f6r\u00fcm\u00fcz hakk\u0131nda do\u011fru bilgilendirdik, plastik \u00fcr\u00fcnlere y\u00f6nelik yanl\u0131\u015f ve olumsuz alg\u0131y\u0131 d\u00fczeltmeye \u00e7al\u0131\u015ft\u0131k\u201d dedi.<\/p>\n<h3><strong>THY, S\u00dcRD\u00dcR\u00dcLEB\u0130L\u0130RL\u0130K \u00c7ALI\u015eMALARIYLA 2050 KARBON N\u00d6TR HAVAYOLU HEDEF\u0130NE U\u00c7UYOR <\/strong><\/h3>\n<p><strong>\u201cD\u00f6ng\u00fcsel Plastik Ekonomisinde Yeni Nesil S\u00fcrd\u00fcr\u00fclebilirlik\u201d temal\u0131<\/strong> <strong>16. PAGEV T\u00fcrk Plastik End\u00fcstrisi Kongresi\u2019nde<\/strong> konu\u015fan T\u00fcrk Hava Yollar\u0131 (THY) Genel M\u00fcd\u00fcr Yat\u0131r\u0131m ve Teknoloji Yard\u0131mc\u0131s\u0131 Levent Konukcu, Ye\u015fil D\u00f6n\u00fc\u015f\u00fcm\u00fcn 3 Anahtar\u0131ndan biri olan<strong> \u2018Zihniyet D\u00f6n\u00fc\u015f\u00fcm\u00fc\u2019<\/strong> ba\u015fl\u0131\u011f\u0131nda konu\u015fmac\u0131yd\u0131. G\u00f6ky\u00fcz\u00fcnde 90 y\u0131ll\u0131k tecr\u00fcbeye sahip olan THY\u2019nin, s\u00fcrd\u00fcr\u00fclebilirlik alan\u0131nda att\u0131\u011f\u0131 \u00f6nemli ad\u0131mlar\u0131 anlatan Konukcu, d\u00fcnyada en fazla \u00fclkeye u\u00e7an hava yolu markas\u0131 olarak, <strong>Avrupa&#8217;n\u0131n en gen\u00e7 ve en modern filosu olma<\/strong> yolunda emin ad\u0131mlarla ilerlediklerini belirterek \u015f\u00f6yle konu\u015ftu: <em>\u201c2009 y\u0131l\u0131nda S\u00fcrd\u00fcr\u00fclebilirlik Vizyonumuzu a\u00e7\u0131klad\u0131ktan sonra bug\u00fcne gelinceye kadar pek \u00e7ok ilke imza att\u0131k. 2014\u2019te ilk S\u00fcrd\u00fcr\u00fclebilirlik Raporumuzu yay\u0131nlam\u0131\u015ft\u0131k. 2016\u2019da ise Sera Gaz\u0131 Emisyonlar\u0131n\u0131n ISO 14064-1 Raporlamas\u0131 ve Do\u011frulanmas\u0131n\u0131 ger\u00e7ekle\u015ftirmi\u015f ve S\u00fcrd\u00fcr\u00fclebilirlik Raporumuza LACP \u00d6d\u00fcl\u00fc alm\u0131\u015ft\u0131k. SAF Y\u00fck\u00fcml\u00fcl\u00fcklerini yerine getirdi\u011fimiz ilk u\u00e7u\u015fumuzun ard\u0131ndan IEnvA Stage 2 Sertifikas\u0131 Direkt Alan \u0130lk Havayolu \u015firketi olduk. 2022\u2019de G\u00f6n\u00fcll\u00fc Karbon Dengeleme Platformumuzu kurduk ve 2023 y\u0131l\u0131na geldi\u011fimizde <strong>2050<\/strong> <strong>Karbon- N\u00f6tr Hedefimizi<\/strong> ilan ettik. B\u00f6ylece d\u00fcnya genelindeki havac\u0131l\u0131k sekt\u00f6r\u00fcnde geli\u015fen reg\u00fclasyonlarda liderlik rol\u00fcm\u00fcz\u00fc oynamay\u0131 ba\u015fard\u0131k. Yeni nesil u\u00e7aklar\u0131m\u0131z, s\u00fcrd\u00fcr\u00fclebilir yak\u0131t kullan\u0131m\u0131m\u0131z, operasyonel iyile\u015ftirmelerimiz ve yeni binalar\u0131m\u0131zda yenilenebilir enerji kullan\u0131m\u0131m\u0131zla karbon emisyonlar\u0131m\u0131z\u0131 azaltarak, 2050 Karbon N\u00f6tr Havayolu hedefimize ad\u0131m ad\u0131m ilerliyoruz. Yak\u0131t tasarrufu sunan gen\u00e7 filomuzdaki toplam 437 u\u00e7a\u011f\u0131m\u0131zla, yak\u0131t verimlili\u011fi ve sera gaz\u0131 emisyonlar\u0131m\u0131z\u0131n azalt\u0131lmas\u0131n\u0131 sa\u011fl\u0131yoruz\u201d.<\/em><\/p>\n<h3><strong>KONGRE\u2019YE YERL\u0130 YABANCI \u00d6NEML\u0130 MARKA VE \u0130S\u0130MLER KATILDI <\/strong><\/h3>\n<p><strong>Yerli yabanc\u0131 geni\u015f bir kat\u0131l\u0131mla ger\u00e7ekle\u015fen<\/strong> ve <strong>Habert\u00fcrk Ekonomi M\u00fcd\u00fcr\u00fc Zeliha Sara\u00e7\u2019\u0131n moderat\u00f6rl\u00fc\u011f\u00fcn\u00fc<\/strong> yapt\u0131\u011f\u0131<strong> 16. PAGEV T\u00fcrk Plastik End\u00fcstrisi Kongresi\u2019ndeki<\/strong> panellerde \u015fu isimler konu\u015fmac\u0131yd\u0131: <em>Levent Konukcu, THY Genel M\u00fcd\u00fcr Yat\u0131r\u0131m ve Teknoloji Yard\u0131mc\u0131s\u0131- Bar\u0131\u015f Tun\u00e7siper, D\u00fcnya Bankas\u0131 (IFC) K\u0131demli Yat\u0131r\u0131m Y\u00f6neticisi, Elif Baknal\u0131 Avrupa \u0130mar Ve Kalk\u0131nma Bankas\u0131 (EBRD) Ye\u015fil Ekonomi Y\u00f6neticisi \u2013 Vedat K\u0131l\u0131\u00e7, De\u011ferlendirilebilir At\u0131k Malzemeler Sanayicileri Derne\u011fi (T\u00dcDAM) Ba\u015fkan\u0131 \u2013Ay\u015fe Melis Kocat\u00fcrk, T\u00fcrkiye Bilimsel Ve Teknolojik Ara\u015ft\u0131rma Kurumu (T\u00dcB\u0130TAK) Bilim, Teknoloji Ve Yenilik Politikalar\u0131 M\u00fcd\u00fcr V., Tamer G\u00fcven, \u0130nan Makina Y\u00f6netim Kurulu Ba\u015fkan\u0131 \u2013 Tolga Yaln\u0131z, Sibur T\u00fcrkiye Genel M\u00fcd\u00fcr\u00fc-Manfred Wittner, Chevron Lummus Novolen Technology \u0130\u015f Geli\u015ftirme Lisanslama Direkt\u00f6r\u00fc \u2013 Serkan Orhan, TOMRA Recycling Sorting T\u00fcrkiye ve Ortado\u011fu Sat\u0131\u015f M\u00fcd\u00fcr\u00fc, Sven Ortner, Ngr M\u00fcd\u00fcr\u00fc &#8211; \u00dcmit Yasin G\u00fcven, Sanayi ve Teknoloji Bakanl\u0131\u011f\u0131 Sanayi Genel M\u00fcd\u00fcrl\u00fc\u011f\u00fc Daire Ba\u015fkan\u0131-Sabriye Ayhan, \u00c7evre, \u015eehircilik ve \u0130klim De\u011fi\u015fikli\u011fi Bakanl\u0131\u011f\u0131 \u00c7evre Y\u00f6netimi Genel M\u00fcd\u00fcrl\u00fc\u011f\u00fc D\u00f6ng\u00fcsel Ekonomi ve At\u0131k Y\u00f6netimi Dairesi Ba\u015fkan\u0131- Dr. Nesrin G\u00fcndo\u011fan \u00dczer, Ticaret Bakanl\u0131\u011f\u0131 \u00dcr\u00fcn G\u00fcvenli\u011fi ve Denetimi Genel M\u00fcd\u00fcrl\u00fc\u011f\u00fc AB Teknik Mevzuat Dairesi Ba\u015fkan\u0131 &#8211; Ya\u011fmur Ero\u011flu, CERTILOOP Genel M\u00fcd\u00fcr\u00fc &#8211; Serap Akal\u0131n K\u0131z\u0131lo\u011flu, Tar\u0131m ve Orman Bakanl\u0131\u011f\u0131 G\u0131da ve Kontrol Genel M\u00fcd\u00fcrl\u00fc\u011f\u00fc G\u0131da \u0130\u015fletmeleri ve Kodeks Daire Ba\u015fkanl\u0131\u011f\u0131 &#8211; Dr. Martin Engelmann, Alman Plastik Ambalaj Derne\u011fi (IK) Genel M\u00fcd\u00fcr\u00fc.<\/em><\/p>","protected":false},"excerpt":{"rendered":"<p>Sorry, this entry is only available in Turkish. For the sake of viewer convenience, the content is shown below in the alternative language. You may click the link to switch the active language. \u201cD\u00f6ng\u00fcsel Plastik Ekonomisinde Yeni Nesil S\u00fcrd\u00fcr\u00fclebilirlik\u201d temas\u0131yla yap\u0131lan 16. PAGEV T\u00fcrk Plastik End\u00fcstrisi Kongresi\u2019nde konu\u015fan PAGEV Ba\u015fkan\u0131 Yavuz Ero\u011flu: \u201cYe\u015fil Mutabakat\u0131n, d\u00fcnya [&hellip;]<\/p>\n","protected":false},"author":1,"featured_media":181285,"comment_status":"open","ping_status":"open","sticky":false,"template":"","format":"standard","meta":[],"categories":[53],"tags":[111319,111320,27727,109756,90,64033],"views":31,"_links":{"self":[{"href":"https:\/\/www.enerjigazetesi.ist\/en\/wp-json\/wp\/v2\/posts\/181283"}],"collection":[{"href":"https:\/\/www.enerjigazetesi.ist\/en\/wp-json\/wp\/v2\/posts"}],"about":[{"href":"https:\/\/www.enerjigazetesi.ist\/en\/wp-json\/wp\/v2\/types\/post"}],"author":[{"embeddable":true,"href":"https:\/\/www.enerjigazetesi.ist\/en\/wp-json\/wp\/v2\/users\/1"}],"replies":[{"embeddable":true,"href":"https:\/\/www.enerjigazetesi.ist\/en\/wp-json\/wp\/v2\/comments?post=181283"}],"version-history":[{"count":0,"href":"https:\/\/www.enerjigazetesi.ist\/en\/wp-json\/wp\/v2\/posts\/181283\/revisions"}],"wp:featuredmedia":[{"embeddable":true,"href":"https:\/\/www.enerjigazetesi.ist\/en\/wp-json\/wp\/v2\/media\/181285"}],"wp:attachment":[{"href":"https:\/\/www.enerjigazetesi.ist\/en\/wp-json\/wp\/v2\/media?parent=181283"}],"wp:term":[{"taxonomy":"category","embeddable":true,"href":"https:\/\/www.enerjigazetesi.ist\/en\/wp-json\/wp\/v2\/categories?post=181283"},{"taxonomy":"post_tag","embeddable":true,"href":"https:\/\/www.enerjigazetesi.ist\/en\/wp-json\/wp\/v2\/tags?post=181283"}],"curies":[{"name":"wp","href":"https:\/\/api.w.org\/{rel}","templated":true}]}}