{"id":181230,"date":"2023-11-21T11:51:53","date_gmt":"2023-11-21T08:51:53","guid":{"rendered":"https:\/\/www.enerjigazetesi.ist\/?p=181230"},"modified":"2023-11-21T11:51:53","modified_gmt":"2023-11-21T08:51:53","slug":"bir-kapakla-iz-birak-projesi-basliyor","status":"publish","type":"post","link":"https:\/\/www.enerjigazetesi.ist\/en\/bir-kapakla-iz-birak-projesi-basliyor\/","title":{"rendered":"(Turkish) Bir Kapakla \u0130z B\u0131rak Projesi Ba\u015fl\u0131yor"},"content":{"rendered":"<p class=\"qtranxs-available-languages-message qtranxs-available-languages-message-en\">Sorry, this entry is only available in <a href=\"https:\/\/www.enerjigazetesi.ist\/tr\/wp-json\/wp\/v2\/posts\/181230\" class=\"qtranxs-available-language-link qtranxs-available-language-link-tr\" title=\"Turkish\">Turkish<\/a>. For the sake of viewer convenience, the content is shown below in the alternative language. You may click the link to switch the active language.<\/p><p><\/p>\n<h2><strong>Ekvator Enerji, evlerine hapsolmu\u015f engellilerin tekerlekli sandalyeler arac\u0131l\u0131\u011f\u0131yla ba\u015fta sosyal hayata kat\u0131lmalar\u0131na, devam\u0131nda e\u011fitim, k\u00fclt\u00fcrel ve mesleki alanlarda var olmalar\u0131na katk\u0131 sa\u011flamak amac\u0131yla T\u00fcrkiye Omurilik Fel\u00e7lileri Derne\u011fi (\u201cTOFD\u201d) ve \u0130stanbul Deniz Otob\u00fcsleri (\u201c\u0130DO\u201d) ile birlikte t\u00fcm T\u00fcrkiye\u2019yi kapsayacak \u201cBir Kapakla \u0130z B\u0131rak\u201d Sosyal Sorumluluk Projesini hayata ge\u00e7iriyor.<\/strong><\/h2>\n<p style=\"text-align: center;\"><img loading=\"lazy\" class=\"aligncenter wp-image-181233\" src=\"https:\/\/www.enerjigazetesi.ist\/wp-content\/uploads\/2023\/11\/bir-kapakla-iz-birak-projesi-basliyor-1.jpg\" alt=\"\" width=\"500\" height=\"334\" srcset=\"https:\/\/www.enerjigazetesi.ist\/wp-content\/uploads\/2023\/11\/bir-kapakla-iz-birak-projesi-basliyor-1.jpg 550w, https:\/\/www.enerjigazetesi.ist\/wp-content\/uploads\/2023\/11\/bir-kapakla-iz-birak-projesi-basliyor-1-300x200.jpg 300w, https:\/\/www.enerjigazetesi.ist\/wp-content\/uploads\/2023\/11\/bir-kapakla-iz-birak-projesi-basliyor-1-500x334.jpg 500w, https:\/\/www.enerjigazetesi.ist\/wp-content\/uploads\/2023\/11\/bir-kapakla-iz-birak-projesi-basliyor-1-75x50.jpg 75w, https:\/\/www.enerjigazetesi.ist\/wp-content\/uploads\/2023\/11\/bir-kapakla-iz-birak-projesi-basliyor-1-450x300.jpg 450w\" sizes=\"(max-width: 500px) 100vw, 500px\" \/><\/p>\n<p><em>T\u00fcrkiye Omurilik Fel\u00e7lileri Derne\u011fi (TOFD) Genel Merkezi\u2019nde TOFD Genel Ba\u015fkan\u0131 Semra \u00c7ET\u0130NKAYA, Genel Ba\u015fkan Yard\u0131mc\u0131s\u0131 Fatih SINAV, Ekvator Enerji Pazarlama ve \u0130\u015f Geli\u015ftirme Y\u00f6netmeni Arda TUNCA, \u0130DO Kurumsal \u0130leti\u015fim ve Pazarlama M\u00fcd\u00fcr\u00fc Filiz \u015eAFAK\u2019\u0131n<\/em> kat\u0131l\u0131m\u0131yla ger\u00e7ekle\u015ftirilen t\u00f6rende, <strong>Bir Kapakla \u0130z B\u0131rak Sosyal Sorumluluk Projesi<\/strong> protokol\u00fc imzaland\u0131.<\/p>\n<p>2011 y\u0131l\u0131ndan itibaren T\u00fcrkiye Omurilik Fel\u00e7lileri Derne\u011fi taraf\u0131ndan y\u00fcr\u00fct\u00fclen Plastik Kapak Kampanyas\u0131n\u0131 desteklemek, fark\u0131ndal\u0131\u011f\u0131 artt\u0131rmak ve yeniden g\u00fcndeme ta\u015f\u0131mak amac\u0131yla Bir Kapakla \u0130z B\u0131rak Sosyal Sorumluluk Projesi; <strong>Ekvator Enerji, \u0130DO ve TOFD<\/strong> i\u015f birli\u011fi ile ba\u015fl\u0131yor. Proje kapsam\u0131nda<strong> su \u015fi\u015fesi, damacana, me\u015frubat, yo\u011furt ve s\u0131v\u0131 deterjan kapa\u011f\u0131<\/strong> gibi <strong>her renk<\/strong> ve <strong>her \u00e7e\u015fit plastik kapaklar<\/strong> g\u00f6n\u00fcll\u00fcler taraf\u0131ndan toplanarak,<strong> tekerlekli sandalyeye d\u00f6n\u00fc\u015f\u00fcyor<\/strong> ve <strong>ihtiya\u00e7 sahiplerine ula\u015f\u0131yor.<\/strong><\/p>\n<p>\u0130lk etapta 1.250 lokasyonda ba\u015flanmas\u0131 planlanan proje kapsam\u0131nda kapak toplama kutular\u0131n\u0131 konumland\u0131ran T\u00fcrkiye\u2019nin<strong> 81 ilindeki<\/strong> g\u00f6n\u00fcll\u00fc<strong> i\u015f yeri, ofis, fabrika, al\u0131\u015fveri\u015f merkezi, hastane, okul gibi lokasyonlarda<\/strong> kapaklar birikerek <strong>tekerlekli sandalyeye<\/strong> d\u00f6n\u00fc\u015f\u00fcyor. Proje kapsam\u0131nda toplanan kapaklar sayesinde hem engelli bireyler sosyal hayata dahil oluyor hem de plastik at\u0131klar\u0131n \u00f6n\u00fcne ge\u00e7ilerek daha ya\u015fan\u0131labilir bir d\u00fcnya mottosuna katk\u0131 sa\u011flan\u0131yor.<\/p>\n<p>\u0130mza t\u00f6reninde konu\u015fan <strong>T\u00fcrkiye Omurilik Fel\u00e7lileri Derne\u011fi Genel Ba\u015fkan\u0131 Semra \u00c7ET\u0130NKAYA<\/strong> projeyle ilgili olarak <em>\u201cHem \u00e7evreyi at\u0131klardan korumak hem de topluma fark\u0131ndal\u0131k kazand\u0131rmak ad\u0131na y\u0131llard\u0131r \u00f6zverili ile s\u00fcrd\u00fcrd\u00fc\u011f\u00fcm\u00fcz plastik kapak projemizin yaratt\u0131\u011f\u0131 etki ve fark\u0131ndal\u0131k bizi mutlu ediyor. Ekvator Enerji ve \u0130DO ile yapt\u0131\u011f\u0131m\u0131z bu anla\u015fma sayesinde kampanyan\u0131n bitti\u011fini d\u00fc\u015f\u00fcnen herkes tekrardan harekete ge\u00e7ecek ve plastik kapaklar\u0131 toplamaya devam edecektir. Plastik kapaklar sayesinde y\u00fczlerce engelli birey arkada\u015f\u0131m\u0131za sa\u011flanan medikal malzeme deste\u011fi sayesinde bir\u00e7ok arkada\u015f\u0131m\u0131z sosyal hayata dahil oldu. Daha fazla hayata dokunabilmek i\u00e7in tekrardan desteklerinizi bekliyoruz. Ekvator Enerji ve \u0130DO\u2019ya desteklerinden dolay\u0131 te\u015fekk\u00fcr ederiz.\u201d<\/em> \u015feklinde d\u00fc\u015f\u00fcncelerini ifade etti.<\/p>","protected":false},"excerpt":{"rendered":"<p>Sorry, this entry is only available in Turkish. For the sake of viewer convenience, the content is shown below in the alternative language. You may click the link to switch the active language. Ekvator Enerji, evlerine hapsolmu\u015f engellilerin tekerlekli sandalyeler arac\u0131l\u0131\u011f\u0131yla ba\u015fta sosyal hayata kat\u0131lmalar\u0131na, devam\u0131nda e\u011fitim, k\u00fclt\u00fcrel ve mesleki alanlarda var olmalar\u0131na katk\u0131 sa\u011flamak [&hellip;]<\/p>\n","protected":false},"author":1,"featured_media":181232,"comment_status":"open","ping_status":"open","sticky":false,"template":"","format":"standard","meta":[],"categories":[53],"tags":[97256,61992,111298,1884,58402],"views":65,"_links":{"self":[{"href":"https:\/\/www.enerjigazetesi.ist\/en\/wp-json\/wp\/v2\/posts\/181230"}],"collection":[{"href":"https:\/\/www.enerjigazetesi.ist\/en\/wp-json\/wp\/v2\/posts"}],"about":[{"href":"https:\/\/www.enerjigazetesi.ist\/en\/wp-json\/wp\/v2\/types\/post"}],"author":[{"embeddable":true,"href":"https:\/\/www.enerjigazetesi.ist\/en\/wp-json\/wp\/v2\/users\/1"}],"replies":[{"embeddable":true,"href":"https:\/\/www.enerjigazetesi.ist\/en\/wp-json\/wp\/v2\/comments?post=181230"}],"version-history":[{"count":0,"href":"https:\/\/www.enerjigazetesi.ist\/en\/wp-json\/wp\/v2\/posts\/181230\/revisions"}],"wp:featuredmedia":[{"embeddable":true,"href":"https:\/\/www.enerjigazetesi.ist\/en\/wp-json\/wp\/v2\/media\/181232"}],"wp:attachment":[{"href":"https:\/\/www.enerjigazetesi.ist\/en\/wp-json\/wp\/v2\/media?parent=181230"}],"wp:term":[{"taxonomy":"category","embeddable":true,"href":"https:\/\/www.enerjigazetesi.ist\/en\/wp-json\/wp\/v2\/categories?post=181230"},{"taxonomy":"post_tag","embeddable":true,"href":"https:\/\/www.enerjigazetesi.ist\/en\/wp-json\/wp\/v2\/tags?post=181230"}],"curies":[{"name":"wp","href":"https:\/\/api.w.org\/{rel}","templated":true}]}}