{"id":1812,"date":"2012-09-06T09:41:49","date_gmt":"2012-09-06T06:41:49","guid":{"rendered":"https:\/\/www.enerjigazetesi.ist\/?p=1812"},"modified":"2012-09-06T09:41:49","modified_gmt":"2012-09-06T06:41:49","slug":"celige-alternatif-ahsap-turbin","status":"publish","type":"post","link":"https:\/\/www.enerjigazetesi.ist\/en\/celige-alternatif-ahsap-turbin\/","title":{"rendered":"(Turkish) \u00c7eli\u011fe Alternatif &#8216;Ah\u015fap T\u00fcrbin'"},"content":{"rendered":"<p class=\"qtranxs-available-languages-message qtranxs-available-languages-message-en\">Sorry, this entry is only available in <a href=\"https:\/\/www.enerjigazetesi.ist\/tr\/wp-json\/wp\/v2\/posts\/1812\" class=\"qtranxs-available-language-link qtranxs-available-language-link-tr\" title=\"Turkish\">Turkish<\/a>. For the sake of viewer convenience, the content is shown below in the alternative language. You may click the link to switch the active language.<\/p><p><strong>R\u00fczg\u00e2r enerjisi t\u00fcrbinlerin \u00e7elikten in\u015fa edilmesi nedeniyle, \u00e7elik imalat\u00e7\u0131s\u0131n\u0131n da y\u00fcz\u00fcn\u00fc g\u00fcld\u00fcr\u00fcyor. Bir Alman \u015firketiyse, \u00e7eli\u011fe alternatif olarak ah\u015fap r\u00fczg\u00e2r kuleleri geli\u015ftirdi.<\/strong><\/p>\n<p><img loading=\"lazy\" class=\"alignleft size-medium wp-image-1813\" title=\"ahsap-ruzgar-tribunu\" src=\"https:\/\/www.enerjigazetesi.ist\/wp-content\/uploads\/2012\/09\/ahsap-ruzgar-tribunu-300x247.jpg\" alt=\"\" width=\"300\" height=\"247\" srcset=\"https:\/\/www.enerjigazetesi.ist\/wp-content\/uploads\/2012\/09\/ahsap-ruzgar-tribunu-300x247.jpg 300w, https:\/\/www.enerjigazetesi.ist\/wp-content\/uploads\/2012\/09\/ahsap-ruzgar-tribunu-60x50.jpg 60w, https:\/\/www.enerjigazetesi.ist\/wp-content\/uploads\/2012\/09\/ahsap-ruzgar-tribunu.jpg 478w\" sizes=\"(max-width: 300px) 100vw, 300px\" \/>Teknik ruhsat\u0131 al\u0131nan ah\u015fap kulelerden ilki 2011 y\u0131l\u0131ndan beri r\u00fczg\u00e2rdan elektrik \u00fcretiyor. 100 metre y\u00fcksekli\u011findeki ikinci prototipin de eyl\u00fcl ortalar\u0131nda tamamlanmas\u0131 bekleniyor. Prototipi haz\u0131rlayan Alman \u015firketinin tezi, ah\u015fap malzemenin \u00e7elikten daha y\u00fcksek kuleler in\u015fa edilmesine elveri\u015fli olmas\u0131.<\/p>\n<p>R\u00fczg\u00e2r enerjisinde devrim olarak tan\u0131t\u0131lan a\u00e7\u0131k gri renkli kulenin tamamen ah\u015fap oldu\u011funu d\u0131\u015far\u0131dan anlamak olduk\u00e7a zor. Ah\u015fap kule teknolojisini geli\u015ftiren Timber Tower adl\u0131 \u015firketin genel m\u00fcd\u00fcr\u00fc Holger Giebel, &#8220;Bu renk, kulenin d\u0131\u015f etkenlerden korunmas\u0131n\u0131 sa\u011flayan sentetik tekstille kapl\u0131 olmas\u0131ndan kaynaklan\u0131yor&#8221; s\u00f6zlariyle a\u00e7\u0131kl\u0131yor.<\/p>\n<p>Giebel, \u201cG\u00f6rd\u00fc\u011f\u00fcn\u00fcz gibi, kafes yap\u0131 kullan\u0131yoruz. Karkas konstr\u00fcksiyon kulenin monte edilmesinde kullan\u0131l\u0131yor. Kuleyi, burada g\u00f6rd\u00fc\u011f\u00fcn\u00fcz ah\u015fap levhalar ta\u015f\u0131yor. Levhalar \u00fcst \u00fcste dizilemeyece\u011fi i\u00e7in kulenin ortas\u0131ndaki iskeleyi dayanak olarak kullan\u0131yoruz.\u201d a\u00e7\u0131klamas\u0131n\u0131 yap\u0131yor.<\/p>\n<p>Kaynak: <a href=\"http:\/\/www.dw.de\/dw\/article\/0,,16212213,00.html\" target=\"_blank\">dw.de<\/a><\/p>","protected":false},"excerpt":{"rendered":"<p>Sorry, this entry is only available in Turkish. For the sake of viewer convenience, the content is shown below in the alternative language. You may click the link to switch the active language.R\u00fczg\u00e2r enerjisi t\u00fcrbinlerin \u00e7elikten in\u015fa edilmesi nedeniyle, \u00e7elik imalat\u00e7\u0131s\u0131n\u0131n da y\u00fcz\u00fcn\u00fc g\u00fcld\u00fcr\u00fcyor. Bir Alman \u015firketiyse, \u00e7eli\u011fe alternatif olarak ah\u015fap r\u00fczg\u00e2r kuleleri geli\u015ftirdi. Teknik [&hellip;]<\/p>\n","protected":false},"author":1,"featured_media":1813,"comment_status":"open","ping_status":"open","sticky":false,"template":"","format":"standard","meta":[],"categories":[53,50],"tags":[478,67,16,17],"views":903,"_links":{"self":[{"href":"https:\/\/www.enerjigazetesi.ist\/en\/wp-json\/wp\/v2\/posts\/1812"}],"collection":[{"href":"https:\/\/www.enerjigazetesi.ist\/en\/wp-json\/wp\/v2\/posts"}],"about":[{"href":"https:\/\/www.enerjigazetesi.ist\/en\/wp-json\/wp\/v2\/types\/post"}],"author":[{"embeddable":true,"href":"https:\/\/www.enerjigazetesi.ist\/en\/wp-json\/wp\/v2\/users\/1"}],"replies":[{"embeddable":true,"href":"https:\/\/www.enerjigazetesi.ist\/en\/wp-json\/wp\/v2\/comments?post=1812"}],"version-history":[{"count":2,"href":"https:\/\/www.enerjigazetesi.ist\/en\/wp-json\/wp\/v2\/posts\/1812\/revisions"}],"predecessor-version":[{"id":1815,"href":"https:\/\/www.enerjigazetesi.ist\/en\/wp-json\/wp\/v2\/posts\/1812\/revisions\/1815"}],"wp:featuredmedia":[{"embeddable":true,"href":"https:\/\/www.enerjigazetesi.ist\/en\/wp-json\/wp\/v2\/media\/1813"}],"wp:attachment":[{"href":"https:\/\/www.enerjigazetesi.ist\/en\/wp-json\/wp\/v2\/media?parent=1812"}],"wp:term":[{"taxonomy":"category","embeddable":true,"href":"https:\/\/www.enerjigazetesi.ist\/en\/wp-json\/wp\/v2\/categories?post=1812"},{"taxonomy":"post_tag","embeddable":true,"href":"https:\/\/www.enerjigazetesi.ist\/en\/wp-json\/wp\/v2\/tags?post=1812"}],"curies":[{"name":"wp","href":"https:\/\/api.w.org\/{rel}","templated":true}]}}