{"id":181195,"date":"2023-11-20T17:52:57","date_gmt":"2023-11-20T14:52:57","guid":{"rendered":"https:\/\/www.enerjigazetesi.ist\/?p=181195"},"modified":"2023-11-20T17:53:30","modified_gmt":"2023-11-20T14:53:30","slug":"erciyes-ten-dogan-turk-sirketine-avrupa-dan-odul","status":"publish","type":"post","link":"https:\/\/www.enerjigazetesi.ist\/en\/erciyes-ten-dogan-turk-sirketine-avrupa-dan-odul\/","title":{"rendered":"(Turkish) &#8217;Erciyes&#8217;ten Do\u011fan T\u00fcrk \u015eirketine Avrupa\u2019dan \u00d6d\u00fcl"},"content":{"rendered":"<p class=\"qtranxs-available-languages-message qtranxs-available-languages-message-en\">Sorry, this entry is only available in <a href=\"https:\/\/www.enerjigazetesi.ist\/tr\/wp-json\/wp\/v2\/posts\/181195\" class=\"qtranxs-available-language-link qtranxs-available-language-link-tr\" title=\"Turkish\">Turkish<\/a>. For the sake of viewer convenience, the content is shown below in the alternative language. You may click the link to switch the active language.<\/p><p><\/p>\n<h2><strong>2023 Enterprise Europe Network \u00d6d\u00fcl\u00fc&#8217;n\u00fc yenilik\u00e7i \u00e7\u00f6z\u00fcmleri ile \u00f6ne \u00e7\u0131kan T\u00fcrk Enerji Depolama ve D\u00f6n\u00fc\u015f\u00fcm Sistemleri \u015eirketi Bataryasan kazand\u0131.<\/strong><\/h2>\n<p>T\u00fcrk \u015firketi\u00a0<a href=\"https:\/\/bataryasan.com\/\" target=\"_blank\" rel=\"noopener\">Bataryasan<\/a>, 2023 Enterprise Europe Network \u00d6d\u00fcl\u00fc&#8217;n\u00fcn \u0130lham Veren M\u00fc\u015fteri Deneyimi <img loading=\"lazy\" class=\"alignright wp-image-181199\" src=\"https:\/\/www.enerjigazetesi.ist\/wp-content\/uploads\/2023\/11\/erciyes-ten-dogan-turk-sirketine-avrupa-dan-odul-1.jpg\" alt=\"\" width=\"320\" height=\"342\" srcset=\"https:\/\/www.enerjigazetesi.ist\/wp-content\/uploads\/2023\/11\/erciyes-ten-dogan-turk-sirketine-avrupa-dan-odul-1.jpg 449w, https:\/\/www.enerjigazetesi.ist\/wp-content\/uploads\/2023\/11\/erciyes-ten-dogan-turk-sirketine-avrupa-dan-odul-1-281x300.jpg 281w, https:\/\/www.enerjigazetesi.ist\/wp-content\/uploads\/2023\/11\/erciyes-ten-dogan-turk-sirketine-avrupa-dan-odul-1-374x400.jpg 374w, https:\/\/www.enerjigazetesi.ist\/wp-content\/uploads\/2023\/11\/erciyes-ten-dogan-turk-sirketine-avrupa-dan-odul-1-47x50.jpg 47w\" sizes=\"(max-width: 320px) 100vw, 320px\" \/>kategorisindeki \u00f6d\u00fcl\u00fcn sahibi oldu. <strong>Pil teknolojileri, yak\u0131t pilleri, elektroliz cihazlar\u0131, hidrojen \u00fcretim sistemleri ve t\u00fcketim malzemeleri tasar\u0131m\u0131, \u00fcretimi ve dan\u0131\u015fmanl\u0131\u011f\u0131<\/strong> alanlar\u0131na odaklanan Bataryasan\u2019\u0131n <strong>Kurucu Orta\u011f\u0131 ve Genel M\u00fcd\u00fcr\u00fc Do\u00e7. Dr. Mehmet Fatih Kaya<\/strong>,<em> \u201cBu \u00f6d\u00fcl\u00fcn, Avrupa Birli\u011fi\u2019ndeki bilinirli\u011fimizi daha da art\u0131raca\u011f\u0131na inan\u0131yoruz. Ayr\u0131ca, faaliyetlerimizi geli\u015ftirmek ve \u00fcr\u00fcnlerimizi hedefledi\u011fimiz m\u00fc\u015fterilere ula\u015ft\u0131rmak i\u00e7in bize yeni bir d\u00f6nemin kap\u0131s\u0131n\u0131 a\u00e7acak. Enterprise Europe Network&#8217;e bizim gibi \u015firketlere, i\u015fbirlikleri, yeni pazarlar ve AB \u00fclkelerinde yeni f\u0131rsatlar\u0131n ke\u015fifleri konular\u0131nda destek oldu\u011fu i\u00e7in minnettar\u0131z&#8221;<\/em> dedi.<\/p>\n<p>Bataryasan kuruldu\u011fu 2020 y\u0131l\u0131nda bu yana m\u00fc\u015fterilerinin AB ve d\u00fcnya genelindeki s\u0131f\u0131r emisyon hedeflerine ula\u015fmalar\u0131na yard\u0131mc\u0131 olmak amac\u0131yla hidrojen enerji sistemlerine odaklan\u0131yor.<\/p>\n<h3><strong>Akademik ara\u015ft\u0131rmalardan end\u00fcstriyel \u00e7\u00f6z\u00fcmlere<\/strong><\/h3>\n<p>Temel inovatif \u00e7\u00f6z\u00fcmlerini <strong>ye\u015fil hidrojen \u00fcretimi, depolama sistemleri ve pil teknolojilerine<\/strong> dayand\u0131rd\u0131klar\u0131n\u0131 aktaran Kaya, \u00fcr\u00fcnlerinin <strong>g\u00fcne\u015f, r\u00fczgar ve di\u011fer yenilenebilir enerji tabanl\u0131 depolama sistemlerine temiz enerji ge\u00e7i\u015f se\u00e7ene\u011fi<\/strong> olarak hizmet verebildi\u011fini s\u00f6yledi. Kaya, <em>\u201c\u00dcr\u00fcnlerimizin teknolojisinin arkas\u0131nda end\u00fcstriyel tesislerdeki uygulama ihtiya\u00e7lar\u0131n\u0131 kar\u015f\u0131lamak \u00fczere \u00f6l\u00e7eklendirilen laboratuvar deneylerimiz var&#8221;<\/em> diye konu\u015ftu.<\/p>\n<p>Dr. Kaya, Bataryasan&#8217;daki g\u00f6revinin yan\u0131 s\u0131ra <strong>Erciyes \u00dcniversitesi&#8217;nde hidrojen enerjisi ve enerji d\u00f6n\u00fc\u015f\u00fcm sistemleri alan\u0131nda ara\u015ft\u0131rma g\u00f6revlisi<\/strong> olarak \u00e7al\u0131\u015f\u0131yor. Kaya, 14&#8217;ten fazla \u00fcyesi bulunan\u00a0<a href=\"https:\/\/avesis.erciyes.edu.tr\/arastirma-grubu\/hydrogenfc\" target=\"_blank\" rel=\"noopener\">Erciyes \u00dcniversitesi H2FC Hidrojen Enerjisi Ara\u015ft\u0131rma Grubu<\/a>&#8216;nu ve 40&#8217;\u0131 a\u015fk\u0131n \u00fcyesi bulunan\u00a0<a href=\"https:\/\/volta.com.tr\/about-us\/\" target=\"_blank\" rel=\"noopener\">VoltaCAR<\/a> elektrik-hidrojen araba projelerini y\u00f6netiyor.<\/p>\n<h3><strong>Enterprise Europe Network i\u00e7in hangi ad\u0131mlar at\u0131ld\u0131?<\/strong><\/h3>\n<p>Yenilenebilir enerji sistemleri taraf\u0131ndan desteklenebilen elektrokimyasal hidrojen enerji sistemlerindeki bilimsel ara\u015ft\u0131rmalar\u0131n\u0131 ticarete d\u00f6n\u00fc\u015ft\u00fcrme a\u015famas\u0131nda iki \u00f6nemli engelle kar\u015f\u0131 kar\u015f\u0131ya kald\u0131klar\u0131n\u0131 dile getiren Bataryasan Enterprise Europe Network Temsilcisi ve Erciyes Teknopark s\u00f6zc\u00fcs\u00fc Emre Altunta\u015f, \u015funlar\u0131 s\u00f6yledi: \u201c\u0130lk olarak, \u00fcr\u00fcnlerinin \u00fcretim s\u00fcrecinde gereken asal metaller de dahil olmak \u00fczere ham malzemelere eri\u015fim sa\u011flamak i\u00e7in finansman gerekiyordu. \u0130kincisi, d\u00fc\u015f\u00fck karbonlu hidrojen enerji sistemlerinin sunabilece\u011fi f\u0131rsatlar\u0131 kamuoyuna duyurabilmemiz i\u00e7in deste\u011fe ihtiya\u00e7 vard\u0131. Bu iki ihtiya\u00e7 i\u00e7in gereken destek\u00a0<strong>Erciyes Teknopark<\/strong>&#8216;taki k\u00fc\u00e7\u00fck i\u015fletme kulu\u00e7ka merkezinden geldi ve Bataryasan\u2019\u0131n Enterprise Europe Network ile ileti\u015fime ge\u00e7mesi sa\u011fland\u0131. Enterprise Europe Network\u2019un KOB\u0130&#8217;lere sundu\u011fu en b\u00fcy\u00fck destekler, i\u015f geli\u015ftirme f\u0131rsatlar\u0131 sunmas\u0131, finansmana eri\u015fim sa\u011flamas\u0131 ve \u015firketin mali olarak s\u00fcrd\u00fcr\u00fclebilir bir \u015fekilde geli\u015fmesine izin vermesi oldu. Ebeveynler, \u00e7ocuklar\u0131n\u0131n b\u00fcy\u00fcmesini g\u00f6zlemlediklerinde nas\u0131l gurur duyuyorlarsa biz de bu uzun yolculuk boyunca s\u00fcrd\u00fcr\u00fclebilirlik, diren\u00e7, enerji ve yenilenebilir enerji alanlar\u0131nda gelinen noktay\u0131 g\u00f6rd\u00fck\u00e7e gurur duyuyoruz.&#8221;<\/p>\n<h3><strong>Enterprise Europe Network Deste\u011fi ile finansmana ula\u015ft\u0131<\/strong><\/h3>\n<p>Bataryasan, Erciyes Teknopark ve Enterprise Europe Network platformunun deste\u011fi sayesinde 2020 y\u0131l\u0131nda 200 bin TL (2020 y\u0131l\u0131ndaki 24 bin Dolara e\u015fde\u011fer) tutar\u0131nda T\u00dcB\u0130TAK\u2019tan hibe al\u0131rken, KOSGEB\u2019ten ise 2021 y\u0131l\u0131nda 600 bin TL (2021 y\u0131l\u0131nda 40 bin 500 Dolara e\u015fde\u011fer) hibe elde etti. Bataryasan, bu ba\u015flang\u0131\u00e7 hibelerini almas\u0131n\u0131n ard\u0131ndan operasyonlar\u0131n\u0131 b\u00fcy\u00fcterek ek yat\u0131r\u0131m aray\u0131\u015f\u0131na girdi. Altunta\u015f, bu s\u00fcreci \u015f\u00f6yle aktard\u0131: &#8220;2023 y\u0131l\u0131nda \u015firketin belirledi\u011fi yeni hedefler do\u011frultusunda 5 milyon 600 bin TL (2023 y\u0131l\u0131nda 300 bin Dolara e\u015fde\u011fer) tutar\u0131nda bir kitlesel yat\u0131r\u0131m fonu al\u0131nd\u0131. Hala da en do\u011fru kayna\u011fa ula\u015fmak konusunda \u00e7al\u0131\u015fmalar\u0131m\u0131z\u0131 s\u00fcrd\u00fcr\u00fcyoruz.&#8221;<\/p>\n<p>Bataryasan&#8217;\u0131n bu finansman i\u00e7in b\u00fcy\u00fck planlar\u0131 oldu\u011funu vurgulayan Dr. Mehmet Fatih Kaya, \u201cYak\u0131n gelecekteki en \u00f6nemli hedefimiz, MW seviyeli elektrolizer ile konteyner tabanl\u0131 enerji depolama sistemlerini \u00fclkemizde ve AB \u00fclkelerinde kurmak. Anahtar teslim bu projeleri tamamlad\u0131\u011f\u0131m\u0131zda \u00e7ok daha b\u00fcy\u00fck bir \u015firket olaca\u011f\u0131z\u201d diye konu\u015ftu.<\/p>","protected":false},"excerpt":{"rendered":"<p>Sorry, this entry is only available in Turkish. For the sake of viewer convenience, the content is shown below in the alternative language. You may click the link to switch the active language. 2023 Enterprise Europe Network \u00d6d\u00fcl\u00fc&#8217;n\u00fc yenilik\u00e7i \u00e7\u00f6z\u00fcmleri ile \u00f6ne \u00e7\u0131kan T\u00fcrk Enerji Depolama ve D\u00f6n\u00fc\u015f\u00fcm Sistemleri \u015eirketi Bataryasan kazand\u0131. T\u00fcrk \u015firketi\u00a0Bataryasan, 2023 [&hellip;]<\/p>\n","protected":false},"author":1,"featured_media":181198,"comment_status":"open","ping_status":"open","sticky":false,"template":"","format":"standard","meta":[],"categories":[51,53],"tags":[111290,111291,2258],"views":64,"_links":{"self":[{"href":"https:\/\/www.enerjigazetesi.ist\/en\/wp-json\/wp\/v2\/posts\/181195"}],"collection":[{"href":"https:\/\/www.enerjigazetesi.ist\/en\/wp-json\/wp\/v2\/posts"}],"about":[{"href":"https:\/\/www.enerjigazetesi.ist\/en\/wp-json\/wp\/v2\/types\/post"}],"author":[{"embeddable":true,"href":"https:\/\/www.enerjigazetesi.ist\/en\/wp-json\/wp\/v2\/users\/1"}],"replies":[{"embeddable":true,"href":"https:\/\/www.enerjigazetesi.ist\/en\/wp-json\/wp\/v2\/comments?post=181195"}],"version-history":[{"count":0,"href":"https:\/\/www.enerjigazetesi.ist\/en\/wp-json\/wp\/v2\/posts\/181195\/revisions"}],"wp:featuredmedia":[{"embeddable":true,"href":"https:\/\/www.enerjigazetesi.ist\/en\/wp-json\/wp\/v2\/media\/181198"}],"wp:attachment":[{"href":"https:\/\/www.enerjigazetesi.ist\/en\/wp-json\/wp\/v2\/media?parent=181195"}],"wp:term":[{"taxonomy":"category","embeddable":true,"href":"https:\/\/www.enerjigazetesi.ist\/en\/wp-json\/wp\/v2\/categories?post=181195"},{"taxonomy":"post_tag","embeddable":true,"href":"https:\/\/www.enerjigazetesi.ist\/en\/wp-json\/wp\/v2\/tags?post=181195"}],"curies":[{"name":"wp","href":"https:\/\/api.w.org\/{rel}","templated":true}]}}