{"id":181032,"date":"2023-11-15T13:52:42","date_gmt":"2023-11-15T10:52:42","guid":{"rendered":"https:\/\/www.enerjigazetesi.ist\/?p=181032"},"modified":"2023-11-15T13:52:42","modified_gmt":"2023-11-15T10:52:42","slug":"polat-enerjiye-12-turkiye-ruzgar-enerjisi-kongresinden-anlamli-odul","status":"publish","type":"post","link":"https:\/\/www.enerjigazetesi.ist\/en\/polat-enerjiye-12-turkiye-ruzgar-enerjisi-kongresinden-anlamli-odul\/","title":{"rendered":"(Turkish) Polat Enerji\u2019ye &#8217;12. T\u00fcrkiye R\u00fczgar Enerjisi Kongresi&#8217;nden Anlaml\u0131 \u00d6d\u00fcl"},"content":{"rendered":"<p class=\"qtranxs-available-languages-message qtranxs-available-languages-message-en\">Sorry, this entry is only available in <a href=\"https:\/\/www.enerjigazetesi.ist\/tr\/wp-json\/wp\/v2\/posts\/181032\" class=\"qtranxs-available-language-link qtranxs-available-language-link-tr\" title=\"Turkish\">Turkish<\/a>. For the sake of viewer convenience, the content is shown below in the alternative language. You may click the link to switch the active language.<\/p><p><\/p>\n<h2><strong>T\u00fcrkiye R\u00fczgar Enerjisi Birli\u011fi (T\u00dcREB) taraf\u0131ndan 7-8 Kas\u0131m&#8217;da &#8220;R\u00fczgar\u0131n Y\u00fczy\u0131l\u0131&#8221; ana temas\u0131yla d\u00fczenlenen 12. T\u00fcrkiye R\u00fczgar Enerjisi Kongresi\u2019nde Polat Enerji ad\u0131na Polat Holding Y\u00f6netim Kurulu Ba\u015fkan\u0131 Adnan Polat \u2018a ba\u015far\u0131 \u00f6d\u00fcl\u00fc verildi.<\/strong><\/h2>\n<p>7-8 Kas\u0131m tarihlerinde \u0130stanbul\u2019da T\u00fcrkiye R\u00fczgar Enerjisi Birli\u011fi (T\u00dcREB) taraf\u0131ndan d\u00fczenlenen ve <img loading=\"lazy\" class=\"alignright wp-image-181034\" src=\"https:\/\/www.enerjigazetesi.ist\/wp-content\/uploads\/2023\/11\/polat-enerjiye-12-turkiye-ruzgar-enerjisi-kongresinden-anlamli-odul.jpg\" alt=\"\" width=\"320\" height=\"213\" srcset=\"https:\/\/www.enerjigazetesi.ist\/wp-content\/uploads\/2023\/11\/polat-enerjiye-12-turkiye-ruzgar-enerjisi-kongresinden-anlamli-odul.jpg 550w, https:\/\/www.enerjigazetesi.ist\/wp-content\/uploads\/2023\/11\/polat-enerjiye-12-turkiye-ruzgar-enerjisi-kongresinden-anlamli-odul-300x200.jpg 300w, https:\/\/www.enerjigazetesi.ist\/wp-content\/uploads\/2023\/11\/polat-enerjiye-12-turkiye-ruzgar-enerjisi-kongresinden-anlamli-odul-500x333.jpg 500w, https:\/\/www.enerjigazetesi.ist\/wp-content\/uploads\/2023\/11\/polat-enerjiye-12-turkiye-ruzgar-enerjisi-kongresinden-anlamli-odul-75x50.jpg 75w, https:\/\/www.enerjigazetesi.ist\/wp-content\/uploads\/2023\/11\/polat-enerjiye-12-turkiye-ruzgar-enerjisi-kongresinden-anlamli-odul-450x300.jpg 450w\" sizes=\"(max-width: 320px) 100vw, 320px\" \/>a\u00e7\u0131l\u0131\u015f\u0131na yakla\u015f\u0131k 4 bin ki\u015finin kat\u0131ld\u0131\u011f\u0131 12. T\u00fcrkiye R\u00fczgar Enerjisi\u00a0Kongresi\u2019nde yurt i\u00e7i ve yurt d\u0131\u015f\u0131ndan r\u00fczgar enerjisinin en b\u00fcy\u00fck payda\u015flar\u0131 bir araya geldi. <strong>Cumhuriyetimizin 100. y\u0131l\u0131nda \u2018R\u00fczgar\u0131n Y\u00fczy\u0131l\u0131\u2019 temas\u0131yla<\/strong> \u00f6ne \u00e7\u0131kan kongrede, r\u00fczgar enerjisinin gelece\u011fi konu\u015fuldu.<\/p>\n<p>T\u00fcrkiye&#8217;nin r\u00fczg\u00e2r enerjisi alan\u0131nda\u00a0en b\u00fcy\u00fck\u00a0oyuncular\u0131 aras\u0131nda yer alan Polat Enerji\u2019nin de kat\u0131l\u0131m\u00a0sa\u011flad\u0131\u011f\u0131 kongrede, <strong>Enerji ve Tabii Kaynaklar Bakan\u0131\u00a0Alparslan Bayraktar<\/strong> taraf\u0131ndan ba\u015far\u0131 \u00f6d\u00fcl\u00fc takdim edilen <strong>Polat Holding Y\u00f6netim Kurulu Bakan\u0131 Adnan Polat;<\/strong><\/p>\n<p><em>\u201cT\u00fcrkiye\u2019de yenilenebilir enerji konusunda neredeyse \u00e7eyrek as\u0131rd\u0131r \u00e7al\u0131\u015f\u0131yoruz. Bu i\u015fe ilk girmemizin ana motivasyonu fosil yak\u0131tlar\u0131n havay\u0131, karay\u0131, suyu kirletmesiydi. Polat Enerji olarak bizden sonraki ku\u015faklara temiz bir d\u00fcnya b\u0131rakmak i\u00e7in \u00fczerimize d\u00fc\u015feni yapmak istedik. \u0130kinci ana motivasyonumuz ise d\u0131\u015fa ba\u011f\u0131ml\u0131l\u0131kla m\u00fccadeledir. Biz enerji konusunda da \u00a0kendi kendine yeten bir T\u00fcrkiye i\u00e7in \u00e7al\u0131\u015f\u0131yoruz. Bu anlaml\u0131 \u00f6d\u00fcl i\u00e7in \u00e7ok te\u015fekk\u00fcr ederim.\u201d<\/em> dedi.<\/p>","protected":false},"excerpt":{"rendered":"<p>Sorry, this entry is only available in Turkish. For the sake of viewer convenience, the content is shown below in the alternative language. You may click the link to switch the active language. T\u00fcrkiye R\u00fczgar Enerjisi Birli\u011fi (T\u00dcREB) taraf\u0131ndan 7-8 Kas\u0131m&#8217;da &#8220;R\u00fczgar\u0131n Y\u00fczy\u0131l\u0131&#8221; ana temas\u0131yla d\u00fczenlenen 12. T\u00fcrkiye R\u00fczgar Enerjisi Kongresi\u2019nde Polat Enerji ad\u0131na Polat [&hellip;]<\/p>\n","protected":false},"author":1,"featured_media":181034,"comment_status":"open","ping_status":"open","sticky":false,"template":"","format":"standard","meta":[],"categories":[53,50],"tags":[111240,4487,5320],"views":36,"_links":{"self":[{"href":"https:\/\/www.enerjigazetesi.ist\/en\/wp-json\/wp\/v2\/posts\/181032"}],"collection":[{"href":"https:\/\/www.enerjigazetesi.ist\/en\/wp-json\/wp\/v2\/posts"}],"about":[{"href":"https:\/\/www.enerjigazetesi.ist\/en\/wp-json\/wp\/v2\/types\/post"}],"author":[{"embeddable":true,"href":"https:\/\/www.enerjigazetesi.ist\/en\/wp-json\/wp\/v2\/users\/1"}],"replies":[{"embeddable":true,"href":"https:\/\/www.enerjigazetesi.ist\/en\/wp-json\/wp\/v2\/comments?post=181032"}],"version-history":[{"count":0,"href":"https:\/\/www.enerjigazetesi.ist\/en\/wp-json\/wp\/v2\/posts\/181032\/revisions"}],"wp:featuredmedia":[{"embeddable":true,"href":"https:\/\/www.enerjigazetesi.ist\/en\/wp-json\/wp\/v2\/media\/181034"}],"wp:attachment":[{"href":"https:\/\/www.enerjigazetesi.ist\/en\/wp-json\/wp\/v2\/media?parent=181032"}],"wp:term":[{"taxonomy":"category","embeddable":true,"href":"https:\/\/www.enerjigazetesi.ist\/en\/wp-json\/wp\/v2\/categories?post=181032"},{"taxonomy":"post_tag","embeddable":true,"href":"https:\/\/www.enerjigazetesi.ist\/en\/wp-json\/wp\/v2\/tags?post=181032"}],"curies":[{"name":"wp","href":"https:\/\/api.w.org\/{rel}","templated":true}]}}