{"id":180949,"date":"2023-11-13T15:46:07","date_gmt":"2023-11-13T12:46:07","guid":{"rendered":"https:\/\/www.enerjigazetesi.ist\/?p=180949"},"modified":"2023-11-13T15:46:07","modified_gmt":"2023-11-13T12:46:07","slug":"korfez-ulkeleri-yatirimcilari-ve-turk-is-dunyasi-istanbulda-bulustu","status":"publish","type":"post","link":"https:\/\/www.enerjigazetesi.ist\/en\/korfez-ulkeleri-yatirimcilari-ve-turk-is-dunyasi-istanbulda-bulustu\/","title":{"rendered":"(Turkish) K\u00f6rfez \u00dclkeleri Yat\u0131r\u0131mc\u0131lar\u0131 ve T\u00fcrk \u0130\u015f D\u00fcnyas\u0131 \u0130stanbul&#8217;da Bulu\u015ftu"},"content":{"rendered":"<p class=\"qtranxs-available-languages-message qtranxs-available-languages-message-en\">Sorry, this entry is only available in <a href=\"https:\/\/www.enerjigazetesi.ist\/tr\/wp-json\/wp\/v2\/posts\/180949\" class=\"qtranxs-available-language-link qtranxs-available-language-link-tr\" title=\"Turkish\">Turkish<\/a>. For the sake of viewer convenience, the content is shown below in the alternative language. You may click the link to switch the active language.<\/p><p><\/p>\n<h2><strong>Uluslararas\u0131 \u0130\u015fbirli\u011fi Platformu (International Cooperation Platform) ile K\u00f6rfez Ara\u015ft\u0131rma Merkezi (Gulf Research Center) taraf\u0131ndan ger\u00e7ekle\u015ftirilen K\u00f6rfez \u00dclkeleri \u0130\u015fbirli\u011fi Konseyi (GCC)-T\u00fcrkiye Ekonomik Forumu, K\u00f6rfez \u00dclkeleri ve T\u00fcrk i\u015f d\u00fcnyas\u0131n\u0131n yo\u011fun kat\u0131l\u0131m\u0131 ile ger\u00e7ekle\u015fti. T\u00fcrkiye&#8217;de yap\u0131lan en \u00f6nemli zirvelerden bir tanesi oldu\u011funu, zirvenin K\u00f6rfez ve T\u00fcrkiye i\u015f d\u00fcnyas\u0131n\u0131 bir araya getirdi\u011fini ifade eden U\u0130P Kurucusu ve Ba\u015fkan\u0131 Cengiz \u00d6zgencil, K\u00f6rfez \u00dclkeleri\u2019nden A ve B stat\u00fcs\u00fcndeki 136 i\u015f insan\u0131n\u0131n, T\u00fcrkiye&#8217;den ise 146 i\u015f insan\u0131n\u0131n kat\u0131ld\u0131\u011f\u0131n\u0131 s\u00f6yledi.<\/strong><\/h2>\n<p><strong>K\u00f6rfez \u00dclkeleri yat\u0131r\u0131mc\u0131lar\u0131<\/strong> ve <strong>T\u00fcrk i\u015f d\u00fcnyas\u0131<\/strong> 12-13 Kas\u0131m&#8217;da \u0130stanbul&#8217;da ger\u00e7ekle\u015ftirilen <strong>K\u00f6rfez \u00dclkeleri \u0130\u015fbirli\u011fi Konseyi (GCC) &#8211; T\u00fcrkiye Ekonomik Forumu&#8217;nda<\/strong> bir araya geldi. K\u00f6rfez \u0130\u015fbirli\u011fi Konseyine ba\u011fl\u0131 \u00fclkelerin <strong>bakanlar\u0131, bakan yard\u0131mc\u0131lar\u0131, Hazine ve Maliye Bakan\u0131 Mehmet \u015eim\u015fek, Ticaret Bakan\u0131 \u00d6mer Bolat&#8217;\u0131n<\/strong> ve <strong>\u00e7ok say\u0131da b\u00fcrokrat\u0131n kat\u0131ld\u0131\u011f\u0131<\/strong> toplant\u0131da kat\u0131l\u0131mc\u0131 \u00fclkelerin <strong>tar\u0131m, g\u0131da, altyap\u0131, ula\u015f\u0131m, lojistik, turizm, finans, yat\u0131r\u0131m, sanayi ve enerji<\/strong> alanlar\u0131nda faaliyet g\u00f6steren \u015firketlerin yetkilileri de haz\u0131r bulundu.<\/p>\n<h3><strong>\u00dcLKELER ARASI \u0130\u015e B\u0130RL\u0130\u011e\u0130N\u0130N GEL\u0130\u015e\u0130M\u0130NE DESTEK\u00a0<\/strong><\/h3>\n<p><img loading=\"lazy\" class=\"alignright wp-image-180952\" src=\"https:\/\/www.enerjigazetesi.ist\/wp-content\/uploads\/2023\/11\/korfez-ulkeleri-yatirimcilari-ve-turk-is-dunyasi-istanbulda-bulustu-1.jpg\" alt=\"\" width=\"320\" height=\"323\" srcset=\"https:\/\/www.enerjigazetesi.ist\/wp-content\/uploads\/2023\/11\/korfez-ulkeleri-yatirimcilari-ve-turk-is-dunyasi-istanbulda-bulustu-1.jpg 476w, https:\/\/www.enerjigazetesi.ist\/wp-content\/uploads\/2023\/11\/korfez-ulkeleri-yatirimcilari-ve-turk-is-dunyasi-istanbulda-bulustu-1-298x300.jpg 298w, https:\/\/www.enerjigazetesi.ist\/wp-content\/uploads\/2023\/11\/korfez-ulkeleri-yatirimcilari-ve-turk-is-dunyasi-istanbulda-bulustu-1-150x150.jpg 150w, https:\/\/www.enerjigazetesi.ist\/wp-content\/uploads\/2023\/11\/korfez-ulkeleri-yatirimcilari-ve-turk-is-dunyasi-istanbulda-bulustu-1-397x400.jpg 397w, https:\/\/www.enerjigazetesi.ist\/wp-content\/uploads\/2023\/11\/korfez-ulkeleri-yatirimcilari-ve-turk-is-dunyasi-istanbulda-bulustu-1-50x50.jpg 50w, https:\/\/www.enerjigazetesi.ist\/wp-content\/uploads\/2023\/11\/korfez-ulkeleri-yatirimcilari-ve-turk-is-dunyasi-istanbulda-bulustu-1-100x100.jpg 100w\" sizes=\"(max-width: 320px) 100vw, 320px\" \/>Forumun b\u00f6lge \u00fclkeleri ile T\u00fcrkiye aras\u0131ndaki ekonomik i\u015f birli\u011finin geli\u015ftirilmesine yard\u0131mc\u0131 olmak ad\u0131na d\u00fczenlendi\u011fini belirten <strong>U\u0130P Kurucusu ve Ba\u015fkan\u0131 Cengiz \u00d6zgencil<\/strong>, zirveye <strong>\u00fcst d\u00fczey i\u015f insan\u0131<\/strong> ve <strong>bakan d\u00fczeyinde kat\u0131l\u0131m\u0131n sa\u011fland\u0131\u011f\u0131n\u0131<\/strong> ve <strong>yo\u011fun B2B g\u00f6r\u00fc\u015fmelerinin<\/strong> oldu\u011funu kaydetti. \u00d6zgencil, GCC-T\u00fcrkiye Ekonomik Forumu\u2019nun T\u00fcrkiye&#8217;de yap\u0131lan en \u00f6nemli zirvelerden bir tanesi oldu\u011funun alt\u0131n\u0131 \u00e7izdi.<\/p>\n<p>Zirveye yo\u011fun kat\u0131l\u0131m oldu\u011funu s\u00f6yleyen \u00d6zgencil, zirvenin hem genel ak\u0131\u015f\u0131 hem de arka planda B2B odalar\u0131nda i\u015f insanlar\u0131n\u0131n bir araya gelip g\u00f6r\u00fc\u015fmeler yapmas\u0131, kamu ba\u011flam\u0131nda da bakanlar\u0131n bir araya gelip g\u00f6r\u00fc\u015fmeler yapmas\u0131 ile \u00e7ok verimli ge\u00e7ti\u011fini kaydetti. \u00d6zgencil, <em>&#8220;\u00d6zellikle \u00fclkemizdeki \u00e7ok de\u011ferli i\u015f insanlar\u0131 yo\u011fun bir \u015fekilde kat\u0131l\u0131m sa\u011flad\u0131. B\u00fcy\u00fck firmalar\u0131n CEO d\u00fczeyinde kat\u0131l\u0131m\u0131 oldu.&#8221;<\/em> ifadelerini kulland\u0131.<\/p>\n<h3><strong>\u201c\u00d6ZEL SEKT\u00d6R\u00dcN D\u0130PLOMAS\u0130 G\u00d6REV\u0130 VAR\u201d<\/strong><\/h3>\n<p><strong>Cengiz \u00d6zgencil<\/strong> s\u00f6zlerini \u015f\u00f6yle s\u00fcrd\u00fcrd\u00fc;<\/p>\n<p><em>&#8220;Her \u015feyi devletten beklememek laz\u0131m. Devlet tabii ki hem i\u015f d\u00fcnyas\u0131 hem de vatanda\u015f i\u00e7in koruyucu bir \u00e7at\u0131. \u00d6zel sekt\u00f6r d\u00fcnyadaki her \u00fclkede bir diplomasi de yap\u0131yor, sadece i\u015f ba\u011flant\u0131s\u0131 yapm\u0131yor. Bir diplomasi g\u00f6revi de var. <strong>GCC &#8211; T\u00fcrkiye Ekonomik Forumu<\/strong>\u2019nda \u00f6zel sekt\u00f6r\u00fcn birbirleriyle olan g\u00f6r\u00fc\u015fmelerinde \u00fczerlerine d\u00fc\u015fen g\u00f6revi fazlas\u0131yla yapt\u0131klar\u0131n\u0131 d\u00fc\u015f\u00fcn\u00fcyorum. \u00c7\u00fcnk\u00fc kat\u0131l\u0131m\u0131n bu kadar yo\u011fun ve \u00fcst d\u00fczey olmas\u0131 \u00e7ok de\u011ferli bakanlar\u0131m\u0131z\u0131n uzun soluklu, \u00e7ok detayl\u0131 konu\u015fmalar yapmas\u0131 ve bu konu\u015fmalar\u0131 yaparken de haz\u0131rlad\u0131klar\u0131 bir tak\u0131m programlar\u0131 salona yans\u0131tmalar\u0131 \u00e7ok de\u011ferliydi. Kat\u0131l\u0131mc\u0131lar da bunlardan \u00e7ok etkilendi.&#8221;<\/em><\/p>","protected":false},"excerpt":{"rendered":"<p>Sorry, this entry is only available in Turkish. For the sake of viewer convenience, the content is shown below in the alternative language. You may click the link to switch the active language. Uluslararas\u0131 \u0130\u015fbirli\u011fi Platformu (International Cooperation Platform) ile K\u00f6rfez Ara\u015ft\u0131rma Merkezi (Gulf Research Center) taraf\u0131ndan ger\u00e7ekle\u015ftirilen K\u00f6rfez \u00dclkeleri \u0130\u015fbirli\u011fi Konseyi (GCC)-T\u00fcrkiye Ekonomik Forumu, [&hellip;]<\/p>\n","protected":false},"author":1,"featured_media":180951,"comment_status":"open","ping_status":"open","sticky":false,"template":"","format":"standard","meta":[],"categories":[53],"tags":[111208,111206,111205,103150,111207],"views":17,"_links":{"self":[{"href":"https:\/\/www.enerjigazetesi.ist\/en\/wp-json\/wp\/v2\/posts\/180949"}],"collection":[{"href":"https:\/\/www.enerjigazetesi.ist\/en\/wp-json\/wp\/v2\/posts"}],"about":[{"href":"https:\/\/www.enerjigazetesi.ist\/en\/wp-json\/wp\/v2\/types\/post"}],"author":[{"embeddable":true,"href":"https:\/\/www.enerjigazetesi.ist\/en\/wp-json\/wp\/v2\/users\/1"}],"replies":[{"embeddable":true,"href":"https:\/\/www.enerjigazetesi.ist\/en\/wp-json\/wp\/v2\/comments?post=180949"}],"version-history":[{"count":0,"href":"https:\/\/www.enerjigazetesi.ist\/en\/wp-json\/wp\/v2\/posts\/180949\/revisions"}],"wp:featuredmedia":[{"embeddable":true,"href":"https:\/\/www.enerjigazetesi.ist\/en\/wp-json\/wp\/v2\/media\/180951"}],"wp:attachment":[{"href":"https:\/\/www.enerjigazetesi.ist\/en\/wp-json\/wp\/v2\/media?parent=180949"}],"wp:term":[{"taxonomy":"category","embeddable":true,"href":"https:\/\/www.enerjigazetesi.ist\/en\/wp-json\/wp\/v2\/categories?post=180949"},{"taxonomy":"post_tag","embeddable":true,"href":"https:\/\/www.enerjigazetesi.ist\/en\/wp-json\/wp\/v2\/tags?post=180949"}],"curies":[{"name":"wp","href":"https:\/\/api.w.org\/{rel}","templated":true}]}}