{"id":1809,"date":"2012-09-06T09:32:24","date_gmt":"2012-09-06T06:32:24","guid":{"rendered":"https:\/\/www.enerjigazetesi.ist\/?p=1809"},"modified":"2012-09-06T09:32:24","modified_gmt":"2012-09-06T06:32:24","slug":"turkiyeden-turkmenistana-enerji-yatirimi","status":"publish","type":"post","link":"https:\/\/www.enerjigazetesi.ist\/en\/turkiyeden-turkmenistana-enerji-yatirimi\/","title":{"rendered":"(Turkish) T\u00fcrkiye&#8217;den T\u00fcrkmenistan&#8217;a Enerji Yat\u0131r\u0131m\u0131"},"content":{"rendered":"<p class=\"qtranxs-available-languages-message qtranxs-available-languages-message-en\">Sorry, this entry is only available in <a href=\"https:\/\/www.enerjigazetesi.ist\/tr\/wp-json\/wp\/v2\/posts\/1809\" class=\"qtranxs-available-language-link qtranxs-available-language-link-tr\" title=\"Turkish\">Turkish<\/a>. For the sake of viewer convenience, the content is shown below in the alternative language. You may click the link to switch the active language.<\/p><p><strong>T\u00fcrkiye&#8217;nin T\u00fcrkmenistan&#8217;daki enerji projelerine kat\u0131lmak istedi\u011fi bildiriliyor .<\/strong><\/p>\n<p><img loading=\"lazy\" class=\"alignright size-medium wp-image-1810\" title=\"enerji-yatirimlari-turkmenistan\" src=\"https:\/\/www.enerjigazetesi.ist\/wp-content\/uploads\/2012\/09\/enerji-yatirimlari-turkmenistan-300x214.jpg\" alt=\"\" width=\"300\" height=\"214\" srcset=\"https:\/\/www.enerjigazetesi.ist\/wp-content\/uploads\/2012\/09\/enerji-yatirimlari-turkmenistan-300x214.jpg 300w, https:\/\/www.enerjigazetesi.ist\/wp-content\/uploads\/2012\/09\/enerji-yatirimlari-turkmenistan-69x50.jpg 69w, https:\/\/www.enerjigazetesi.ist\/wp-content\/uploads\/2012\/09\/enerji-yatirimlari-turkmenistan.jpg 400w\" sizes=\"(max-width: 300px) 100vw, 300px\" \/>T\u00fcrkmenistan bas\u0131n\u0131,T\u00fcrkiye&#8217;nin \u00fclkedeki enerji projelerine kat\u0131lmak istedi\u011fini duyurdu. Enerji ve Tabii Kaynaklar Bakan\u0131 Taner Y\u0131ld\u0131z&#8217;\u0131n 2-3 Eyl\u00fcl&#8217;de T\u00fcrkmenistan&#8217;a resmi ziyarette bulundu\u011funu hat\u0131rlatan T\u00fcrkmen medyas\u0131, Ankara&#8217;n\u0131n b\u00f6lgedeki enerji politikalar\u0131n\u0131 yak\u0131ndan izledi\u011fine dikkat \u00e7ekti.<\/p>\n<p>Gazeteler, Enerji Bakan\u0131 Taner Y\u0131ld\u0131z ile Devlet Ba\u015fkan\u0131 Gurbanguli Berdimuhamedov aras\u0131ndaki g\u00f6r\u00fc\u015fmeye geni\u015f yer ay\u0131rd\u0131. Haberlere g\u00f6re Bakan Y\u0131ld\u0131z, T\u00fcrkmenistan&#8217;\u0131n izledi\u011fi enerji politikas\u0131n\u0131n \u00f6nemli oldu\u011funu belirterek, T\u00fcrkiye&#8217;nin T\u00fcrkmen taraf\u0131n\u0131n ileri s\u00fcrd\u00fc\u011f\u00fc inisiyatifleri her zaman destekleyeceklerini s\u00f6yledi. T\u00fcrkmenistan&#8217;daki enerji projelerinde yer almak istediklerini belirten Y\u0131ld\u0131z, <strong>T\u00fcrkmen gaz\u0131n\u0131n<\/strong> d\u00fcnya piyasas\u0131na \u00e7e\u015fitli g\u00fczergahlar ile ula\u015ft\u0131r\u0131lmas\u0131 y\u00f6n\u00fcndeki projelerde de aktif rol almak istediklerini ifade etti.<\/p>\n<p>Bakan Y\u0131ld\u0131z, A\u015fkabat&#8217;ta Hazar ge\u00e7i\u015fli do\u011falgaz boru hatt\u0131 projesi (T\u00fcrkmenistan-Azerbaycan-Avrupa Birli\u011fi) g\u00f6r\u00fc\u015fmelerine kat\u0131lm\u0131\u015ft\u0131. Enerji Bakan\u0131, bu ziyaretinde T\u00fcrkiye&#8217;nin \u00f6nc\u00fcl\u00fck etti\u011fi Azerbaycan gaz\u0131n\u0131 Avrupa&#8217;ya ta\u015f\u0131yacak Trans Anadolu Do\u011falgaz Boru Hatt\u0131 Projesi (TANAP) konusunda da yo\u011fun mesaide bulunarak, TANAP projesiyle T\u00fcrkmen gaz\u0131na talip olduklar\u0131n\u0131 dile getirmi\u015fti.<\/p>\n<p>Kaynak: <a href=\"http:\/\/www.dunyabulteni.net\/?aType=haber&amp;ArticleID=225462\" target=\"_blank\">D\u00fcnyaB\u00fclteni<\/a><\/p>\n<p>&nbsp;<\/p>","protected":false},"excerpt":{"rendered":"<p>Sorry, this entry is only available in Turkish. For the sake of viewer convenience, the content is shown below in the alternative language. You may click the link to switch the active language.T\u00fcrkiye&#8217;nin T\u00fcrkmenistan&#8217;daki enerji projelerine kat\u0131lmak istedi\u011fi bildiriliyor . T\u00fcrkmenistan bas\u0131n\u0131,T\u00fcrkiye&#8217;nin \u00fclkedeki enerji projelerine kat\u0131lmak istedi\u011fini duyurdu. Enerji ve Tabii Kaynaklar Bakan\u0131 Taner Y\u0131ld\u0131z&#8217;\u0131n [&hellip;]<\/p>\n","protected":false},"author":1,"featured_media":1810,"comment_status":"open","ping_status":"open","sticky":false,"template":"","format":"standard","meta":[],"categories":[46,53],"tags":[67,477,463,476],"views":662,"_links":{"self":[{"href":"https:\/\/www.enerjigazetesi.ist\/en\/wp-json\/wp\/v2\/posts\/1809"}],"collection":[{"href":"https:\/\/www.enerjigazetesi.ist\/en\/wp-json\/wp\/v2\/posts"}],"about":[{"href":"https:\/\/www.enerjigazetesi.ist\/en\/wp-json\/wp\/v2\/types\/post"}],"author":[{"embeddable":true,"href":"https:\/\/www.enerjigazetesi.ist\/en\/wp-json\/wp\/v2\/users\/1"}],"replies":[{"embeddable":true,"href":"https:\/\/www.enerjigazetesi.ist\/en\/wp-json\/wp\/v2\/comments?post=1809"}],"version-history":[{"count":1,"href":"https:\/\/www.enerjigazetesi.ist\/en\/wp-json\/wp\/v2\/posts\/1809\/revisions"}],"predecessor-version":[{"id":1811,"href":"https:\/\/www.enerjigazetesi.ist\/en\/wp-json\/wp\/v2\/posts\/1809\/revisions\/1811"}],"wp:featuredmedia":[{"embeddable":true,"href":"https:\/\/www.enerjigazetesi.ist\/en\/wp-json\/wp\/v2\/media\/1810"}],"wp:attachment":[{"href":"https:\/\/www.enerjigazetesi.ist\/en\/wp-json\/wp\/v2\/media?parent=1809"}],"wp:term":[{"taxonomy":"category","embeddable":true,"href":"https:\/\/www.enerjigazetesi.ist\/en\/wp-json\/wp\/v2\/categories?post=1809"},{"taxonomy":"post_tag","embeddable":true,"href":"https:\/\/www.enerjigazetesi.ist\/en\/wp-json\/wp\/v2\/tags?post=1809"}],"curies":[{"name":"wp","href":"https:\/\/api.w.org\/{rel}","templated":true}]}}