{"id":180893,"date":"2023-11-10T14:07:05","date_gmt":"2023-11-10T11:07:05","guid":{"rendered":"https:\/\/www.enerjigazetesi.ist\/?p=180893"},"modified":"2023-11-10T14:07:35","modified_gmt":"2023-11-10T11:07:35","slug":"manisa-fabrikasinda-genc-mekanik-tasarimcilar-agirlandi","status":"publish","type":"post","link":"https:\/\/www.enerjigazetesi.ist\/en\/manisa-fabrikasinda-genc-mekanik-tasarimcilar-agirlandi\/","title":{"rendered":"(Turkish) Manisa Fabrikas\u0131nda Gen\u00e7 Mekanik Tasar\u0131mc\u0131lar A\u011f\u0131rland\u0131"},"content":{"rendered":"<p class=\"qtranxs-available-languages-message qtranxs-available-languages-message-en\">Sorry, this entry is only available in <a href=\"https:\/\/www.enerjigazetesi.ist\/tr\/wp-json\/wp\/v2\/posts\/180893\" class=\"qtranxs-available-language-link qtranxs-available-language-link-tr\" title=\"Turkish\">Turkish<\/a>. For the sake of viewer convenience, the content is shown below in the alternative language. You may click the link to switch the active language.<\/p><p><\/p>\n<h2>Is\u0131tma, so\u011futma ve iklimlendirme sekt\u00f6r\u00fcn\u00fcn \u00f6nde gelen firmalar\u0131ndan Bosch Home Comfort, 13-14 Ekim tarihlerinde ger\u00e7ekle\u015ftirdi\u011fi 4. Gen\u00e7 Mekanik Tasar\u0131mc\u0131lar Bulu\u015fmas\u0131&#8217;nda, 40 tasar\u0131m firmas\u0131ndan 51 kat\u0131l\u0131mc\u0131yla bir araya geldi.<\/h2>\n<p style=\"text-align: center;\"><img loading=\"lazy\" class=\"aligncenter wp-image-180895\" src=\"https:\/\/www.enerjigazetesi.ist\/wp-content\/uploads\/2023\/11\/manisa-fabrikasinda-genc-mekanik-tasarimcilar-agirlandi.jpg\" alt=\"\" width=\"500\" height=\"335\" srcset=\"https:\/\/www.enerjigazetesi.ist\/wp-content\/uploads\/2023\/11\/manisa-fabrikasinda-genc-mekanik-tasarimcilar-agirlandi.jpg 550w, https:\/\/www.enerjigazetesi.ist\/wp-content\/uploads\/2023\/11\/manisa-fabrikasinda-genc-mekanik-tasarimcilar-agirlandi-300x201.jpg 300w, https:\/\/www.enerjigazetesi.ist\/wp-content\/uploads\/2023\/11\/manisa-fabrikasinda-genc-mekanik-tasarimcilar-agirlandi-500x335.jpg 500w, https:\/\/www.enerjigazetesi.ist\/wp-content\/uploads\/2023\/11\/manisa-fabrikasinda-genc-mekanik-tasarimcilar-agirlandi-75x50.jpg 75w\" sizes=\"(max-width: 500px) 100vw, 500px\" \/><\/p>\n<p>Bu y\u0131l d\u00f6rd\u00fcnc\u00fcs\u00fc yap\u0131lan Gen\u00e7 Mekanik Tasar\u0131mc\u0131lar Bulu\u015fmas\u0131, Bosch Home Comfort Manisa Fabrikas\u0131nda <strong>40<\/strong> tasar\u0131m firmas\u0131ndan <strong>51 temsilcinin kat\u0131l\u0131m\u0131yla<\/strong> ger\u00e7ekle\u015fti. Ana temas\u0131 <strong>\u2018iklimlendirme sekt\u00f6r\u00fcndeki ye\u015fil d\u00f6n\u00fc\u015f\u00fcm ve hibrit sistemler\u2019<\/strong> olarak belirlenen bulu\u015fmada kat\u0131l\u0131mc\u0131lara, <strong>Buderus<\/strong>\u2019un<strong> \u2018mavi gezegen\u2019<\/strong>in gelece\u011fine de katk\u0131 sunan \u00fcr\u00fcn ve \u00e7\u00f6z\u00fcmleri tan\u0131t\u0131ld\u0131. \u00a0Kat\u0131l\u0131mc\u0131lar, iklimlendirme sekt\u00f6r\u00fcn\u00fcn d\u00f6n\u00fc\u015f\u00fcm\u00fcnde b\u00fcy\u00fck rol oynayan <strong>ticari<\/strong> ve <strong>bireysel tip \u0131s\u0131 pompalar\u0131n\u0131<\/strong> yerinde inceleme f\u0131rsat\u0131 bulurken, y\u00f6nelttikleri sorular <strong>Bosch<\/strong> ve <strong>Buderus profesyonelleri<\/strong> taraf\u0131ndan cevapland\u0131r\u0131ld\u0131.<\/p>\n<p><strong>Sekt\u00f6r\u00fcn g\u00fcndeminde en g\u00fcncel teknolojilerin konu\u015fuldu\u011fu<\/strong> bulu\u015fma, <strong>uzmanlar\u0131n sunumlar\u0131, anl\u0131k soru-cevaplar ve kat\u0131l\u0131mc\u0131lar\u0131n geri bildirimleriyle<\/strong> zenginle\u015fti. Kar\u015f\u0131l\u0131kl\u0131 g\u00f6r\u00fc\u015f al\u0131\u015fveri\u015finin ya\u015fand\u0131\u011f\u0131 organizasyon, <strong>verimli ve bilgi dolu bir platforma<\/strong> d\u00f6n\u00fc\u015ft\u00fc.<\/p>\n<p>Kat\u0131l\u0131mc\u0131lar etkinlik sonunda g\u00fczel bir ak\u015fam yeme\u011fiyle g\u00fcn\u00fc keyifle sonland\u0131rd\u0131.<\/p>","protected":false},"excerpt":{"rendered":"<p>Sorry, this entry is only available in Turkish. For the sake of viewer convenience, the content is shown below in the alternative language. You may click the link to switch the active language. Is\u0131tma, so\u011futma ve iklimlendirme sekt\u00f6r\u00fcn\u00fcn \u00f6nde gelen firmalar\u0131ndan Bosch Home Comfort, 13-14 Ekim tarihlerinde ger\u00e7ekle\u015ftirdi\u011fi 4. Gen\u00e7 Mekanik Tasar\u0131mc\u0131lar Bulu\u015fmas\u0131&#8217;nda, 40 tasar\u0131m [&hellip;]<\/p>\n","protected":false},"author":1,"featured_media":180895,"comment_status":"open","ping_status":"open","sticky":false,"template":"","format":"standard","meta":[],"categories":[53],"tags":[111139,111184,111182,37586,3172,111183,2482],"views":39,"_links":{"self":[{"href":"https:\/\/www.enerjigazetesi.ist\/en\/wp-json\/wp\/v2\/posts\/180893"}],"collection":[{"href":"https:\/\/www.enerjigazetesi.ist\/en\/wp-json\/wp\/v2\/posts"}],"about":[{"href":"https:\/\/www.enerjigazetesi.ist\/en\/wp-json\/wp\/v2\/types\/post"}],"author":[{"embeddable":true,"href":"https:\/\/www.enerjigazetesi.ist\/en\/wp-json\/wp\/v2\/users\/1"}],"replies":[{"embeddable":true,"href":"https:\/\/www.enerjigazetesi.ist\/en\/wp-json\/wp\/v2\/comments?post=180893"}],"version-history":[{"count":0,"href":"https:\/\/www.enerjigazetesi.ist\/en\/wp-json\/wp\/v2\/posts\/180893\/revisions"}],"wp:featuredmedia":[{"embeddable":true,"href":"https:\/\/www.enerjigazetesi.ist\/en\/wp-json\/wp\/v2\/media\/180895"}],"wp:attachment":[{"href":"https:\/\/www.enerjigazetesi.ist\/en\/wp-json\/wp\/v2\/media?parent=180893"}],"wp:term":[{"taxonomy":"category","embeddable":true,"href":"https:\/\/www.enerjigazetesi.ist\/en\/wp-json\/wp\/v2\/categories?post=180893"},{"taxonomy":"post_tag","embeddable":true,"href":"https:\/\/www.enerjigazetesi.ist\/en\/wp-json\/wp\/v2\/tags?post=180893"}],"curies":[{"name":"wp","href":"https:\/\/api.w.org\/{rel}","templated":true}]}}