{"id":180850,"date":"2023-11-09T16:46:39","date_gmt":"2023-11-09T13:46:39","guid":{"rendered":"https:\/\/www.enerjigazetesi.ist\/?p=180850"},"modified":"2023-11-09T16:46:39","modified_gmt":"2023-11-09T13:46:39","slug":"esarj-ve-dunya-nin-lider-elektrikli-arac-ureticisi-byd-guclerini-birlestirdi","status":"publish","type":"post","link":"https:\/\/www.enerjigazetesi.ist\/en\/esarj-ve-dunya-nin-lider-elektrikli-arac-ureticisi-byd-guclerini-birlestirdi\/","title":{"rendered":"(Turkish) E\u015farj ve D\u00fcnyan\u0131n Lider Elektrikli Ara\u00e7 \u00dcreticisi BYD G\u00fc\u00e7lerini Birle\u015ftirdi"},"content":{"rendered":"<p class=\"qtranxs-available-languages-message qtranxs-available-languages-message-en\">Sorry, this entry is only available in <a href=\"https:\/\/www.enerjigazetesi.ist\/tr\/wp-json\/wp\/v2\/posts\/180850\" class=\"qtranxs-available-language-link qtranxs-available-language-link-tr\" title=\"Turkish\">Turkish<\/a>. For the sake of viewer convenience, the content is shown below in the alternative language. You may click the link to switch the active language.<\/p><p><\/p>\n<h2><strong>T\u00fcrkiye\u2019nin ilk ve en fazla h\u0131zl\u0131 \u015farj istasyonuna sahip ve Enerjisa Enerji\u2019nin %100 i\u015ftiraki olan elektrikli ara\u00e7 \u015farj istasyonu operat\u00f6r\u00fc E\u015farj ile D\u00fcnyan\u0131n lider elektrikli ara\u00e7 \u00fcreticisi BYD (Build Your Dreams) ile g\u00fc\u00e7lerini s\u00fcrd\u00fcr\u00fclebilir bir gelecek i\u00e7in birle\u015ftiriyor.<\/strong><\/h2>\n<p style=\"text-align: center;\"><img loading=\"lazy\" class=\"aligncenter wp-image-180852\" src=\"https:\/\/www.enerjigazetesi.ist\/wp-content\/uploads\/2023\/11\/esarj-ve-dunya-nin-lider-elektrikli-arac-ureticisi-byd-guclerini-birlestirdi.jpg\" alt=\"\" width=\"500\" height=\"334\" srcset=\"https:\/\/www.enerjigazetesi.ist\/wp-content\/uploads\/2023\/11\/esarj-ve-dunya-nin-lider-elektrikli-arac-ureticisi-byd-guclerini-birlestirdi.jpg 550w, https:\/\/www.enerjigazetesi.ist\/wp-content\/uploads\/2023\/11\/esarj-ve-dunya-nin-lider-elektrikli-arac-ureticisi-byd-guclerini-birlestirdi-300x200.jpg 300w, https:\/\/www.enerjigazetesi.ist\/wp-content\/uploads\/2023\/11\/esarj-ve-dunya-nin-lider-elektrikli-arac-ureticisi-byd-guclerini-birlestirdi-500x334.jpg 500w, https:\/\/www.enerjigazetesi.ist\/wp-content\/uploads\/2023\/11\/esarj-ve-dunya-nin-lider-elektrikli-arac-ureticisi-byd-guclerini-birlestirdi-75x50.jpg 75w, https:\/\/www.enerjigazetesi.ist\/wp-content\/uploads\/2023\/11\/esarj-ve-dunya-nin-lider-elektrikli-arac-ureticisi-byd-guclerini-birlestirdi-450x300.jpg 450w\" sizes=\"(max-width: 500px) 100vw, 500px\" \/><\/p>\n<p>T\u00fcrkiye\u2019de ilk ve en fazla h\u0131zl\u0131 \u015farj istasyonuna sahip olan E\u015farj, 2023 y\u0131l\u0131 sonuna kadar m\u00fc\u015fterilerine h\u0131zl\u0131 ve avantajl\u0131 \u015farjlanma f\u0131rsat\u0131 sunmak i\u00e7in yola \u00e7\u0131kt\u0131\u011f\u0131 1000 istasyona ula\u015fma hedefine do\u011fru emin ad\u0131mlarla ilerliyor. En fazla <strong>DC h\u0131zl\u0131 \u015farj istasyonu<\/strong>na E\u015farj ile ula\u015fabilen elektrikli ara\u00e7 kullan\u0131c\u0131lar\u0131, kayna\u011f\u0131n\u0131n temiz enerji oldu\u011fu E\u015farj istasyonlar\u0131nda k\u0131sa s\u00fcrede \u015farjlanma deneyimini geni\u015f i\u015f birli\u011fi a\u011f\u0131 ile beraber elde ediyor.<\/p>\n<p>E\u015farj, m\u00fc\u015fterilerine sundu\u011fu deneyimi daha da iyile\u015ftirmek i\u00e7in Eyl\u00fcl ay\u0131nda ger\u00e7ekle\u015ftirdi\u011fi marka lansman\u0131n\u0131n ard\u0131ndan T\u00fcrkiye\u2019deki ilk modelini yollara \u00e7\u0131karan d\u00fcnyan\u0131n lider elektrikli ara\u00e7 \u00fcreticisi BYD ile i\u015f birli\u011fine imza at\u0131yor. T\u00fcrkiye\u2019de sadece E\u015farj ile yap\u0131lan bu i\u015f birli\u011fi ile<strong> BYD sahipleri<\/strong> benzersiz bir f\u0131rsat yakal\u0131yor. <strong>BYD ara\u00e7 sahipleri<\/strong> t\u00fcm <strong>E\u015farj istasyonlar\u0131nda<\/strong> ara\u00e7lar\u0131n\u0131 <strong>31 Ocak 2024<\/strong> tarihine kadar <strong>y\u00fczde 20 indirim<\/strong> ile \u015farj edebilecek.<\/p>\n<p>BYD\u2019nin \u0130stanbul\u2019da iki, Ankara ve \u0130zmir\u2019de birer adet olmak \u00fczere toplam d\u00f6rt adet bayisinde <strong>70\u2019ten fazla AC ve DC \u015farj\u00a0istasyonlar\u0131<\/strong> ile yer alacak olan E\u015farj, 2024 y\u0131l\u0131nda say\u0131lar\u0131 20\u2019nin \u00fczerine \u00e7\u0131kacak BYD bayilerinde de \u015farj istasyonu kurulumlar\u0131n\u0131 ger\u00e7ekle\u015ftirecek.<\/p>\n<h3><strong>\u201c\u00dclkemizi E\u015farj istasyon a\u011f\u0131 ile \u00f6r\u00fcyoruz\u201d<\/strong><\/h3>\n<p>T\u00fcrkiye\u2019nin ilk ve en fazla h\u0131zl\u0131 elektrikli ara\u00e7 \u015farj istasyon a\u011f\u0131 ve elektrikli ara\u00e7 \u015farj istasyonu yat\u0131r\u0131mlar\u0131yla m\u00fc\u015fterilerine en iyi ve en h\u0131zl\u0131 deneyimi ya\u015fatt\u0131klar\u0131n\u0131n alt\u0131n\u0131 \u00e7izen <strong>Enerjisa<\/strong> <strong>Enerji CEO\u2019su ve E\u015farj Y\u00f6netim Kurulu Ba\u015fkan\u0131 Murat P\u0131nar,<\/strong> <em>\u201cE\u015farj olarak T\u00fcrkiye Elektrikli Ara\u00e7 altyap\u0131s\u0131n\u0131n yan\u0131 s\u0131ra herkes i\u00e7in daha iyi bir gelecek sa\u011flayacak ad\u0131mlar\u0131n \u00f6nc\u00fcs\u00fc olmak ve bu ekosistem i\u00e7erisinde oyun kurucu \u015firketler aras\u0131nda yer alma hedefiyle \u00e7al\u0131\u015f\u0131yoruz. Bunun neticesi olarak d\u00fcnya lideri bir marka olan BYD\u2019nin T\u00fcrkiye\u2019de sadece E\u015farj\u2019\u0131 tercih ederek i\u015f birli\u011fi yapmas\u0131n\u0131 yapt\u0131\u011f\u0131m\u0131z yat\u0131r\u0131mlar\u0131n bir kar\u015f\u0131l\u0131\u011f\u0131 olarak g\u00f6r\u00fcyorum. T\u00fcrkiye\u2019de bir ilke imza atarak kurdu\u011fumuz, say\u0131s\u0131 her ge\u00e7en g\u00fcn artan h\u0131zl\u0131 \u015farj istasyonlar\u0131m\u0131z ile g\u00fcc\u00fcm\u00fcze g\u00fc\u00e7 kat\u0131yor ve m\u00fc\u015fterilerimizin elektrikli ara\u00e7 deneyimlerine katk\u0131 sunuyoruz. G\u00fcn ge\u00e7tik\u00e7e istasyon a\u011f\u0131m\u0131z\u0131 geni\u015fleterek 2023 sonuna kadar <strong>81 ilde<\/strong> toplam <strong>1000 istasyon kurma hedefiyle<\/strong> \u00e7al\u0131\u015fmalar\u0131m\u0131za devam ediyoruz.\u201d<\/em><\/p>\n<h3><strong>\u0130lklere imza atm\u0131\u015ft\u0131<\/strong><\/h3>\n<p>Elektrikli ara\u00e7lar\u0131n karbon emisyonlar\u0131n\u0131 azaltmada tam potansiyellerine ula\u015fmalar\u0131 i\u00e7in \u00e7al\u0131\u015fan <strong>T\u00fcrkiye\u2019nin ilk \u015farj operat\u00f6r\u00fc olan E\u015farj, yenilenebilir enerji sertifikas\u0131 alan ilk \u015farj operat\u00f6r\u00fc<\/strong> (IREC, YEK-G), <strong>ilk DC \u015farj istasyonu ve elektrikli ara\u00e7 markalar\u0131 ile anla\u015fmal\u0131 ilk \u015farj operat\u00f6r\u00fc<\/strong> unvan\u0131na sahip.<\/p>","protected":false},"excerpt":{"rendered":"<p>Sorry, this entry is only available in Turkish. For the sake of viewer convenience, the content is shown below in the alternative language. You may click the link to switch the active language. T\u00fcrkiye\u2019nin ilk ve en fazla h\u0131zl\u0131 \u015farj istasyonuna sahip ve Enerjisa Enerji\u2019nin %100 i\u015ftiraki olan elektrikli ara\u00e7 \u015farj istasyonu operat\u00f6r\u00fc E\u015farj ile [&hellip;]<\/p>\n","protected":false},"author":1,"featured_media":180852,"comment_status":"open","ping_status":"open","sticky":false,"template":"","format":"standard","meta":[],"categories":[51,53],"tags":[111172,75456,18159,37787],"views":26,"_links":{"self":[{"href":"https:\/\/www.enerjigazetesi.ist\/en\/wp-json\/wp\/v2\/posts\/180850"}],"collection":[{"href":"https:\/\/www.enerjigazetesi.ist\/en\/wp-json\/wp\/v2\/posts"}],"about":[{"href":"https:\/\/www.enerjigazetesi.ist\/en\/wp-json\/wp\/v2\/types\/post"}],"author":[{"embeddable":true,"href":"https:\/\/www.enerjigazetesi.ist\/en\/wp-json\/wp\/v2\/users\/1"}],"replies":[{"embeddable":true,"href":"https:\/\/www.enerjigazetesi.ist\/en\/wp-json\/wp\/v2\/comments?post=180850"}],"version-history":[{"count":0,"href":"https:\/\/www.enerjigazetesi.ist\/en\/wp-json\/wp\/v2\/posts\/180850\/revisions"}],"wp:featuredmedia":[{"embeddable":true,"href":"https:\/\/www.enerjigazetesi.ist\/en\/wp-json\/wp\/v2\/media\/180852"}],"wp:attachment":[{"href":"https:\/\/www.enerjigazetesi.ist\/en\/wp-json\/wp\/v2\/media?parent=180850"}],"wp:term":[{"taxonomy":"category","embeddable":true,"href":"https:\/\/www.enerjigazetesi.ist\/en\/wp-json\/wp\/v2\/categories?post=180850"},{"taxonomy":"post_tag","embeddable":true,"href":"https:\/\/www.enerjigazetesi.ist\/en\/wp-json\/wp\/v2\/tags?post=180850"}],"curies":[{"name":"wp","href":"https:\/\/api.w.org\/{rel}","templated":true}]}}