{"id":180836,"date":"2023-11-09T16:00:55","date_gmt":"2023-11-09T13:00:55","guid":{"rendered":"https:\/\/www.enerjigazetesi.ist\/?p=180836"},"modified":"2023-11-09T16:00:55","modified_gmt":"2023-11-09T13:00:55","slug":"solarex-istanbul-16-kez-uluslararasi-yatirimcisiyla-bulusuyor","status":"publish","type":"post","link":"https:\/\/www.enerjigazetesi.ist\/en\/solarex-istanbul-16-kez-uluslararasi-yatirimcisiyla-bulusuyor\/","title":{"rendered":"(Turkish) &#8217;SolarEX \u0130stanbul&#8217; 16.Kez Uluslararas\u0131 Yat\u0131r\u0131mc\u0131s\u0131yla Bulu\u015fuyor&#8230;"},"content":{"rendered":"<p class=\"qtranxs-available-languages-message qtranxs-available-languages-message-en\">Sorry, this entry is only available in <a href=\"https:\/\/www.enerjigazetesi.ist\/tr\/wp-json\/wp\/v2\/posts\/180836\" class=\"qtranxs-available-language-link qtranxs-available-language-link-tr\" title=\"Turkish\">Turkish<\/a>. For the sake of viewer convenience, the content is shown below in the alternative language. You may click the link to switch the active language.<\/p><p><\/p>\n<h2><strong>G\u00fcne\u015fin g\u00fcc\u00fcn\u00fc referans alanlar\u0131n fuar\u0131 SolarEX \u0130stanbul, 5 kat daha b\u00fcy\u00fcyerek 55 bin m2 alanda be\u015f k\u0131tadan, 125\u2019ten fazla \u00fclkeden uluslararas\u0131 profesyoneli ve nitelikli ziyaret\u00e7iyi 04-06 Nisan 2024 tarihleri aras\u0131nda bir araya getirmeye haz\u0131rlan\u0131yor.<\/strong><\/h2>\n<p style=\"text-align: center;\"><img loading=\"lazy\" class=\"aligncenter wp-image-180839\" src=\"https:\/\/www.enerjigazetesi.ist\/wp-content\/uploads\/2023\/11\/solarex-istanbul-16-kez-uluslararasi-yatirimcisiyla-bulusuyor.jpg\" alt=\"\" width=\"500\" height=\"334\" srcset=\"https:\/\/www.enerjigazetesi.ist\/wp-content\/uploads\/2023\/11\/solarex-istanbul-16-kez-uluslararasi-yatirimcisiyla-bulusuyor.jpg 550w, https:\/\/www.enerjigazetesi.ist\/wp-content\/uploads\/2023\/11\/solarex-istanbul-16-kez-uluslararasi-yatirimcisiyla-bulusuyor-300x200.jpg 300w, https:\/\/www.enerjigazetesi.ist\/wp-content\/uploads\/2023\/11\/solarex-istanbul-16-kez-uluslararasi-yatirimcisiyla-bulusuyor-500x334.jpg 500w, https:\/\/www.enerjigazetesi.ist\/wp-content\/uploads\/2023\/11\/solarex-istanbul-16-kez-uluslararasi-yatirimcisiyla-bulusuyor-75x50.jpg 75w, https:\/\/www.enerjigazetesi.ist\/wp-content\/uploads\/2023\/11\/solarex-istanbul-16-kez-uluslararasi-yatirimcisiyla-bulusuyor-450x300.jpg 450w\" sizes=\"(max-width: 500px) 100vw, 500px\" \/><\/p>\n<p>Avrasya&#8217;n\u0131n en b\u00fcy\u00fck T\u00fcrkiye&#8217;nin tek Uluslararas\u0131 G\u00fcne\u015f Enerjisi Teknolojileri ve Depolama Fuar\u0131 SolarEX \u0130stanbul 16. y\u0131l\u0131nda da; s\u00fcrd\u00fcr\u00fclebilir bir d\u00fcnya ve iklim kriziyle m\u00fccadele konusunda sekt\u00f6re katk\u0131 sa\u011flayamaya, <strong>g\u00fcne\u015f enerjisi<\/strong> ve <strong>yenilenebilir enerji sekt\u00f6r\u00fcnde<\/strong> fark yaratmaya devam ediyor. D\u00fcnya takviminde <strong>her y\u0131l\u0131n nisan ay\u0131nda<\/strong> yerini alan <strong>SolarEX \u0130stanbul<\/strong>, sekt\u00f6rdeki t\u00fcm yat\u0131r\u0131mc\u0131, \u00fcretici, komponent ve son kullan\u0131c\u0131lar\u0131n merakla bekledi\u011fi, global pazarda meydana gelen t\u00fcm geli\u015fmelerin g\u00f6r\u00fcc\u00fcye \u00e7\u0131kt\u0131\u011f\u0131 g\u00fc\u00e7l\u00fc bir arena olarak \u00fclkemiz ve d\u00fcnya ad\u0131na b\u00fcy\u00fck \u00f6nem te\u015fkil ediyor.<\/p>\n<h3><strong>G\u00fcne\u015f Enerjisi Sekt\u00f6r\u00fcnde Global Ad\u0131mlar SolarEX \u0130stanbul\u2019da At\u0131l\u0131yor<\/strong><\/h3>\n<p>K\u00fcresel temiz enerji kaynaklar\u0131ndan g\u00fcne\u015f sekt\u00f6r\u00fcnde y\u00fcksek bir trend yakalayarak ye\u015fil b\u00fcy\u00fcme stratejisini benimseyen, gelece\u011fe duyarl\u0131 sekt\u00f6r temsilcilerinin olu\u015fturdu\u011fu i\u015f hacmi ile sekt\u00f6r ihracat\u0131na ve rekabet\u00e7ili\u011fine g\u00fc\u00e7 katan SolarEX \u0130stanbul, uygun co\u011frafi konumu sayesinde g\u00fcne\u015f enerjisinde \u00f6nemli bir potansiyele sahip \u00fclkemizin s\u0131n\u0131rlar\u0131n\u0131 uluslararas\u0131 arenaya ta\u015f\u0131yarak, solar sekt\u00f6r\u00fcn\u00fcn marka de\u011ferine katk\u0131 sa\u011fl\u0131yor. Sekt\u00f6r\u00fcn en iyi oyuncular\u0131 taraf\u0131ndan desteklenen SolarEX \u0130stanbul, T\u00fcrkiye\u2019nin enerji potansiyelini ticari ba\u015far\u0131ya \u00e7evirerek \u00fclke ekonomimize katk\u0131 sa\u011flamaya ve yerli \u00fcr\u00fcnlerimizin yurt d\u0131\u015f\u0131na a\u00e7\u0131lan kap\u0131s\u0131 olmaya devam ediyor.<\/p>\n<h3><strong>G\u00fcne\u015f Enerjisinde Depolama \u00c7\u00f6z\u00fcmleri ve Enerji Kongresi SolarEX \u0130stanbul\u2019da<\/strong><\/h3>\n<p>S\u00fcrd\u00fcr\u00fclebilir temiz gelecek i\u00e7in g\u00fc\u00e7 \u00e7\u00f6z\u00fcmleri sunan SolarEX \u0130stanbul, 16.y\u0131l\u0131nda b\u00fcy\u00fcyen alanlar\u0131na ekledi\u011fi <strong>G\u00fcne\u015f Enerjisinde Depolama \u00c7\u00f6z\u00fcmleri<\/strong> salonu ile kat\u0131l\u0131mc\u0131 ve ziyaret\u00e7ilerine gelece\u011fin enerji \u00e7\u00f6z\u00fcmlerini sunuyor. Sekt\u00f6r ilgilileri taraf\u0131ndan merakla beklenen ve fuarla e\u015f zamanl\u0131 ger\u00e7ekle\u015ftirilecek olan enerji kongreleri; enerji profesyonellerinin yan\u0131 s\u0131ra d\u00fcnyan\u0131n d\u00f6rt bir yan\u0131ndan gelecek akademisyenlere, sekt\u00f6r uzmanlar\u0131na ve sekt\u00f6re y\u00f6n verecek sunumlara ev sahipli\u011fi yaparak, k\u00fcresel enerji d\u00f6n\u00fc\u015f\u00fcm\u00fcne y\u00f6n vermeye devam ediyor.<\/p>\n<h3><strong>Sekt\u00f6r\u00fcn En B\u00fcy\u00fck Bulu\u015fmas\u0131 4-6 Nisan 2024\u2019de \u0130stanbul Fuar Merkezi\u2019nde<\/strong><\/h3>\n<p>G\u00fcne\u015f enerjisi sekt\u00f6r\u00fcn\u00fcn merakla bekledi\u011fi sekt\u00f6r\u00fcn en b\u00fcy\u00fck bulu\u015fmas\u0131 Uluslararas\u0131 SolarEX \u0130stanbul, <strong>04-06 Nisan 2024<\/strong> tarihlerinde <strong>Ye\u015filk\u00f6y\u2019de<\/strong> bulunan <strong>\u0130stanbul Fuar Merkezi\u2019nde<\/strong> ger\u00e7ekle\u015fecek. T\u00fcrkiye\u2019nin tek Avrasya\u2019n\u0131n en b\u00fcy\u00fck uluslararas\u0131 etkinli\u011finde kat\u0131l\u0131mc\u0131 ve ziyaret\u00e7i olmak i\u00e7in; <a href=\"https:\/\/solarexistanbul.com\/\" target=\"_blank\" rel=\"noopener\">www.solarexistanbul.com<\/a> adresini ziyaret edebilirsiniz.<\/p>","protected":false},"excerpt":{"rendered":"<p>Sorry, this entry is only available in Turkish. For the sake of viewer convenience, the content is shown below in the alternative language. You may click the link to switch the active language. G\u00fcne\u015fin g\u00fcc\u00fcn\u00fc referans alanlar\u0131n fuar\u0131 SolarEX \u0130stanbul, 5 kat daha b\u00fcy\u00fcyerek 55 bin m2 alanda be\u015f k\u0131tadan, 125\u2019ten fazla \u00fclkeden uluslararas\u0131 profesyoneli [&hellip;]<\/p>\n","protected":false},"author":1,"featured_media":180839,"comment_status":"open","ping_status":"open","sticky":false,"template":"","format":"standard","meta":[],"categories":[53,49],"tags":[45077,515,9921,2206,2207],"views":27,"_links":{"self":[{"href":"https:\/\/www.enerjigazetesi.ist\/en\/wp-json\/wp\/v2\/posts\/180836"}],"collection":[{"href":"https:\/\/www.enerjigazetesi.ist\/en\/wp-json\/wp\/v2\/posts"}],"about":[{"href":"https:\/\/www.enerjigazetesi.ist\/en\/wp-json\/wp\/v2\/types\/post"}],"author":[{"embeddable":true,"href":"https:\/\/www.enerjigazetesi.ist\/en\/wp-json\/wp\/v2\/users\/1"}],"replies":[{"embeddable":true,"href":"https:\/\/www.enerjigazetesi.ist\/en\/wp-json\/wp\/v2\/comments?post=180836"}],"version-history":[{"count":0,"href":"https:\/\/www.enerjigazetesi.ist\/en\/wp-json\/wp\/v2\/posts\/180836\/revisions"}],"wp:featuredmedia":[{"embeddable":true,"href":"https:\/\/www.enerjigazetesi.ist\/en\/wp-json\/wp\/v2\/media\/180839"}],"wp:attachment":[{"href":"https:\/\/www.enerjigazetesi.ist\/en\/wp-json\/wp\/v2\/media?parent=180836"}],"wp:term":[{"taxonomy":"category","embeddable":true,"href":"https:\/\/www.enerjigazetesi.ist\/en\/wp-json\/wp\/v2\/categories?post=180836"},{"taxonomy":"post_tag","embeddable":true,"href":"https:\/\/www.enerjigazetesi.ist\/en\/wp-json\/wp\/v2\/tags?post=180836"}],"curies":[{"name":"wp","href":"https:\/\/api.w.org\/{rel}","templated":true}]}}