{"id":180828,"date":"2023-11-08T16:26:40","date_gmt":"2023-11-08T13:26:40","guid":{"rendered":"https:\/\/www.enerjigazetesi.ist\/?p=180828"},"modified":"2023-11-08T16:26:58","modified_gmt":"2023-11-08T13:26:58","slug":"afet-direncli-sehirler-icin-surdurulebilir-bir-cevre-politikasi-sart","status":"publish","type":"post","link":"https:\/\/www.enerjigazetesi.ist\/en\/afet-direncli-sehirler-icin-surdurulebilir-bir-cevre-politikasi-sart\/","title":{"rendered":"(Turkish) Afet Diren\u00e7li \u015eehirler \u0130\u00e7in S\u00fcrd\u00fcr\u00fclebilir Bir \u00c7evre Politikas\u0131 \u015eart"},"content":{"rendered":"<p class=\"qtranxs-available-languages-message qtranxs-available-languages-message-en\">Sorry, this entry is only available in <a href=\"https:\/\/www.enerjigazetesi.ist\/tr\/wp-json\/wp\/v2\/posts\/180828\" class=\"qtranxs-available-language-link qtranxs-available-language-link-tr\" title=\"Turkish\">Turkish<\/a>. For the sake of viewer convenience, the content is shown below in the alternative language. You may click the link to switch the active language.<\/p><p><\/p>\n<h2><strong>\u00c7evre Dostu Ye\u015fil Binalar Derne\u011fi\u2019nin (\u00c7EDB\u0130K) ev sahipli\u011finde, T.C. \u00c7evre, \u015eehircilik ve \u0130klim De\u011fi\u015fikli\u011fi Bakanl\u0131\u011f\u0131 deste\u011fiyle d\u00fczenlenen \u2018Uluslararas\u0131 Ye\u015fil Binalar ve \u015eehirler Zirvesi\u201923, Hilton Bosphorus \u0130stanbul&#8217;da ger\u00e7ekle\u015ftirildi. 41 uzman konu\u015fmac\u0131 ve 500\u2019den fazla kat\u0131l\u0131mc\u0131y\u0131 a\u011f\u0131rlayan zirveye \u2018kentsel ve mekansal diren\u00e7lilik\u2019 kavram\u0131 damga vurdu.<\/strong><\/h2>\n<p style=\"text-align: center;\"><img loading=\"lazy\" class=\"aligncenter wp-image-180833\" src=\"https:\/\/www.enerjigazetesi.ist\/wp-content\/uploads\/2023\/11\/afet-direncli-sehirler-icin-surdurulebilir-bir-cevre-politikasi-sart.jpg\" alt=\"\" width=\"500\" height=\"323\" srcset=\"https:\/\/www.enerjigazetesi.ist\/wp-content\/uploads\/2023\/11\/afet-direncli-sehirler-icin-surdurulebilir-bir-cevre-politikasi-sart.jpg 550w, https:\/\/www.enerjigazetesi.ist\/wp-content\/uploads\/2023\/11\/afet-direncli-sehirler-icin-surdurulebilir-bir-cevre-politikasi-sart-300x194.jpg 300w, https:\/\/www.enerjigazetesi.ist\/wp-content\/uploads\/2023\/11\/afet-direncli-sehirler-icin-surdurulebilir-bir-cevre-politikasi-sart-500x323.jpg 500w, https:\/\/www.enerjigazetesi.ist\/wp-content\/uploads\/2023\/11\/afet-direncli-sehirler-icin-surdurulebilir-bir-cevre-politikasi-sart-77x50.jpg 77w\" sizes=\"(max-width: 500px) 100vw, 500px\" \/><\/p>\n<p><strong>\u00c7evre Dostu Ye\u015fil Binalar Derne\u011fi\u2019nin (\u00c7EDB\u0130K)<\/strong> s\u00fcrd\u00fcr\u00fclebilirli\u011fin gelece\u011fimiz i\u00e7in giderek artan \u00f6nemini vurgulamak hedefiyle d\u00fczenledi\u011fi<strong> \u2018Uluslararas\u0131 Ye\u015fil Binalar ve \u015eehirler Zirvesi\u2019, \u2018S\u0131f\u0131r\u0131n \u0130n\u015fas\u0131: Diren\u00e7li \u015eehirler\u2019<\/strong> temas\u0131yla <strong>8 Kas\u0131m 2023 tarihinde<\/strong> Hilton Bosphorus \u0130stanbul&#8217;da ger\u00e7ekle\u015ftirildi.<\/p>\n<p><em>Alan\u0131nda uzman\u00a0<\/em>akademisyen, kamu ve \u00f6zel sekt\u00f6r temsilcilerinin yer ald\u0131\u011f\u0131\u00a0<em>41 konu\u015fmac\u0131, 500\u2019den fazla kat\u0131l\u0131mc\u0131 ve toplamda 100\u2019e yak\u0131n kurum ve kurulu\u015fa ev sahipli\u011fi yapan\u00a0<\/em>Uluslararas\u0131 Ye\u015fil Binalar ve \u015eehirler Zirvesi\u201923,<strong> \u2018kentsel ve mekansal diren\u00e7lilik\u2019<\/strong> kavram\u0131n\u0131 merkezine ald\u0131. Zirvede, <strong>karbonsuzla\u015fma, d\u00f6n\u00fc\u015f\u00fcm\u00fcn finansman kaynaklar\u0131, binalar\u0131n ve \u0130stanbul\u2019un gelece\u011fi<\/strong> gibi \u00e7ok \u00f6nemli konular da masaya yat\u0131r\u0131ld\u0131.<\/p>\n<p>Zirvede;\u00a0D\u00fcnya Ye\u015fil Bina Konseyi (WGBC) CEO\u2019su Cristina Gamboa, Y\u0131ld\u0131z Teknik \u00dcniversitesi Rekt\u00f6r\u00fc Prof. Dr. Tamer Y\u0131lmaz ve Grundfos Y\u00f6neticisi Murat Emir, \u015ei\u015fli Belediye Ba\u015fkan\u0131 Muammer Keskin ve Avc\u0131lar Belediye Ba\u015fkan\u0131<strong>\u00a0<\/strong>Turan Han\u00e7erli<strong>\u00a0<\/strong>a\u00e7\u0131l\u0131\u015f konu\u015fmalar\u0131n\u0131 yapt\u0131. Zirvenin <strong>\u2018Afet-Diren\u00e7li \u015eehirler\u2019<\/strong> a\u00e7\u0131l\u0131\u015f\u00a0panelinde ise \u00c7EDB\u0130K Y\u00f6netim Kurulu Ba\u015fkan\u0131 <strong>Mehmet Sami K\u0131l\u0131\u00e7, Prof. Dr. Sinan Mert \u015eener\u00a0<\/strong>ve \u0130stanbul B\u00fcy\u00fck\u015fehir Belediyesi \u0130mar ve \u015eehircilik Dairesi Ba\u015fkan\u0131 G\u00fcrkan Akg\u00fcn yer ald\u0131.<\/p>\n<h3><strong>\u2018Ekonomik, ekolojik ve sosyolojik a\u00e7\u0131dan s\u00fcrd\u00fcr\u00fclebilir kentler diren\u00e7li\u2019<\/strong><\/h3>\n<p>Kahramanmara\u015f depremlerinin <strong>\u2018kentsel diren\u00e7lilik\u2019<\/strong> kavram\u0131n\u0131n \u00f6nemini hat\u0131rlatt\u0131\u011f\u0131n\u0131 belirten <strong>\u00c7EDB\u0130K Y\u00f6netim Kurulu Ba\u015fkan\u0131 Mehmet Sami K\u0131l\u0131\u00e7,<\/strong> bu kavram\u0131n sadece depreme dayan\u0131kl\u0131 kentleri de\u011fil ayn\u0131 zamanda yeni \u015fartlara adapte olabilen, ekonomik, ekolojik ve sosyolojik a\u00e7\u0131dan s\u00fcrd\u00fcr\u00fclebilir kentleri ifade etti\u011fini kaydetti. K\u0131l\u0131\u00e7, <em>\u201cYeniden \u015fehirle\u015fme \u00e7al\u0131\u015fmalar\u0131nda, kentleri sadece \u00fcst yap\u0131lar\u0131yla de\u011fil meydanlar\u0131 ve alt yap\u0131lar\u0131yla beraber afete diren\u00e7li hale getirmemiz gerekiyor. Bu noktada riskli arazilerde yerle\u015fime uygunluk analizi, binalar i\u00e7in zemin et\u00fctleri ile statik uygulamalar\u0131n yap\u0131lmas\u0131, yeterli afet toplanma alanlar\u0131n\u0131n belirlenmesi ve devaml\u0131l\u0131k arzeden denetim mekanizmas\u0131 kritik \u00f6neme sahip. Bakanl\u0131klar\u0131m\u0131z ve yerel y\u00f6netimlerimiz bu alanda etkin olmakla birlikte fark\u0131ndal\u0131\u011f\u0131m\u0131z daha da artmal\u0131. Kent ve bina \u00f6l\u00e7e\u011finde afet diren\u00e7lili\u011fi ancak s\u00fcrd\u00fcr\u00fclebilir bir \u00e7evre politikas\u0131yla m\u00fcmk\u00fcn\u201d<\/em> diye konu\u015ftu.<\/p>\n<p>Kentsel diren\u00e7lili\u011fin <strong>iklim de\u011fi\u015fikli\u011fi, do\u011fal afetler ve sosyo-ekonomik \u015foklar<\/strong> gibi riskleri y\u00f6netmede etkin oldu\u011funu belirten K\u0131l\u0131\u00e7, <strong>ye\u015fil binalar<\/strong>\u0131n ise bunun \u00e7ok \u00f6nemli bir par\u00e7as\u0131 oldu\u011funu hat\u0131rlatt\u0131. K\u0131l\u0131\u00e7, <em>\u201cEnerji t\u00fcketimini azaltan, su kullan\u0131m\u0131n\u0131 optimize eden ve s\u00fcrd\u00fcr\u00fclebilir malzeme kullan\u0131m\u0131n\u0131 te\u015fvik eden <strong>ye\u015fil bina sistemleri<\/strong>, <strong>enerji verimlili\u011fini art\u0131rarak sera gaz\u0131 emisyonlar\u0131n\u0131 d\u00fc\u015f\u00fcrmeye yard\u0131mc\u0131 olur.<\/strong> D\u00fcnya Ye\u015fil Bina Konseyi verilerine g\u00f6re, ye\u015fil bina sistemlerinin 2030 y\u0131l\u0131na kadar k\u00fcresel enerji t\u00fcketimini <strong>y\u00fczde 50<\/strong>, sera gaz\u0131 emisyonlar\u0131n\u0131 ise<strong> y\u00fczde 39<\/strong> oran\u0131nda azaltabilece\u011fi tahmin ediliyor\u201d<\/em> dedi.<\/p>\n<h3><strong>\u2018B\u00fct\u00fcnc\u00fcl bir planlama anlay\u0131\u015f\u0131 \u015fart\u2019<\/strong><\/h3>\n<p>\u0130stanbul\u2019un depreme kar\u015f\u0131 diren\u00e7li hale gelmek i\u00e7in k\u0131sa zamanda kat etmesi gereken uzun bir yol oldu\u011funu kaydeden <strong>\u0130stanbul B\u00fcy\u00fck\u015fehir Belediyesi (\u0130BB) \u0130mar ve \u015eehircilik Dairesi Ba\u015fkan\u0131 G\u00fcrkan Akg\u00fcn<\/strong>, panelde mevcut \u00e7al\u0131\u015fmalar\u0131n\u0131 aktard\u0131. Akg\u00fcn, <em>\u201c\u0130BB b\u00fcnyesinde, h\u0131zl\u0131 taramadan kira yard\u0131m\u0131na, sosyal konut \u00fcretiminden toplanma alanlar\u0131n\u0131n iyile\u015ftirilmesine kadar bir\u00e7ok alanda \u00e7al\u0131\u015fmalar\u0131m\u0131z\u0131 s\u00fcrd\u00fcr\u00fcyoruz. Bu konuya b\u00fct\u00fcnc\u00fcl bir planlama anlay\u0131\u015f\u0131 ile yakla\u015fmak gerekiyor. \u00d6ncelik planlamas\u0131yla <strong>imar plan\u0131<\/strong> ve <strong>m\u00fclkiyet sorunlar\u0131ndan kaynakl\u0131 s\u0131k\u0131nt\u0131 \u00e7eken<\/strong> b\u00f6lgelerimizde \u00e7al\u0131\u015fmalar\u0131m\u0131z\u0131 yo\u011funla\u015ft\u0131r\u0131yoruz\u201d<\/em> de\u011ferlendirmesini yapt\u0131.<\/p>\n<h3><strong>\u2018Afet diren\u00e7li \u015fehirler yaratmak i\u00e7in gereken 5 a\u015famaya dikkat\u2019<\/strong><\/h3>\n<p><strong>Prof. Dr. Sinan Mert \u015eener<\/strong>\u00a0ise a\u00e7\u0131l\u0131\u015f panelinde yapt\u0131\u011f\u0131 sunumda, <strong>afet diren\u00e7li \u015fehirler yaratmak<\/strong> i\u00e7in gereken 5 a\u015famay\u0131 aktard\u0131. Bu alanda \u00f6ncelikli ad\u0131m\u0131n toplumun bilgilendirilmesi oldu\u011funa ve kamu, sivil toplum kurulu\u015flar\u0131 ile akademik kurumlar\u0131n i\u015f birli\u011fi i\u00e7inde hareket etmesinin gereklili\u011fine dikkat \u00e7eken \u015eener, 5 a\u015famay\u0131, <strong>\u2018Toplumu bilin\u00e7lendirme\u2019, \u2018Kamunun planlama, finans yaratma ve te\u015fvik etme \u00f6zelli\u011fini \u00f6ne \u00e7\u0131karmas\u0131\u2019, \u2018Sivil toplum kurulu\u015flar\u0131n\u0131n bireyler ve kamuyla birlikte proje geli\u015ftirmesi\u2019, \u2018Akademik kurumlar\u0131n e\u011fitim deste\u011fi vererek afetlere haz\u0131r olma sorumlulu\u011funu yaymas\u0131\u2019 ile \u2018Planl\u0131 yerle\u015fke ve b\u00f6lgeler geli\u015ftirme\u2019<\/strong> olarak s\u0131ralad\u0131.<\/p>\n<p>Planl\u0131 yerle\u015fke ve b\u00f6lgeler yaratmak i\u00e7in; <strong>risk y\u00f6netimi, y\u00f6netmelik ve te\u015fviklerle<\/strong> yap\u0131lacak <strong>h\u0131zl\u0131 bir g\u00fc\u00e7lendirme<\/strong> ve <strong>acil durum ka\u00e7\u0131\u015f g\u00fczergahlar\u0131n\u0131n planlanmas\u0131na<\/strong> ihtiya\u00e7 duyuldu\u011funu belirten \u015eener, bu alanda at\u0131lacak di\u011fer ad\u0131mlar aras\u0131nda d\u00f6n\u00fc\u015f\u00fcm\u00fcn te\u015fvi\u011finin, az katl\u0131 yap\u0131la\u015fman\u0131n, ye\u015fil ve sulak alanlar\u0131n planlanmas\u0131n\u0131n, yap\u0131 malzeme denetiminin ve kent \u00f6l\u00e7e\u011finde prefabrik h\u0131zl\u0131 konut \u00fcretiminin de yer ald\u0131\u011f\u0131n\u0131 kaydetti.<\/p>\n<h3><strong>\u2018Diren\u00e7li binalar art\u0131k tercih de\u011fil, bir zorunluluk\u2019<\/strong><\/h3>\n<p>Zirvenin \u2018Binalar\u0131m\u0131z\u0131n Gelece\u011fi\u2019 ba\u015fl\u0131kl\u0131 oturumuna kat\u0131lan <strong>\u00c7evre, \u015eehircilik ve \u0130klim De\u011fi\u015fikli\u011fi Bakanl\u0131\u011f\u0131 Enerji Verimlili\u011fi ve Tesisat Dairesi Ba\u015fkan\u0131 Murat Bayram<\/strong> ise, iklime duyarl\u0131, \u00e7evre ile uyumlu binalar\u0131n yap\u0131m\u0131 ve belgelendirilmesi konusundaki sekt\u00f6rel bilincin sevindirici oldu\u011funu ancak hen\u00fcz yeterli seviyede olmad\u0131\u011f\u0131n\u0131 belirtti. Bayram, <em>\u201cKahramanmara\u015f depremi ile afetlere diren\u00e7li binalar in\u015fa etmek, enerji ve su verimlili\u011fi, s\u00fcrd\u00fcr\u00fclebilir yap\u0131 malzemeleri, do\u011fru planlama gibi konular art\u0131k tercih de\u011fil zorunluluk haline geldi. \u0130n\u015faat sekt\u00f6r\u00fc, kamu ve STK\u2019lar \u00f6ncelikli olarak bilin\u00e7li ve e\u011fitimli olmal\u0131\u201d<\/em> diye konu\u015ftu.<\/p>\n<h3><strong>4 oturumda d\u00fcnya ve T\u00fcrkiye g\u00fcndemini yans\u0131tan konular tart\u0131\u015f\u0131ld\u0131<\/strong><\/h3>\n<p>\u2019Afet- Diren\u00e7li \u015eehirler\u2019in ele al\u0131nd\u0131\u011f\u0131 a\u00e7\u0131l\u0131\u015f panelinin ard\u0131ndan <strong>\u2018Karbonsuzla\u015fma ama Nas\u0131l?\u2019, \u2018Binalar\u0131m\u0131z\u0131n Gelece\u011fi\u2019, \u2018Yeniden Ya\u015fam\u2019, \u2018D\u00f6n\u00fc\u015f\u00fcm\u00fcn Kayna\u011f\u0131 Nerede?\u2019 ve \u2018\u0130stanbul&#8217;un Gelece\u011fi\u2019\u00a0<\/strong>gibi sekt\u00f6rde \u00f6nem arz eden ve<em>\u00a0d\u00fcnya g\u00fcndemini yans\u0131tan \u00f6nemli ba\u015fl\u0131klar, <strong>4 ayr\u0131 oturumla<\/strong> <strong>akademisyenler<\/strong> ile <strong>kamu ve \u00f6zel sekt\u00f6r\u00fcn \u00f6nde gelen temsilcileri<\/strong> taraf\u0131ndan masaya yat\u0131r\u0131ld\u0131.<\/em><\/p>\n<p>Bu kapsamda zirvede <strong>in\u015faat ve bankac\u0131l\u0131k sekt\u00f6rleri<\/strong>nin <strong>ye\u015fil binalar i\u00e7in sundu\u011fu finansal \u00fcr\u00fcnler<\/strong> ve <strong>sertifika sistemleri<\/strong>, \u2018karbonsuzla\u015fma\u2019 alan\u0131nda uluslararas\u0131 stratejilerin T\u00fcrkiye&#8217;de uygulanmas\u0131na y\u00f6nelik imk\u00e2n ve engeller, <strong>binalarda enerji verimlili\u011fin art\u0131\u015f\u0131<\/strong> ve <strong>potansiyeli ile yenilenebilir enerji \u00fcretiminde<\/strong> T\u00fcrkiye&#8217;nin durumu ve ulusal enerji politikalar\u0131 da incelendi. \u0130stanbul\u2019un gelece\u011finin masaya yat\u0131r\u0131ld\u0131\u011f\u0131 zirvede <strong>\u00fcnl\u00fc \u015fovmen Okan Bay\u00fclgen&#8217;in moderat\u00f6rl\u00fc\u011f\u00fcnde<\/strong> ger\u00e7ekle\u015ftirilen kapan\u0131\u015f paneline, aralar\u0131nda <strong>Prof. Dr. Naci G\u00f6r\u00fcr&#8217;\u00fcn de<\/strong> oldu\u011fu \u00f6nemli akademisyenler kat\u0131ld\u0131.<\/p>\n<h3><strong>\u20187. Ye\u015fil Ekonomi\u2019 ve \u2018S\u00fcrd\u00fcr\u00fclebilirlik Fikir Yar\u0131\u015fmas\u0131\u2019 \u00f6d\u00fclleri verildi<\/strong><\/h3>\n<p><strong>Yeni Aray\u0131\u015flar Giri\u015fimi Platformu Derne\u011fi\u2019nin (YAPDER)<\/strong> d\u00fczenledi\u011fi\u00a0<strong>Ye\u015fil Ekonomi \u00d6d\u00fclleri\u2019<\/strong>nin 7\u2019incisinin de verildi\u011fi zirvede, \u00e7evreye kar\u015f\u0131 duyarl\u0131 yakla\u015f\u0131mla 11 dalda proje \u00fcreten kurumlara \u00f6d\u00fclleri takdim edildi. \u00d6d\u00fcl alan kurumlar ve y\u00f6neticileri aras\u0131nda \u0130SO Y\u00f6netim Kurulu \u00dcyesi ve \u0130SO S\u00fcrd\u00fcr\u00fclebilirlik Platformu Ba\u015fkan\u0131 Sultan Tepe,\u00a0Orka Holding Y\u00f6netim Kurulu Ba\u015fkan\u0131 S\u00fcleyman Orak\u00e7\u0131o\u011flu, Ege Yap\u0131 Y\u00f6netim Kurulu Ba\u015fkan\u0131 \u0130nan\u00e7 Kabaday\u0131, Fatih Belediye Ba\u015fkan\u0131 Erg\u00fcn Turan ve K\u00fc\u00e7\u00fck\u00e7ekmece Belediye Ba\u015fkan\u0131 Kemal \u00c7ebi gibi isimler yer ald\u0131.<\/p>\n<p>Zirvede <strong>\u00c7EDB\u0130K<\/strong> taraf\u0131ndan d\u00fczenlenen \u2018<a href=\"https:\/\/cedbik.org\/tr\/edbi-k-renci-fikir-yar-mas-2023-d-n-m-tasarlamak\" target=\"_blank\" rel=\"noopener\">\u00c7EDB\u0130K S\u00fcrd\u00fcr\u00fclebilirlik Fikir Yar\u0131\u015fmas\u0131 2023: D\u00f6n\u00fc\u015f\u00fcm\u00fc Tasarlamak<\/a>\u2019 \u00d6d\u00fcl T\u00f6reni\u2019nin kazananlar\u0131na \u00f6d\u00fclleri takdim edildi. Bu y\u0131l ya\u015fad\u0131\u011f\u0131m\u0131z depremleri kentsel ve mek\u00e2nsal diren\u00e7lilik \u00e7er\u00e7evesinde oda\u011f\u0131na alan yar\u0131\u015fmada, \u00c7anakkale ilinin Merkez il\u00e7esine ba\u011fl\u0131 Barbaros Mahallesi\u2019nin k\u0131y\u0131 b\u00f6lgesinde se\u00e7ilen bir proje alan\u0131nda, afet sonras\u0131nda afetzedelerin anl\u0131k ihtiya\u00e7lar\u0131n\u0131n kar\u015f\u0131lanmas\u0131n\u0131 sa\u011flayan <strong>i\u015fleve dayal\u0131<\/strong> <strong>en iyi mekansal \u00e7\u00f6z\u00fcmler<\/strong> geli\u015ftiren <strong>MS5\u0130Y<\/strong> rumuzlu ekip lideri<strong> Yasemin Kaya<\/strong> birincilik,<strong> BEEM1<\/strong> rumuzlu ekip lideri<strong> Zeynep Berika \u00d6zcan<\/strong> <strong>ikincilik<\/strong> ve <strong>\u00c72578<\/strong> rumuzlu ekip lideri <strong>Eren Yi\u011fit Bele\u015f<\/strong> \u00fc\u00e7\u00fcnc\u00fcl\u00fck \u00f6d\u00fcl\u00fcne lay\u0131k g\u00f6r\u00fcld\u00fc.<\/p>","protected":false},"excerpt":{"rendered":"<p>Sorry, this entry is only available in Turkish. For the sake of viewer convenience, the content is shown below in the alternative language. You may click the link to switch the active language. \u00c7evre Dostu Ye\u015fil Binalar Derne\u011fi\u2019nin (\u00c7EDB\u0130K) ev sahipli\u011finde, T.C. \u00c7evre, \u015eehircilik ve \u0130klim De\u011fi\u015fikli\u011fi Bakanl\u0131\u011f\u0131 deste\u011fiyle d\u00fczenlenen \u2018Uluslararas\u0131 Ye\u015fil Binalar ve \u015eehirler [&hellip;]<\/p>\n","protected":false},"author":1,"featured_media":180834,"comment_status":"open","ping_status":"open","sticky":false,"template":"","format":"standard","meta":[],"categories":[53,52],"tags":[111168,111167,4240,12,111169,55],"views":40,"_links":{"self":[{"href":"https:\/\/www.enerjigazetesi.ist\/en\/wp-json\/wp\/v2\/posts\/180828"}],"collection":[{"href":"https:\/\/www.enerjigazetesi.ist\/en\/wp-json\/wp\/v2\/posts"}],"about":[{"href":"https:\/\/www.enerjigazetesi.ist\/en\/wp-json\/wp\/v2\/types\/post"}],"author":[{"embeddable":true,"href":"https:\/\/www.enerjigazetesi.ist\/en\/wp-json\/wp\/v2\/users\/1"}],"replies":[{"embeddable":true,"href":"https:\/\/www.enerjigazetesi.ist\/en\/wp-json\/wp\/v2\/comments?post=180828"}],"version-history":[{"count":0,"href":"https:\/\/www.enerjigazetesi.ist\/en\/wp-json\/wp\/v2\/posts\/180828\/revisions"}],"wp:featuredmedia":[{"embeddable":true,"href":"https:\/\/www.enerjigazetesi.ist\/en\/wp-json\/wp\/v2\/media\/180834"}],"wp:attachment":[{"href":"https:\/\/www.enerjigazetesi.ist\/en\/wp-json\/wp\/v2\/media?parent=180828"}],"wp:term":[{"taxonomy":"category","embeddable":true,"href":"https:\/\/www.enerjigazetesi.ist\/en\/wp-json\/wp\/v2\/categories?post=180828"},{"taxonomy":"post_tag","embeddable":true,"href":"https:\/\/www.enerjigazetesi.ist\/en\/wp-json\/wp\/v2\/tags?post=180828"}],"curies":[{"name":"wp","href":"https:\/\/api.w.org\/{rel}","templated":true}]}}