{"id":180816,"date":"2023-11-08T15:24:43","date_gmt":"2023-11-08T12:24:43","guid":{"rendered":"https:\/\/www.enerjigazetesi.ist\/?p=180816"},"modified":"2023-11-08T15:24:43","modified_gmt":"2023-11-08T12:24:43","slug":"aydem-yenilenebilir-enerji-ilk-9-ayda-kurulu-gucunu-1-168-mw-a-yukseltti","status":"publish","type":"post","link":"https:\/\/www.enerjigazetesi.ist\/en\/aydem-yenilenebilir-enerji-ilk-9-ayda-kurulu-gucunu-1-168-mw-a-yukseltti\/","title":{"rendered":"(Turkish) Aydem Yenilenebilir Enerji \u0130lk 9 Ayda Kurulu G\u00fcc\u00fcn\u00fc 1.168 MW\u2019a Y\u00fckseltti"},"content":{"rendered":"<p class=\"qtranxs-available-languages-message qtranxs-available-languages-message-en\">Sorry, this entry is only available in <a href=\"https:\/\/www.enerjigazetesi.ist\/tr\/wp-json\/wp\/v2\/posts\/180816\" class=\"qtranxs-available-language-link qtranxs-available-language-link-tr\" title=\"Turkish\">Turkish<\/a>. For the sake of viewer convenience, the content is shown below in the alternative language. You may click the link to switch the active language.<\/p><p><\/p>\n<h2><strong>Sadece yenilenebilir kaynaklardan enerji \u00fcreten T\u00fcrkiye\u2019nin en b\u00fcy\u00fck kurulu g\u00fcce sahip \u015firketi Aydem Yenilenebilir Enerji, 2023 y\u0131l\u0131n\u0131n ilk 9 ay\u0131nda ger\u00e7ekle\u015ftirdi\u011fi yat\u0131r\u0131m hamleleriyle kurulu g\u00fcc\u00fcn\u00fc 1.168 MW&#8217;a ula\u015ft\u0131rd\u0131. <\/strong><strong>G\u00fc\u00e7l\u00fc ve istikrarl\u0131 bir bi\u00e7imde b\u00fcy\u00fcyen Aydem Yenilenebilir Enerji, 2 milyar 867 milyon 406 bin TL faiz, amortisman ve vergi \u00f6ncesi k\u00e2rl\u0131l\u0131k (FAV\u00d6K) elde ederek, varl\u0131k b\u00fcy\u00fckl\u00fc\u011f\u00fcn\u00fc de 36 milyar 639 milyon 655 bin TL\u2019ye ta\u015f\u0131d\u0131.<\/strong><\/h2>\n<p>Aydem Enerji\u2019nin, <strong>yenilenebilir enerji \u00fcretimi<\/strong> alan\u0131nda faaliyet g\u00f6steren \u015firketi <strong>Aydem Yenilenebilir Enerji<\/strong>, katma de\u011fer odakl\u0131 yat\u0131r\u0131mlar\u0131yla <strong>2023 y\u0131l\u0131nda da g\u00fc\u00e7l\u00fc b\u00fcy\u00fcmesini<\/strong> <img loading=\"lazy\" class=\"alignright wp-image-180821\" src=\"https:\/\/www.enerjigazetesi.ist\/wp-content\/uploads\/2023\/11\/aydem-yenilenebilir-enerji-ilk-9-ayda-kurulu-gucunu-1-168-mw-a-yukseltti-1.jpg\" alt=\"\" width=\"320\" height=\"222\" srcset=\"https:\/\/www.enerjigazetesi.ist\/wp-content\/uploads\/2023\/11\/aydem-yenilenebilir-enerji-ilk-9-ayda-kurulu-gucunu-1-168-mw-a-yukseltti-1.jpg 550w, https:\/\/www.enerjigazetesi.ist\/wp-content\/uploads\/2023\/11\/aydem-yenilenebilir-enerji-ilk-9-ayda-kurulu-gucunu-1-168-mw-a-yukseltti-1-300x208.jpg 300w, https:\/\/www.enerjigazetesi.ist\/wp-content\/uploads\/2023\/11\/aydem-yenilenebilir-enerji-ilk-9-ayda-kurulu-gucunu-1-168-mw-a-yukseltti-1-500x347.jpg 500w, https:\/\/www.enerjigazetesi.ist\/wp-content\/uploads\/2023\/11\/aydem-yenilenebilir-enerji-ilk-9-ayda-kurulu-gucunu-1-168-mw-a-yukseltti-1-72x50.jpg 72w\" sizes=\"(max-width: 320px) 100vw, 320px\" \/>s\u00fcrd\u00fcr\u00fcyor.<\/p>\n<p>Y\u0131l\u0131n her \u00e7eyre\u011finde istikrarl\u0131 bir performans ortaya koyan <strong>Aydem Yenilenebilir Enerji\u2019nin<\/strong> ba\u015far\u0131s\u0131 finansal sonu\u00e7lara da yans\u0131d\u0131.<\/p>\n<h3><strong>Serdar Marangoz: &#8220;Kurulu g\u00fcc\u00fcm\u00fcz\u00fc y\u00fczde 14,5 art\u0131rd\u0131k.\u201d<\/strong><\/h3>\n<p>2023 y\u0131l\u0131 9 ay sonu\u00e7lar\u0131n\u0131 de\u011ferlendiren <strong>Aydem Yenilenebilir Enerji Genel M\u00fcd\u00fcr\u00fc Serdar Marangoz<\/strong>, \u015funlar\u0131 s\u00f6yledi:<strong>\u00a0<\/strong><em>\u201cY\u0131l\u0131n ilk 9 ay\u0131nda devreye ald\u0131\u011f\u0131m\u0131z <strong>hibrit GES ve r\u00fczg\u00e2r kapasite art\u0131\u015f\u0131 yat\u0131r\u0131mlar\u0131m\u0131z<\/strong> ile \u00fcretimimiz h\u0131zland\u0131. \u015eubat ay\u0131nda <strong>T\u00fcrkiye\u2019nin en b\u00fcy\u00fck hibrit GES yat\u0131r\u0131m\u0131n\u0131n<\/strong> yan\u0131 s\u0131ra Haziran ay\u0131nda <strong>9<\/strong> ve A\u011fustos ay\u0131nda <strong>2 adet<\/strong> olmak \u00fczere her biri <strong>6 MW<\/strong> g\u00fcc\u00fcnde <strong>T\u00fcrkiye\u2019nin en b\u00fcy\u00fck mor kanatl\u0131 t\u00fcrbinlerini de U\u015fak\u2019ta<\/strong> devreye ald\u0131k. Yat\u0131r\u0131m hamlelerimiz sonucu <strong>y\u0131l\u0131n ilk 9 ay\u0131nda<\/strong> kurulu g\u00fcc\u00fcm\u00fcz\u00fc <strong>y\u00fczde 14,5<\/strong> art\u0131rarak, portf\u00f6y\u00fcm\u00fcz\u00fcn toplam kurulu g\u00fcc\u00fcn\u00fc <strong>1.168 MW\u2019a<\/strong> \u00e7\u0131kard\u0131k. Toplam aktiflerimizi de y\u0131l\u0131n ilk yar\u0131s\u0131nda <strong>36 milyar 639 milyon 655 bin TL<\/strong>\u2019ye ta\u015f\u0131d\u0131k. Santrallerimizde korudu\u011fumuz<strong> %99,6<\/strong> emreamadelik seviyemizin yan\u0131 s\u0131ra etkin portf\u00f6y y\u00f6netimimiz ile birlikte <strong>y\u0131l\u0131n ilk 9 ay\u0131nda FAV\u00d6K<\/strong>\u2019te, <strong>2 milyar 867 milyon 406 bin TL\u2019<\/strong>ye ula\u015ft\u0131k. <strong>S\u00f6ke<\/strong> ve<strong> U\u015fak\u2019ta<\/strong> toplamda <strong>48 MW<\/strong> kurulu g\u00fcce sahip t\u00fcrbinlerimizi <strong>k\u0131sa zamanda devreye alacak<\/strong> ve <strong>yat\u0131r\u0131m plan\u0131m\u0131z \u00e7er\u00e7evesinde<\/strong> kurulu g\u00fcc\u00fcm\u00fcz\u00fc<strong> istikrarl\u0131 \u015fekilde art\u0131rmaya<\/strong> devam edece\u011fiz.\u201d<\/em><\/p>","protected":false},"excerpt":{"rendered":"<p>Sorry, this entry is only available in Turkish. For the sake of viewer convenience, the content is shown below in the alternative language. You may click the link to switch the active language. Sadece yenilenebilir kaynaklardan enerji \u00fcreten T\u00fcrkiye\u2019nin en b\u00fcy\u00fck kurulu g\u00fcce sahip \u015firketi Aydem Yenilenebilir Enerji, 2023 y\u0131l\u0131n\u0131n ilk 9 ay\u0131nda ger\u00e7ekle\u015ftirdi\u011fi yat\u0131r\u0131m [&hellip;]<\/p>\n","protected":false},"author":1,"featured_media":180820,"comment_status":"open","ping_status":"open","sticky":false,"template":"","format":"standard","meta":[],"categories":[53,49,50],"tags":[67505,431,35307,430],"views":37,"_links":{"self":[{"href":"https:\/\/www.enerjigazetesi.ist\/en\/wp-json\/wp\/v2\/posts\/180816"}],"collection":[{"href":"https:\/\/www.enerjigazetesi.ist\/en\/wp-json\/wp\/v2\/posts"}],"about":[{"href":"https:\/\/www.enerjigazetesi.ist\/en\/wp-json\/wp\/v2\/types\/post"}],"author":[{"embeddable":true,"href":"https:\/\/www.enerjigazetesi.ist\/en\/wp-json\/wp\/v2\/users\/1"}],"replies":[{"embeddable":true,"href":"https:\/\/www.enerjigazetesi.ist\/en\/wp-json\/wp\/v2\/comments?post=180816"}],"version-history":[{"count":0,"href":"https:\/\/www.enerjigazetesi.ist\/en\/wp-json\/wp\/v2\/posts\/180816\/revisions"}],"wp:featuredmedia":[{"embeddable":true,"href":"https:\/\/www.enerjigazetesi.ist\/en\/wp-json\/wp\/v2\/media\/180820"}],"wp:attachment":[{"href":"https:\/\/www.enerjigazetesi.ist\/en\/wp-json\/wp\/v2\/media?parent=180816"}],"wp:term":[{"taxonomy":"category","embeddable":true,"href":"https:\/\/www.enerjigazetesi.ist\/en\/wp-json\/wp\/v2\/categories?post=180816"},{"taxonomy":"post_tag","embeddable":true,"href":"https:\/\/www.enerjigazetesi.ist\/en\/wp-json\/wp\/v2\/tags?post=180816"}],"curies":[{"name":"wp","href":"https:\/\/api.w.org\/{rel}","templated":true}]}}