{"id":180746,"date":"2023-11-07T12:26:05","date_gmt":"2023-11-07T09:26:05","guid":{"rendered":"https:\/\/www.enerjigazetesi.ist\/?p=180746"},"modified":"2023-11-07T12:26:05","modified_gmt":"2023-11-07T09:26:05","slug":"sisecam-cam-konferansi-nda-cam-sektoru-temsilcileri-bir-araya-geldi","status":"publish","type":"post","link":"https:\/\/www.enerjigazetesi.ist\/en\/sisecam-cam-konferansi-nda-cam-sektoru-temsilcileri-bir-araya-geldi\/","title":{"rendered":"(Turkish) &#8217;\u015ei\u015fecam Cam Konferans\u0131&#8217;nda Cam Sekt\u00f6r\u00fc Temsilcileri Bir Araya Geldi"},"content":{"rendered":"<p class=\"qtranxs-available-languages-message qtranxs-available-languages-message-en\">Sorry, this entry is only available in <a href=\"https:\/\/www.enerjigazetesi.ist\/tr\/wp-json\/wp\/v2\/posts\/180746\" class=\"qtranxs-available-language-link qtranxs-available-language-link-tr\" title=\"Turkish\">Turkish<\/a>. For the sake of viewer convenience, the content is shown below in the alternative language. You may click the link to switch the active language.<\/p><p><\/p>\n<h2><strong>Cam ve kimyasallar sekt\u00f6rlerinin global oyuncusu \u015ei\u015fecam, global cam sekt\u00f6r\u00fcn\u00fcn \u00f6nde gelen temsilcilerini bu y\u0131l 38\u2019incisini \u201cS\u00fcrd\u00fcr\u00fclebilir Bir Gelecek- \u0130novasyon i\u00e7in \u0130\u015f Birli\u011fi\u201d temas\u0131 ile ger\u00e7ekle\u015ftirdi\u011fi \u015ei\u015fecam Uluslararas\u0131 Cam Konferans\u0131\u2019nda bir araya getirdi.<\/strong><\/h2>\n<p style=\"text-align: center;\"><img loading=\"lazy\" class=\"aligncenter wp-image-180749\" src=\"https:\/\/www.enerjigazetesi.ist\/wp-content\/uploads\/2023\/11\/sisecam-cam-konferansinda-cam-sektoru-temsilcileri-ile-bir-araya-geldi.jpg\" alt=\"\" width=\"500\" height=\"354\" srcset=\"https:\/\/www.enerjigazetesi.ist\/wp-content\/uploads\/2023\/11\/sisecam-cam-konferansinda-cam-sektoru-temsilcileri-ile-bir-araya-geldi.jpg 550w, https:\/\/www.enerjigazetesi.ist\/wp-content\/uploads\/2023\/11\/sisecam-cam-konferansinda-cam-sektoru-temsilcileri-ile-bir-araya-geldi-300x212.jpg 300w, https:\/\/www.enerjigazetesi.ist\/wp-content\/uploads\/2023\/11\/sisecam-cam-konferansinda-cam-sektoru-temsilcileri-ile-bir-araya-geldi-500x354.jpg 500w, https:\/\/www.enerjigazetesi.ist\/wp-content\/uploads\/2023\/11\/sisecam-cam-konferansinda-cam-sektoru-temsilcileri-ile-bir-araya-geldi-71x50.jpg 71w\" sizes=\"(max-width: 500px) 100vw, 500px\" \/><\/p>\n<p>Cam\u0131n \u00fcst\u00fcn yeteneklerinin sekt\u00f6r\u00fcn t\u00fcm payda\u015flar\u0131n\u0131n katk\u0131s\u0131 ve i\u015f birli\u011fi ile geli\u015ftirilmesine y\u00f6nelik bir platform olan \u015ei\u015fecam Cam Konferans\u0131\u2019n\u0131n bu y\u0131lki ana temas\u0131 <strong>\u201cS\u00fcrd\u00fcr\u00fclebilir Bir Gelecek- \u0130novasyon i\u00e7in \u0130\u015f Birli\u011fi\u201d<\/strong> oldu.<strong> 02 &#8211; 03 Kas\u0131m 2023<\/strong> tarihlerinde, <strong>\u201cCam Bilimi ve Teknolojisi\u201d<\/strong> alan\u0131nda \u00e7al\u0131\u015fan \u00fcniversiteleri, bilimsel kurulu\u015flar\u0131, cam \u00fcreticilerini ve tedarik\u00e7ilerini global \u00f6l\u00e7ekte bir araya getiren konferansta, cam ve cama de\u011fer katan t\u00fcm alanlardaki yenilik\u00e7i \u00fcr\u00fcnler, sekt\u00f6rdeki teknolojik geli\u015fmeler ve s\u00fcrd\u00fcr\u00fclebilir \u00e7\u00f6z\u00fcmlere ili\u015fkin payla\u015f\u0131mlar yap\u0131ld\u0131.<\/p>\n<h3><strong>Adil ve s\u00fcrd\u00fcr\u00fclebilir bir d\u00fcnya i\u00e7in kapsaml\u0131 bir plana ihtiyac\u0131m\u0131z var<\/strong><\/h3>\n<p>Ekim ay\u0131nda Y\u0131l\u0131n Cama De\u011fer Katan \u0130nsan\u0131 \u00f6d\u00fcl t\u00f6reninde cam sekt\u00f6r\u00fcn\u00fcn, d\u00fcnyan\u0131n temel sorunlar\u0131n\u0131n \u00e7\u00f6z\u00fcm\u00fcnde etkin rol oynayabilece\u011fine dair a\u00e7\u0131klamalar yapan <strong>\u015ei\u015fecam Y\u00f6netim Kurulu Ba\u015fkan\u0131 ve Murahhas \u00dcyesi Prof. Dr. Ahmet K\u0131rman<\/strong>, konferansta sekt\u00f6re d\u00fcnyan\u0131n ortak sorunlar\u0131 i\u00e7in i\u015f birli\u011fi \u00e7a\u011fr\u0131s\u0131n\u0131 yineledi. Prof. Dr. K\u0131rman, <em>\u201cCam end\u00fcstrisinin fark yaratabilece\u011fi sorunlar\u0131n ba\u015f\u0131nda gelir da\u011f\u0131l\u0131m\u0131 e\u015fitsizli\u011fi geliyor. Bir di\u011fer sorun, \u00e7ok\u00e7a bahsedilmesine ra\u011fmen s\u00fcrd\u00fcr\u00fclebilir bir d\u00fcnya i\u00e7in ciddi ad\u0131mlar\u0131n hala at\u0131lamam\u0131\u015f olmas\u0131. Son olarak, k\u00fcresel n\u00fcfusun yar\u0131s\u0131ndan fazlas\u0131n\u0131 olu\u015fturan <strong>kad\u0131nlar i\u00e7in e\u015fit \u015fartlar<\/strong> sunulmuyor. <strong>Adil ve s\u00fcrd\u00fcr\u00fclebilir bir d\u00fcnya<\/strong> i\u00e7in kapsaml\u0131 bir plana ihtiyac\u0131m\u0131z var. Cam sekt\u00f6r\u00fc de bu konuda \u00fczerine d\u00fc\u015feni yapmal\u0131\u201d<\/em> dedi.<\/p>\n<h3><strong>Enerji\u0307 t\u00fcketimini d\u00fc\u015f\u00fcrmek g\u00fcndemimizin en \u00fcst s\u0131ras\u0131nda<\/strong><\/h3>\n<p><strong>\u015ei\u015fecam Genel M\u00fcd\u00fcr\u00fc G\u00f6rkem Elverici<\/strong> ise <em>\u201cCam \u00fcretimi enerji yo\u011fun bir s\u00fcre\u00e7. Bu nedenle \u00fcretim s\u00fcre\u00e7lerindeki <strong>enerji\u0307 t\u00fcketimini d\u00fc\u015f\u00fcrmek<\/strong> g\u00fcndemimizin en \u00fcst s\u0131ras\u0131nda yer al\u0131yor. Bu anlamda <strong>cam \u00fcretimi<\/strong> i\u00e7in <strong>yenilenebilir enerji projeleri<\/strong> y\u00fcr\u00fct\u00fcyoruz. Bu alan\u0131 s\u00fcrd\u00fcr\u00fclebilirlik a\u00e7\u0131s\u0131ndan bir f\u0131rsat olarak g\u00f6r\u00fcyor ve <strong>g\u00fcne\u015f enerjisi kullan\u0131m\u0131n\u0131 te\u015fvik etmek<\/strong> amac\u0131yla <strong>g\u00fcne\u015f panelleri<\/strong> i\u00e7in <strong>buzlu ve solar cam yat\u0131r\u0131mlar\u0131m\u0131z\u0131<\/strong> art\u0131r\u0131yoruz. Bunlar\u0131n yan\u0131 s\u0131ra devam etti\u011fimiz <strong>yenilenebilir enerji \u00e7al\u0131\u015fmalar\u0131m\u0131zla<\/strong> karbon emisyonumuzu azalt\u0131rken, <strong>enerji tasarrufu da<\/strong> sa\u011fl\u0131yoruz. 2030 y\u0131l\u0131na kadar fabrikalar\u0131m\u0131zda yenilenebilir enerji kullan\u0131m\u0131n\u0131 <strong>8 kat<\/strong> art\u0131rmay\u0131 hedefliyoruz. <strong>Geri d\u00f6n\u00fc\u015ft\u00fcr\u00fclebilir enerji kaynaklar\u0131<\/strong> i\u00e7in de \u00e7al\u0131\u015fmalar\u0131m\u0131z\u0131 ve yat\u0131r\u0131mlar\u0131m\u0131z\u0131 s\u00fcrd\u00fcr\u00fcyoruz\u201d<\/em> diye konu\u015ftu.<\/p>\n<p>Binalara entegre <strong>saydam fotovoltaik teknolojiler<\/strong>, <strong>cam end\u00fcstrisinin karbonla\u015ft\u0131rma yolu<\/strong> i\u00e7in f\u0131rsatlar ve farkl\u0131 enerji girdileri ile ilgili olas\u0131 \u00e7\u00f6z\u00fcmler ve <strong>karbon-n\u00f6tr cam \u00fcretimi<\/strong> i\u00e7in yeni bir yakla\u015f\u0131m\u0131 gibi \u00fc\u00e7 \u00f6nemli sunum ile ba\u015flayan <em>konferans, cam ergitme ve \u015fekillendirme, cam y\u00fczeyleri ve kaplamalar, enerji verimlili\u011fi ve dekarbonizasyon stratejisi, ileri teknoloji malzemeler, dijitalizasyon, cam biliminin temelleri ve \u00fcr\u00fcn tasar\u0131m\u0131<\/em> gibi \u00f6nemli ba\u015fl\u0131klar\u0131 konu alan <strong>10 paralel oturum<\/strong> ile devam etti. Konferans kapsam\u0131nda <strong>51\u2019i<\/strong> s\u00f6zl\u00fc, <strong>21\u2019i<\/strong> poster olmak \u00fczere <strong>toplam 72 \u00e7al\u0131\u015fma<\/strong> sunuldu.<\/p>","protected":false},"excerpt":{"rendered":"<p>Sorry, this entry is only available in Turkish. For the sake of viewer convenience, the content is shown below in the alternative language. You may click the link to switch the active language. Cam ve kimyasallar sekt\u00f6rlerinin global oyuncusu \u015ei\u015fecam, global cam sekt\u00f6r\u00fcn\u00fcn \u00f6nde gelen temsilcilerini bu y\u0131l 38\u2019incisini \u201cS\u00fcrd\u00fcr\u00fclebilir Bir Gelecek- \u0130novasyon i\u00e7in \u0130\u015f [&hellip;]<\/p>\n","protected":false},"author":1,"featured_media":180749,"comment_status":"open","ping_status":"open","sticky":false,"template":"","format":"standard","meta":[],"categories":[53,52],"tags":[95636,109129,32733,111144],"views":27,"_links":{"self":[{"href":"https:\/\/www.enerjigazetesi.ist\/en\/wp-json\/wp\/v2\/posts\/180746"}],"collection":[{"href":"https:\/\/www.enerjigazetesi.ist\/en\/wp-json\/wp\/v2\/posts"}],"about":[{"href":"https:\/\/www.enerjigazetesi.ist\/en\/wp-json\/wp\/v2\/types\/post"}],"author":[{"embeddable":true,"href":"https:\/\/www.enerjigazetesi.ist\/en\/wp-json\/wp\/v2\/users\/1"}],"replies":[{"embeddable":true,"href":"https:\/\/www.enerjigazetesi.ist\/en\/wp-json\/wp\/v2\/comments?post=180746"}],"version-history":[{"count":0,"href":"https:\/\/www.enerjigazetesi.ist\/en\/wp-json\/wp\/v2\/posts\/180746\/revisions"}],"wp:featuredmedia":[{"embeddable":true,"href":"https:\/\/www.enerjigazetesi.ist\/en\/wp-json\/wp\/v2\/media\/180749"}],"wp:attachment":[{"href":"https:\/\/www.enerjigazetesi.ist\/en\/wp-json\/wp\/v2\/media?parent=180746"}],"wp:term":[{"taxonomy":"category","embeddable":true,"href":"https:\/\/www.enerjigazetesi.ist\/en\/wp-json\/wp\/v2\/categories?post=180746"},{"taxonomy":"post_tag","embeddable":true,"href":"https:\/\/www.enerjigazetesi.ist\/en\/wp-json\/wp\/v2\/tags?post=180746"}],"curies":[{"name":"wp","href":"https:\/\/api.w.org\/{rel}","templated":true}]}}