{"id":180711,"date":"2023-11-06T15:52:26","date_gmt":"2023-11-06T12:52:26","guid":{"rendered":"https:\/\/www.enerjigazetesi.ist\/?p=180711"},"modified":"2023-11-06T15:52:56","modified_gmt":"2023-11-06T12:52:56","slug":"ode-yalitim-malzemeleri-ihracati-nda-zirveye-yerlesti","status":"publish","type":"post","link":"https:\/\/www.enerjigazetesi.ist\/en\/ode-yalitim-malzemeleri-ihracati-nda-zirveye-yerlesti\/","title":{"rendered":"(Turkish) &#8217;ODE&#8217; Yal\u0131t\u0131m Malzemeleri \u0130hracat\u0131nda Zirveye Yerle\u015fti"},"content":{"rendered":"<p class=\"qtranxs-available-languages-message qtranxs-available-languages-message-en\">Sorry, this entry is only available in <a href=\"https:\/\/www.enerjigazetesi.ist\/tr\/wp-json\/wp\/v2\/posts\/180711\" class=\"qtranxs-available-language-link qtranxs-available-language-link-tr\" title=\"Turkish\">Turkish<\/a>. For the sake of viewer convenience, the content is shown below in the alternative language. You may click the link to switch the active language.<\/p><p><\/p>\n<h2><strong>ODE Yal\u0131t\u0131m, \u0130klimlendirme Sanayi \u0130hracat\u00e7\u0131lar\u0131 Birli\u011fi (\u0130S\u0130B) taraf\u0131ndan d\u00fczenlenen 2022 \u0130klimlendirme Sekt\u00f6r\u00fc \u0130hracat\u0131n Liderleri \u00d6d\u00fclleri\u2019nde en \u00e7ok yal\u0131t\u0131m malzemesi ihracat\u0131 yapan firma \u00f6d\u00fcl\u00fcn\u00fc kazand\u0131. ODE Yal\u0131t\u0131m Y\u00f6netim Kurulu \u00dcyesi Ozan Turan, <em>\u201c2021 y\u0131l\u0131nda T\u00fcrk yal\u0131t\u0131m sekt\u00f6r\u00fc ihracat\u0131n\u0131n y\u00fczde 12&#8217;sini ger\u00e7ekle\u015ftirmi\u015ftik. Ge\u00e7en y\u0131l ise \u00fcretti\u011fimiz \u00fcr\u00fcnlerin y\u00fczde 40\u2019\u0131n\u0131 ihra\u00e7 ederek, bu oran\u0131 y\u00fczde 12\u2019den y\u00fczde 16\u2019ya \u00e7\u0131kartt\u0131k.<\/em><\/strong> <strong><em>Cumhuriyetimizin ikinci y\u00fczy\u0131l\u0131nda, \u00fclkemiz i\u00e7in daha fazla katma de\u011fer \u00fcretmemizi sa\u011flayacak yurt d\u0131\u015f\u0131 operasyonlar\u0131na a\u011f\u0131rl\u0131k verece\u011fiz\u201d<\/em> dedi.<\/strong><\/h2>\n<p style=\"text-align: center;\"><img loading=\"lazy\" class=\"aligncenter wp-image-180713\" src=\"https:\/\/www.enerjigazetesi.ist\/wp-content\/uploads\/2023\/11\/ode-yalitim-malzemeleri-ihracati-nda-zirveye-yerlesti.jpg\" alt=\"\" width=\"500\" height=\"375\" srcset=\"https:\/\/www.enerjigazetesi.ist\/wp-content\/uploads\/2023\/11\/ode-yalitim-malzemeleri-ihracati-nda-zirveye-yerlesti.jpg 550w, https:\/\/www.enerjigazetesi.ist\/wp-content\/uploads\/2023\/11\/ode-yalitim-malzemeleri-ihracati-nda-zirveye-yerlesti-300x225.jpg 300w, https:\/\/www.enerjigazetesi.ist\/wp-content\/uploads\/2023\/11\/ode-yalitim-malzemeleri-ihracati-nda-zirveye-yerlesti-500x375.jpg 500w, https:\/\/www.enerjigazetesi.ist\/wp-content\/uploads\/2023\/11\/ode-yalitim-malzemeleri-ihracati-nda-zirveye-yerlesti-67x50.jpg 67w\" sizes=\"(max-width: 500px) 100vw, 500px\" \/><\/p>\n<p>T\u00fcrkiye\u2019nin y\u00fczde 100 yerli sermayeli en b\u00fcy\u00fck yal\u0131t\u0131m \u015firketi ODE Yal\u0131t\u0131m, <strong>\u0130klimlendirme Sanayi \u0130hracat\u00e7\u0131lar\u0131 Birli\u011fi (\u0130S\u0130B)<\/strong> taraf\u0131ndan d\u00fczenlenen 2022 \u0130klimlendirme Sekt\u00f6r\u00fc \u0130hracat\u0131n Liderleri \u00d6d\u00fclleri\u2019nde en \u00e7ok yal\u0131t\u0131m malzemesi ihracat\u0131 yapan firma \u00f6d\u00fcl\u00fcn\u00fcn sahibi oldu. T\u00f6rende, ODE Yal\u0131t\u0131m Y\u00f6netim Kurulu \u00dcyesi Ozan Turan\u2019a \u00f6d\u00fcl\u00fc, \u0130S\u0130B Y\u00f6netim Kurulu Ba\u015fkan\u0131 Mehmet Hakk\u0131 \u015eanal ve TOBB \u0130klimlendirme Meclisi Ba\u015fkan\u0131 Zeki Poyraz takdim etti.<\/p>\n<h3><strong>Ozan Turan: \u201cYeni pazarlara ula\u015f\u0131rken mevcut pazarlar\u0131m\u0131zda da derinle\u015fiyoruz\u201d<\/strong><\/h3>\n<p>\u00dcretime ba\u015flad\u0131klar\u0131 1996 y\u0131l\u0131ndan bu yana ihracat da yapt\u0131klar\u0131n\u0131 s\u00f6yleyen <strong>ODE Yal\u0131t\u0131m Y\u00f6netim Kurulu \u00dcyesi Ozan Turan,<\/strong> <em>\u201cO y\u0131l ilk ihracat\u0131m\u0131z\u0131 Bulgaristan\u2019a ger\u00e7ekle\u015ftirerek yurt d\u0131\u015f\u0131na a\u00e7\u0131lm\u0131\u015ft\u0131k. Bug\u00fcn alt\u0131 k\u0131tada, 75\u2019in \u00fczerinde \u00fclkeye \u2018ODE\u2019 markas\u0131yla ihracat yaparak, \u00fclkemiz i\u00e7in katma de\u011fer yaratman\u0131n gururunu ya\u015f\u0131yoruz. 2021 y\u0131l\u0131nda T\u00fcrk yal\u0131t\u0131m sekt\u00f6r\u00fc ihracat\u0131n\u0131n y\u00fczde 12&#8217;sini ger\u00e7ekle\u015ftirmi\u015ftik. Ge\u00e7en y\u0131l ise \u00fcretti\u011fimiz \u00fcr\u00fcnlerin y\u00fczde 40\u2019\u0131n\u0131 ihra\u00e7 ederek, bu oran\u0131 y\u00fczde 12\u2019den y\u00fczde 16\u2019ya \u00e7\u0131kartt\u0131k. \u00d6n\u00fcm\u00fczdeki d\u00f6nem i\u00e7in hedefimiz \u00fcr\u00fcnlerimizin y\u00fczde 50\u2019sini ihra\u00e7 ederek, sekt\u00f6rdeki pay\u0131m\u0131z\u0131 y\u00fczde 25\u2019e ta\u015f\u0131mak. Bu do\u011frultuda ba\u015fta Avrupa pazar\u0131nda olmak \u00fczere \u00e7al\u0131\u015fmalar\u0131m\u0131z\u0131 s\u00fcrd\u00fcr\u00fcyor, bir yandan yeni pazarlara ula\u015f\u0131rken di\u011fer yandan da mevcut pazarlar\u0131m\u0131zda derinle\u015fiyoruz. \u0130hracat\u0131m\u0131z\u0131 art\u0131rmak ve en \u00e7ok yal\u0131t\u0131m ihracat\u0131 yapan firma unvan\u0131m\u0131z\u0131 korumak i\u00e7in <strong>Ar-Ge, inovasyon ve s\u00fcrd\u00fcr\u00fclebilirli\u011fi<\/strong> oda\u011f\u0131m\u0131za ald\u0131\u011f\u0131m\u0131z \u00e7al\u0131\u015fmalar\u0131m\u0131za aral\u0131ks\u0131z devam edece\u011fiz. Bu anlaml\u0131 \u00f6d\u00fcl i\u00e7in \u0130S\u0130B\u2019e te\u015fekk\u00fcr ediyor, eme\u011fi ge\u00e7en t\u00fcm ODE Yal\u0131t\u0131m \u00e7al\u0131\u015fanlar\u0131n\u0131 kutluyorum\u201d<\/em> dedi.<\/p>\n<p>G\u00fcn\u00fcm\u00fcz itibar\u0131yla <strong>\u00c7in<\/strong> ile<strong> Almanya<\/strong> aras\u0131ndaki co\u011frafyada teknik yal\u0131t\u0131mdaki en b\u00fcy\u00fck \u00fcretici konumunda olduklar\u0131n\u0131 ifade eden <strong>Turan<\/strong>, Cumhuriyetin ikinci y\u00fczy\u0131l\u0131nda, T\u00fcrkiye i\u00e7in daha fazla katma de\u011fer \u00fcretmelerini sa\u011flayacak yurt d\u0131\u015f\u0131 operasyonlar\u0131na a\u011f\u0131rl\u0131k vereceklerini a\u00e7\u0131klad\u0131.<\/p>","protected":false},"excerpt":{"rendered":"<p>Sorry, this entry is only available in Turkish. For the sake of viewer convenience, the content is shown below in the alternative language. You may click the link to switch the active language. ODE Yal\u0131t\u0131m, \u0130klimlendirme Sanayi \u0130hracat\u00e7\u0131lar\u0131 Birli\u011fi (\u0130S\u0130B) taraf\u0131ndan d\u00fczenlenen 2022 \u0130klimlendirme Sekt\u00f6r\u00fc \u0130hracat\u0131n Liderleri \u00d6d\u00fclleri\u2019nde en \u00e7ok yal\u0131t\u0131m malzemesi ihracat\u0131 yapan firma [&hellip;]<\/p>\n","protected":false},"author":1,"featured_media":180713,"comment_status":"open","ping_status":"open","sticky":false,"template":"","format":"standard","meta":[],"categories":[53,52],"tags":[111130,61284,33913,111131,9134],"views":30,"_links":{"self":[{"href":"https:\/\/www.enerjigazetesi.ist\/en\/wp-json\/wp\/v2\/posts\/180711"}],"collection":[{"href":"https:\/\/www.enerjigazetesi.ist\/en\/wp-json\/wp\/v2\/posts"}],"about":[{"href":"https:\/\/www.enerjigazetesi.ist\/en\/wp-json\/wp\/v2\/types\/post"}],"author":[{"embeddable":true,"href":"https:\/\/www.enerjigazetesi.ist\/en\/wp-json\/wp\/v2\/users\/1"}],"replies":[{"embeddable":true,"href":"https:\/\/www.enerjigazetesi.ist\/en\/wp-json\/wp\/v2\/comments?post=180711"}],"version-history":[{"count":0,"href":"https:\/\/www.enerjigazetesi.ist\/en\/wp-json\/wp\/v2\/posts\/180711\/revisions"}],"wp:featuredmedia":[{"embeddable":true,"href":"https:\/\/www.enerjigazetesi.ist\/en\/wp-json\/wp\/v2\/media\/180713"}],"wp:attachment":[{"href":"https:\/\/www.enerjigazetesi.ist\/en\/wp-json\/wp\/v2\/media?parent=180711"}],"wp:term":[{"taxonomy":"category","embeddable":true,"href":"https:\/\/www.enerjigazetesi.ist\/en\/wp-json\/wp\/v2\/categories?post=180711"},{"taxonomy":"post_tag","embeddable":true,"href":"https:\/\/www.enerjigazetesi.ist\/en\/wp-json\/wp\/v2\/tags?post=180711"}],"curies":[{"name":"wp","href":"https:\/\/api.w.org\/{rel}","templated":true}]}}