{"id":180602,"date":"2023-11-03T13:47:03","date_gmt":"2023-11-03T10:47:03","guid":{"rendered":"https:\/\/www.enerjigazetesi.ist\/?p=180602"},"modified":"2023-11-03T13:47:39","modified_gmt":"2023-11-03T10:47:39","slug":"oedas-in-gelecegin-teknolojisi-flexigrid-projesi-ne-ozel-odul","status":"publish","type":"post","link":"https:\/\/www.enerjigazetesi.ist\/en\/oedas-in-gelecegin-teknolojisi-flexigrid-projesi-ne-ozel-odul\/","title":{"rendered":"(Turkish) &#8217;OEDA\u015e&#8217;\u0131n Gelece\u011fin Teknolojisi &#8216;FlexiGrid Projesi\u2019ne \u00d6zel \u00d6d\u00fcl"},"content":{"rendered":"<p class=\"qtranxs-available-languages-message qtranxs-available-languages-message-en\">Sorry, this entry is only available in <a href=\"https:\/\/www.enerjigazetesi.ist\/tr\/wp-json\/wp\/v2\/posts\/180602\" class=\"qtranxs-available-language-link qtranxs-available-language-link-tr\" title=\"Turkish\">Turkish<\/a>. For the sake of viewer convenience, the content is shown below in the alternative language. You may click the link to switch the active language.<\/p><p><\/p>\n<h2><strong>Elektrik da\u011f\u0131t\u0131m \u015firketi OEDA\u015e, Gelece\u011fin Da\u011f\u0131t\u0131m \u015eebekeleri i\u00e7in Esnekli\u011fin Sa\u011flanmas\u0131 (FlexiGrid) Projesi ile EPDK ve Elder taraf\u0131ndan ikincisi ger\u00e7ekle\u015ftirilen <\/strong><strong>II.<\/strong> <strong>Ar-Ge E\u011fitimi ve Yayg\u0131nla\u015ft\u0131rma \u00c7al\u0131\u015ftay\u0131\u2019nda \u2018Vizyoner Proje J\u00fcri \u00d6zel \u00d6d\u00fcl\u00fc\u2019ne lay\u0131k g\u00f6r\u00fcld\u00fc. D\u00f6rt y\u0131l s\u00fcren ve ge\u00e7ti\u011fimiz aylarda tamamlanan AB ve EPDK destekli projede elektrikli ara\u00e7tan \u015febekeye enerji transferi de dahil olmak \u00fczere mikro \u015febeke \u00e7\u00f6z\u00fcmleri \u00fczerine \u00e7al\u0131\u015ft\u0131klar\u0131n\u0131 s\u00f6yleyen OEDA\u015e <\/strong><strong>Ar-Ge M\u00fcd\u00fcr\u00fc Ural Hala\u00e7o\u011flu, <em>\u201cGelece\u011fin teknolojilerini geli\u015ftirdi\u011fimiz bu projede \u00fclkemizi temsil etti\u011fimiz i\u00e7in gurur duyuyoruz. Bu \u00e7al\u0131\u015fmalar\u0131m\u0131z Cumhuriyetimizin y\u00fcz\u00fcnc\u00fc y\u0131l\u0131na ve \u00fclkemize arma\u011fan olsun.\u201d<\/em> dedi.<\/strong><\/h2>\n<p style=\"text-align: center;\"><img loading=\"lazy\" class=\"aligncenter wp-image-180604\" src=\"https:\/\/www.enerjigazetesi.ist\/wp-content\/uploads\/2023\/11\/oedas-in-gelecegin-teknolojisi-flexigrid-projesi-ne-ozel-odul.jpg\" alt=\"\" width=\"500\" height=\"320\" srcset=\"https:\/\/www.enerjigazetesi.ist\/wp-content\/uploads\/2023\/11\/oedas-in-gelecegin-teknolojisi-flexigrid-projesi-ne-ozel-odul.jpg 550w, https:\/\/www.enerjigazetesi.ist\/wp-content\/uploads\/2023\/11\/oedas-in-gelecegin-teknolojisi-flexigrid-projesi-ne-ozel-odul-300x192.jpg 300w, https:\/\/www.enerjigazetesi.ist\/wp-content\/uploads\/2023\/11\/oedas-in-gelecegin-teknolojisi-flexigrid-projesi-ne-ozel-odul-500x320.jpg 500w, https:\/\/www.enerjigazetesi.ist\/wp-content\/uploads\/2023\/11\/oedas-in-gelecegin-teknolojisi-flexigrid-projesi-ne-ozel-odul-78x50.jpg 78w\" sizes=\"(max-width: 500px) 100vw, 500px\" \/><\/p>\n<p><strong>Osmangazi Elektrik Da\u011f\u0131t\u0131m Anonim \u015eirketi (OEDA\u015e)<\/strong>, Enerji Piyasas\u0131 D\u00fczenleme Kurumu (EPDK) ve <strong>Elektrik Da\u011f\u0131t\u0131m Hizmetleri Derne\u011fi (Elder)<\/strong> taraf\u0131ndan d\u00fczenlenen <strong>II. Ar-Ge E\u011fitimi ve Yayg\u0131nla\u015ft\u0131rma \u00c7al\u0131\u015ftay\u0131\u2019na<\/strong> kat\u0131ld\u0131. \u00c7al\u0131\u015ftayda, <strong>Gelece\u011fin Da\u011f\u0131t\u0131m \u015eebekeleri i\u00e7in Esnekli\u011fin Sa\u011flanmas\u0131 (FlexiGrid) Projesi<\/strong> hakk\u0131nda bir sunum ger\u00e7ekle\u015ftiren OEDA\u015e, yap\u0131lan oylama neticesinde <strong>\u201cVizyoner Proje J\u00fcri \u00d6zel \u00d6d\u00fcl\u00fc\u201d<\/strong>n\u00fcn sahibi oldu.<\/p>\n<h3><strong>Ural Hala\u00e7o\u011flu: \u201cEsnek \u015febeke ve elektrik piyasas\u0131na y\u00f6nelik reg\u00fclasyonlar\u0131n olu\u015fturulmas\u0131na rehberlik ediyoruz\u201d<\/strong><\/h3>\n<p>OEDA\u015e Ar-Ge departman\u0131n\u0131n kat\u0131ld\u0131\u011f\u0131 etkinlikte \u00f6d\u00fcl\u00fc, <strong>Ar-Ge M\u00fcd\u00fcr\u00fc Ural Hala\u00e7o\u011flu<\/strong> ald\u0131. Avrupa Birli\u011fi Horizon 2020 \u00c7er\u00e7eve Program\u0131 kapsam\u0131nda desteklenen proje hakk\u0131nda bilgi veren <strong>Hala\u00e7o\u011flu<\/strong>, <em>\u201cGelece\u011fin da\u011f\u0131t\u0131m \u015febekelerine esneklik kazand\u0131rma hedefiyle olu\u015fturulup, 2019 y\u0131l\u0131nda ba\u015flat\u0131lan ve ge\u00e7ti\u011fimiz A\u011fustos ay\u0131nda tamamlanan projede Bulgaristan, \u0130sve\u00e7, \u0130svi\u00e7re ve T\u00fcrkiye olmak \u00fczere d\u00f6rt pilot \u00fclke yer ald\u0131. Biz de bu projede OEDA\u015e olarak \u00fclkemizi ba\u015far\u0131yla temsil ettik. Eski\u015fehir\u2019deki Tepeba\u015f\u0131 Ya\u015fam K\u00f6y\u00fc\u2019ne kurdu\u011fumuz sistem ile <strong>ara\u00e7tan \u015febekeye enerji transferini<\/strong> oda\u011f\u0131na alan <strong>enerji depolama sistemleri<\/strong> ile bu sistemlere yenilenebilir enerjinin entegrasyonu \u00fczerine \u00e7al\u0131\u015ft\u0131k. Elektrikli ara\u00e7lar d\u00fcnyada oldu\u011fu gibi \u00fclkemizde de giderek yayg\u0131nla\u015f\u0131yor. Geli\u015ftirdi\u011fimiz sistem ile ara\u00e7lar\u0131n \u015febeke i\u00e7in<strong> sanal g\u00fc\u00e7 santrali<\/strong> gibi kullan\u0131lmas\u0131 ve <strong>depolanan elektri\u011fin \u015febekeye aktar\u0131lmas\u0131<\/strong> m\u00fcmk\u00fcn olabilecek. EPDK taraf\u0131ndan da desteklenen bu proje ile gelece\u011fin ak\u0131ll\u0131 sistemlerinin kurulmas\u0131na katk\u0131 sa\u011flarken bu alandaki reg\u00fclasyonlar\u0131n olu\u015fturulmas\u0131na da rehberlik ettik. T\u00fcrkiye\u2019yi temsil etmekten gurur duydu\u011fumuz projemiz, Cumhuriyetimizin y\u00fcz\u00fcnc\u00fc y\u0131l\u0131na ve \u00fclkemize arma\u011fan olsun.\u201d<\/em> dedi.<\/p>\n<h3><strong>\u201c4 tanesi AB destekli toplam 33 proje \u00fczerinde \u00e7al\u0131\u015f\u0131yoruz\u201d<\/strong><\/h3>\n<p>OEDA\u015e Ar-Ge departman\u0131n\u0131n <strong>21\u2019i<\/strong> aktif, <strong>33 proje<\/strong> \u00fczerinde \u00e7al\u0131\u015ft\u0131\u011f\u0131n\u0131 ve bu projelerden d\u00f6rd\u00fcn\u00fcn AB destekli projeler oldu\u011funu s\u00f6yleyen <strong>Hala\u00e7o\u011flu<\/strong>, <strong>yenilenebilir enerji kaynaklar\u0131, elektrikli ara\u00e7lar ve \u015farj istasyonlar\u0131, mikro \u015febeke ve depolama sistemleri, IoT, bilgi ve haberle\u015fme teknolojileri, yapay zek\u00e2, b\u00fcy\u00fck veri<\/strong> ve <strong>siber g\u00fcvenlik<\/strong> \u00fczerinde \u00e7al\u0131\u015ft\u0131klar\u0131n\u0131 belirtti.<\/p>","protected":false},"excerpt":{"rendered":"<p>Sorry, this entry is only available in Turkish. For the sake of viewer convenience, the content is shown below in the alternative language. You may click the link to switch the active language. Elektrik da\u011f\u0131t\u0131m \u015firketi OEDA\u015e, Gelece\u011fin Da\u011f\u0131t\u0131m \u015eebekeleri i\u00e7in Esnekli\u011fin Sa\u011flanmas\u0131 (FlexiGrid) Projesi ile EPDK ve Elder taraf\u0131ndan ikincisi ger\u00e7ekle\u015ftirilen II. Ar-Ge E\u011fitimi [&hellip;]<\/p>\n","protected":false},"author":1,"featured_media":180604,"comment_status":"open","ping_status":"open","sticky":false,"template":"","format":"standard","meta":[],"categories":[51,53],"tags":[111104,15016,2873,64486,111103,9749,7471],"views":32,"_links":{"self":[{"href":"https:\/\/www.enerjigazetesi.ist\/en\/wp-json\/wp\/v2\/posts\/180602"}],"collection":[{"href":"https:\/\/www.enerjigazetesi.ist\/en\/wp-json\/wp\/v2\/posts"}],"about":[{"href":"https:\/\/www.enerjigazetesi.ist\/en\/wp-json\/wp\/v2\/types\/post"}],"author":[{"embeddable":true,"href":"https:\/\/www.enerjigazetesi.ist\/en\/wp-json\/wp\/v2\/users\/1"}],"replies":[{"embeddable":true,"href":"https:\/\/www.enerjigazetesi.ist\/en\/wp-json\/wp\/v2\/comments?post=180602"}],"version-history":[{"count":0,"href":"https:\/\/www.enerjigazetesi.ist\/en\/wp-json\/wp\/v2\/posts\/180602\/revisions"}],"wp:featuredmedia":[{"embeddable":true,"href":"https:\/\/www.enerjigazetesi.ist\/en\/wp-json\/wp\/v2\/media\/180604"}],"wp:attachment":[{"href":"https:\/\/www.enerjigazetesi.ist\/en\/wp-json\/wp\/v2\/media?parent=180602"}],"wp:term":[{"taxonomy":"category","embeddable":true,"href":"https:\/\/www.enerjigazetesi.ist\/en\/wp-json\/wp\/v2\/categories?post=180602"},{"taxonomy":"post_tag","embeddable":true,"href":"https:\/\/www.enerjigazetesi.ist\/en\/wp-json\/wp\/v2\/tags?post=180602"}],"curies":[{"name":"wp","href":"https:\/\/api.w.org\/{rel}","templated":true}]}}