{"id":180554,"date":"2023-11-01T15:28:37","date_gmt":"2023-11-01T12:28:37","guid":{"rendered":"https:\/\/www.enerjigazetesi.ist\/?p=180554"},"modified":"2023-11-01T15:29:02","modified_gmt":"2023-11-01T12:29:02","slug":"2-inci-ar-ge-yayginlastirma-calistayi-nda-proje-odulleri-sahiplerini-buldu","status":"publish","type":"post","link":"https:\/\/www.enerjigazetesi.ist\/en\/2-inci-ar-ge-yayginlastirma-calistayi-nda-proje-odulleri-sahiplerini-buldu\/","title":{"rendered":"(Turkish) II. Ar-Ge Yayg\u0131nla\u015ft\u0131rma \u00c7al\u0131\u015ftay\u0131&#8217;nda Proje \u00d6d\u00fclleri Sahiplerini Buldu"},"content":{"rendered":"<p class=\"qtranxs-available-languages-message qtranxs-available-languages-message-en\">Sorry, this entry is only available in <a href=\"https:\/\/www.enerjigazetesi.ist\/tr\/wp-json\/wp\/v2\/posts\/180554\" class=\"qtranxs-available-language-link qtranxs-available-language-link-tr\" title=\"Turkish\">Turkish<\/a>. For the sake of viewer convenience, the content is shown below in the alternative language. You may click the link to switch the active language.<\/p><p><\/p>\n<h2><strong>Tamamlanm\u0131\u015f olan EPDK Ar-Ge projelerine ait \u00e7\u0131kt\u0131lar\u0131n yayg\u0131nla\u015ft\u0131r\u0131lmas\u0131 \u00e7al\u0131\u015fmalar\u0131 kapsam\u0131nda Elder taraf\u0131ndan, EPDK, Enerji Uzmanlar\u0131 Derne\u011fi ve T\u00dcRKSMD i\u015f birli\u011finde ger\u00e7ekle\u015ftirilen Ar-Ge E\u011fitimi ve Yayg\u0131nla\u015ft\u0131rma \u00c7al\u0131\u015ftay\u0131\u2019n\u0131n ikincisi 26-28 Ekim tarihlerinde d\u00fczenlendi.<\/strong><\/h2>\n<p style=\"text-align: center;\"><img loading=\"lazy\" class=\"aligncenter wp-image-180557\" src=\"https:\/\/www.enerjigazetesi.ist\/wp-content\/uploads\/2023\/11\/2-inci-ar-ge-yayginlastirma-calistayi-nda-proje-odulleri-sahiplerini-buldu-1.jpg\" alt=\"\" width=\"500\" height=\"281\" srcset=\"https:\/\/www.enerjigazetesi.ist\/wp-content\/uploads\/2023\/11\/2-inci-ar-ge-yayginlastirma-calistayi-nda-proje-odulleri-sahiplerini-buldu-1.jpg 550w, https:\/\/www.enerjigazetesi.ist\/wp-content\/uploads\/2023\/11\/2-inci-ar-ge-yayginlastirma-calistayi-nda-proje-odulleri-sahiplerini-buldu-1-300x169.jpg 300w, https:\/\/www.enerjigazetesi.ist\/wp-content\/uploads\/2023\/11\/2-inci-ar-ge-yayginlastirma-calistayi-nda-proje-odulleri-sahiplerini-buldu-1-500x281.jpg 500w, https:\/\/www.enerjigazetesi.ist\/wp-content\/uploads\/2023\/11\/2-inci-ar-ge-yayginlastirma-calistayi-nda-proje-odulleri-sahiplerini-buldu-1-80x45.jpg 80w\" sizes=\"(max-width: 500px) 100vw, 500px\" \/><\/p>\n<p>Elektrik Da\u011f\u0131t\u0131m \u015eirketleri taraf\u0131ndan tamamlanan <strong>EPDK Ar-Ge Projelerine<\/strong> ait \u00fcr\u00fcn ve \u00e7\u0131kt\u0131lar\u0131n yayg\u0131nla\u015ft\u0131r\u0131lmas\u0131 \u00e7al\u0131\u015fmalar\u0131 kapsam\u0131nda <strong>Elder<\/strong> taraf\u0131ndan, <strong>EPDK, Enerji Uzmanlar\u0131 Derne\u011fi<\/strong> ve <strong>T\u00dcRKSMD<\/strong> i\u015f birli\u011finde d\u00fczenlenen <strong>II. Ar-Ge E\u011fitimi ve Yayg\u0131nla\u015ft\u0131rma \u00c7al\u0131\u015ftay\u0131 26-28 Ekim 2023<\/strong> tarihlerinde ger\u00e7ekle\u015ftirildi.<\/p>\n<p>Elektrik da\u011f\u0131t\u0131m \u015firketlerinin tamam\u0131n\u0131n kat\u0131l\u0131m\u0131yla ger\u00e7ekle\u015fen \u00e7al\u0131\u015ftay, EPDK Ar-Ge Komisyonu ve Grup Ba\u015fkan\u0131 Serkan Do\u011fan ve Elder \u0130\u015f Geli\u015ftirme ve Ar-Ge Koordinat\u00f6r\u00fc \u0130stemi Mavi\u2019nin a\u00e7\u0131l\u0131\u015f konu\u015fmalar\u0131 ile ba\u015flayarak, Enerji Uzmanlar\u0131 Derne\u011fi temsilcilerinin verdi\u011fi e\u011fitimlerle devam etti. EPDK uzmanlar\u0131 ve T\u00dcRKSMD taraf\u0131ndan EDA\u015e\u2019lara y\u00f6nelik verilen e\u011fitimlerde; Ar-Ge Proje Ba\u015fvuru Formunun Haz\u0131rlanmas\u0131na \u0130li\u015fkin De\u011ferlendirme, Ar-Ge Usul Esaslar\u0131 ve Di\u011fer Ar-Ge Uygulamalar\u0131, Ar-Ge Yayg\u0131nla\u015ft\u0131rma Yat\u0131r\u0131mlar\u0131 ile Ar-Ge Projelerinde S\u0131nai M\u00fclkiyet Varl\u0131klar\u0131 ve De\u011ferleme A\u015famas\u0131 gibi konularda patent uzmanlar\u0131 taraf\u0131ndan bilgilendirme yap\u0131ld\u0131.<\/p>\n<p>\u00c7al\u0131\u015ftay\u0131n ilerleyen g\u00fcnlerinde elektrik da\u011f\u0131t\u0131m \u015firketleri, yayg\u0131nla\u015ft\u0131r\u0131lmas\u0131n\u0131n fayda sa\u011flayaca\u011f\u0131na inand\u0131klar\u0131 projelere ve tamamlanan \u00fcr\u00fcnlerine ili\u015fkin sunumlar\u0131 ger\u00e7ekle\u015ftirdiler. Ayr\u0131ca elektrik da\u011f\u0131t\u0131m \u015firketleri kendilerine \u00f6zel ayr\u0131lm\u0131\u015f olan stantlarda \u00fcr\u00fcnlerini fiziki olarak tan\u0131tma imkan\u0131 buldular. Kat\u0131l\u0131mc\u0131lar, \u015firketlere ait stantlar\u0131 3 g\u00fcn boyunca ziyaret etme f\u0131rsat\u0131 buldu; bu s\u00fcre\u00e7te projeleri kar\u015f\u0131l\u0131kl\u0131 de\u011ferlendirme ve inceleme imkan\u0131 elde ettiler. Da\u011f\u0131t\u0131m \u015firketlerinin y\u00f6neticileri, fayda sa\u011flayaca\u011f\u0131na inand\u0131klar\u0131 projeleri \u015firketleri i\u00e7in uygulamak \u00fczere karar ald\u0131lar. Ayn\u0131 zamanda, \u00e7al\u0131\u015ftay\u0131n temel hedefi olan <strong>Ar-Ge projelerinin yayg\u0131nla\u015ft\u0131r\u0131lmas\u0131<\/strong> ba\u011flam\u0131nda i\u015f birliklerini geli\u015ftirmeye devam ettiler.<\/p>\n<p>2. Ar-Ge E\u011fitimi ve Yayg\u0131nla\u015ft\u0131rma \u00c7al\u0131\u015ftay\u0131 kapsam\u0131nda, toplamda <strong>66 proje sunumu<\/strong> ger\u00e7ekle\u015ftirildi ve<strong> Ar-Ge Proje \u00d6d\u00fcl\u00fcn\u00fc<\/strong> almaya hak kazanan<strong> 3 \u015firkete<\/strong> \u00f6d\u00fclleri takdim edildi. Birincilik \u00f6d\u00fcl\u00fcn\u00fc <strong>Aras Elektrik Da\u011f\u0131t\u0131m A\u015e<\/strong> kazan\u0131rken, ikincili\u011fi<strong> \u0130stanbul Anadolu Yakas\u0131 Elektrik Da\u011f\u0131t\u0131m A\u015e<\/strong> ve \u00fc\u00e7\u00fcnc\u00fcl\u00fc\u011f\u00fc de <strong>Bo\u011fazi\u00e7i Elektrik Da\u011f\u0131t\u0131m A\u015e<\/strong> a\u015fa\u011f\u0131daki <span style=\"text-decoration: underline;\">projelerle elde etti:<\/span><\/p>\n<p><strong><u>Proje Birincisi:<\/u><\/strong> Yol Ayd\u0131nlatmalar\u0131 i\u00e7in Tip Proje Geli\u015ftirilmesi Projesi ile Aras Elektrik Da\u011f\u0131t\u0131m A\u015e<\/p>\n<p><strong><u>Proje \u0130kincisi:<\/u><\/strong> Da\u011f\u0131t\u0131m \u015eebekesinde K\u00fc\u00e7\u00fck Boyutlu, \u00c7ift Katl\u0131 Trafo Merkezi Tasar\u0131m\u0131 (KTM) Projesi ile \u0130stanbul Anadolu Yakas\u0131 Elektrik Da\u011f\u0131t\u0131m A\u015e (AYEDA\u015e)<\/p>\n<p><strong><u>Proje \u00dc\u00e7\u00fcnc\u00fcs\u00fc:<\/u><\/strong> TE\u0130A\u015e Ba\u011flant\u0131l\u0131 Ana Trafo Merkezlerindeki Kalite Parametreleri ile \u015eebeke N\u00f6tr Ak\u0131m Verileri \u00dczerinden Proaktif Ar\u0131za Tahmini Projesi ile Bo\u011fazi\u00e7i Elektrik Da\u011f\u0131t\u0131m A\u015e (BEDA\u015e).<\/p>\n<p>\u00c7al\u0131\u015ftay kapsam\u0131nda ayr\u0131ca <strong>5 farkl\u0131 kategoride<\/strong> <strong>J\u00fcri \u00d6zel \u00d6d\u00fcl\u00fc<\/strong> de verildi. Bu \u00f6d\u00fcllere ait kategori ba\u015fl\u0131klar\u0131 ve kazanan da\u011f\u0131t\u0131m \u015firketleri ise;<\/p>\n<p><em><strong>&#8211; \u00dcr\u00fcn Tasar\u0131m\u0131 kategorisinde J\u00fcri \u00d6zel \u00d6d\u00fcl\u00fcn\u00fc;<\/strong><\/em> OG Havai Hat ve Kablo \u015eebekelerinde Gerilim Reg\u00fclasyonu ve Hat Kay\u0131plar\u0131n\u0131n Minimizasyonu i\u00e7in Otomatik Gerilim Reg\u00fclat\u00f6r\u00fc (Booster Trafo) Pilot Uygulamas\u0131 Projesi ile Uluda\u011f Elektrik Da\u011f\u0131t\u0131m A\u015e almaya hak kazand\u0131.<\/p>\n<p><em><strong>&#8211; En \u0130yi Stant kategorisinde J\u00fcri \u00d6zel \u00d6d\u00fcl\u00fcn\u00fc;<\/strong><\/em> Kendini Temizleme \u00d6zellikli Kaplama Uygulanan Ak\u0131ll\u0131 \u0130zolat\u00f6r Tasar\u0131m\u0131 ve Uygulama (Self-Clean \u0130zolat\u00f6r) Projesi ile Dicle Elektrik Da\u011f\u0131t\u0131m A\u015e almaya hak kazand\u0131.<\/p>\n<p><em><strong>&#8211; \u00c7evre kategorisinde J\u00fcri \u00d6zel \u00d6d\u00fcl\u00fcn\u00fc; <\/strong><\/em>Da\u011f\u0131t\u0131m ve G\u00fc\u00e7 Transformat\u00f6rlerinde Yal\u0131t\u0131m Malzemesi Olarak Trafo Ya\u011f\u0131 Yerine Bitkisel Ya\u011f\u0131n Kullan\u0131lmas\u0131 Projesi ile Sakarya Elektrik Da\u011f\u0131t\u0131m A\u015e almaya hak kazand\u0131.<\/p>\n<p><em><strong>&#8211; Vizyoner Proje kategorisinde J\u00fcri \u00d6zel \u00d6d\u00fcl\u00fcn\u00fc;<\/strong><\/em> Gelece\u011fin Da\u011f\u0131t\u0131m \u015eebekeleri i\u00e7in Esnekli\u011fin Sa\u011flanmas\u0131 (FlexiGrid) Projesi ile Osmangazi Elektrik Da\u011f\u0131t\u0131m A\u015e almaya hak kazand\u0131.<\/p>\n<p><em><strong>&#8211; Motivasyon kategorisinde J\u00fcri \u00d6zel \u00d6d\u00fcl\u00fcn\u00fc;<\/strong><\/em> Elektrik Direklerinde Ya\u015fanabilecek Ar\u0131zalar\u0131n \u0130nsans\u0131z Hava Ara\u00e7lar\u0131 (VTOL) ile Tespiti (E-\u0130HA) Projesi ile Akeda\u015f Elektrik Da\u011f\u0131t\u0131m A\u015e almaya hak kazand\u0131.<\/p>","protected":false},"excerpt":{"rendered":"<p>Sorry, this entry is only available in Turkish. For the sake of viewer convenience, the content is shown below in the alternative language. You may click the link to switch the active language. Tamamlanm\u0131\u015f olan EPDK Ar-Ge projelerine ait \u00e7\u0131kt\u0131lar\u0131n yayg\u0131nla\u015ft\u0131r\u0131lmas\u0131 \u00e7al\u0131\u015fmalar\u0131 kapsam\u0131nda Elder taraf\u0131ndan, EPDK, Enerji Uzmanlar\u0131 Derne\u011fi ve T\u00dcRKSMD i\u015f birli\u011finde ger\u00e7ekle\u015ftirilen Ar-Ge [&hellip;]<\/p>\n","protected":false},"author":1,"featured_media":180556,"comment_status":"open","ping_status":"open","sticky":false,"template":"","format":"standard","meta":[],"categories":[51,53],"tags":[111090,1824,15016,1079,1916,750,111091,111092],"views":96,"_links":{"self":[{"href":"https:\/\/www.enerjigazetesi.ist\/en\/wp-json\/wp\/v2\/posts\/180554"}],"collection":[{"href":"https:\/\/www.enerjigazetesi.ist\/en\/wp-json\/wp\/v2\/posts"}],"about":[{"href":"https:\/\/www.enerjigazetesi.ist\/en\/wp-json\/wp\/v2\/types\/post"}],"author":[{"embeddable":true,"href":"https:\/\/www.enerjigazetesi.ist\/en\/wp-json\/wp\/v2\/users\/1"}],"replies":[{"embeddable":true,"href":"https:\/\/www.enerjigazetesi.ist\/en\/wp-json\/wp\/v2\/comments?post=180554"}],"version-history":[{"count":0,"href":"https:\/\/www.enerjigazetesi.ist\/en\/wp-json\/wp\/v2\/posts\/180554\/revisions"}],"wp:featuredmedia":[{"embeddable":true,"href":"https:\/\/www.enerjigazetesi.ist\/en\/wp-json\/wp\/v2\/media\/180556"}],"wp:attachment":[{"href":"https:\/\/www.enerjigazetesi.ist\/en\/wp-json\/wp\/v2\/media?parent=180554"}],"wp:term":[{"taxonomy":"category","embeddable":true,"href":"https:\/\/www.enerjigazetesi.ist\/en\/wp-json\/wp\/v2\/categories?post=180554"},{"taxonomy":"post_tag","embeddable":true,"href":"https:\/\/www.enerjigazetesi.ist\/en\/wp-json\/wp\/v2\/tags?post=180554"}],"curies":[{"name":"wp","href":"https:\/\/api.w.org\/{rel}","templated":true}]}}