{"id":180524,"date":"2023-10-31T15:48:52","date_gmt":"2023-10-31T12:48:52","guid":{"rendered":"https:\/\/www.enerjigazetesi.ist\/?p=180524"},"modified":"2023-10-31T15:48:52","modified_gmt":"2023-10-31T12:48:52","slug":"tredas-in-65-kadin-calisani-cumhuriyetin-100-yilina-ozel-kosuya-katildi","status":"publish","type":"post","link":"https:\/\/www.enerjigazetesi.ist\/en\/tredas-in-65-kadin-calisani-cumhuriyetin-100-yilina-ozel-kosuya-katildi\/","title":{"rendered":"(Turkish) &#8217;TREDA\u015e&#8217;\u0131n 65 Kad\u0131n \u00c7al\u0131\u015fan\u0131 Cumhuriyetin 100. Y\u0131l\u0131na \u00d6zel Ko\u015fuya Kat\u0131ld\u0131"},"content":{"rendered":"<p class=\"qtranxs-available-languages-message qtranxs-available-languages-message-en\">Sorry, this entry is only available in <a href=\"https:\/\/www.enerjigazetesi.ist\/tr\/wp-json\/wp\/v2\/posts\/180524\" class=\"qtranxs-available-language-link qtranxs-available-language-link-tr\" title=\"Turkish\">Turkish<\/a>. For the sake of viewer convenience, the content is shown below in the alternative language. You may click the link to switch the active language.<\/p><p><\/p>\n<h2><strong>\u0130stanbul&#8217;un sembollerinden biri haline gelen Yavuz Sultan Selim K<\/strong><strong>\u00f6<\/strong><strong>pr\u00fcs\u00fc, 29 Ekim\u2019de Cumhuriyetin 100. y\u0131l d<\/strong><strong>\u00f6<\/strong><strong>n\u00fcm\u00fc i\u00e7in tarihi bir an\u0131ya ev sahipli\u011fi yapt\u0131. Trakya Elektrik Da\u011f\u0131t\u0131<\/strong><strong>m A.<\/strong><strong>\u015e<\/strong><strong>. (TREDA<\/strong><strong>\u015e)\u2019de \u00e7al\u0131\u015fan 65 kad\u0131n da bu anlaml\u0131 etkinli\u011fe kat\u0131ld\u0131. Binlerce kad\u0131n\u0131n Cumhuriyetin g\u00fcc\u00fcyle birle\u015fti\u011fi bu ko\u015f<\/strong><strong>uda, TREDA<\/strong><strong>\u015e \u00e7al\u0131\u015fanlar\u0131 da &#8220;Cumhuriyet Kad\u0131nlarla, Kad\u0131nlar Cumhuriyetle G\u00fc\u00e7l\u00fc&#8221; mesaj\u0131n\u0131 verdi.<\/strong><\/h2>\n<p style=\"text-align: center;\"><img loading=\"lazy\" class=\"aligncenter wp-image-180527\" src=\"https:\/\/www.enerjigazetesi.ist\/wp-content\/uploads\/2023\/10\/tredas-in-65-kadin-calisani-cumhuriyetin-100-yilina-ozel-kosuya-katildi-2.jpg\" alt=\"\" width=\"500\" height=\"375\" srcset=\"https:\/\/www.enerjigazetesi.ist\/wp-content\/uploads\/2023\/10\/tredas-in-65-kadin-calisani-cumhuriyetin-100-yilina-ozel-kosuya-katildi-2.jpg 550w, https:\/\/www.enerjigazetesi.ist\/wp-content\/uploads\/2023\/10\/tredas-in-65-kadin-calisani-cumhuriyetin-100-yilina-ozel-kosuya-katildi-2-300x225.jpg 300w, https:\/\/www.enerjigazetesi.ist\/wp-content\/uploads\/2023\/10\/tredas-in-65-kadin-calisani-cumhuriyetin-100-yilina-ozel-kosuya-katildi-2-500x375.jpg 500w, https:\/\/www.enerjigazetesi.ist\/wp-content\/uploads\/2023\/10\/tredas-in-65-kadin-calisani-cumhuriyetin-100-yilina-ozel-kosuya-katildi-2-67x50.jpg 67w\" sizes=\"(max-width: 500px) 100vw, 500px\" \/><\/p>\n<p>TREDA\u015e\u2019\u0131n Tekirda\u011f, Edirne ve K\u0131rklareli illerindeki birimlerinden 65 kad\u0131n \u00e7al\u0131\u015fan, 29 Ekim sabah\u0131 Yavuz Sultan Selim K\u00f6pr\u00fcs\u00fc&#8217;nde ger\u00e7ekle\u015fen ko\u015fu etkinli\u011fine kat\u0131larak, bu \u00f6zel etkinli\u011fe anlaml\u0131 bir katk\u0131 sundu. A Milli Kad\u0131n Voleybol Tak\u0131m\u0131 Kaptan\u0131 Eda Erdem D\u00fcndar&#8217;\u0131n start\u0131yla ba\u015flayan 5 km&#8217;lik ko\u015fu, <strong>Avrupa Yakas\u0131&#8217;ndan Anadolu Yakas\u0131&#8217;na uzanarak<\/strong> tarihi bir an ya\u015fatt\u0131. Cumhuriyet Bandosu&#8217;nun co\u015fkulu m\u00fczikleri ve spor e\u011fitmenlerinin sahne dersleri e\u015fli\u011finde, 3000&#8217;den fazla kad\u0131n ko\u015fucu <strong>09:00&#8217;da<\/strong> ba\u015flayan ve<strong> 10:15&#8217;te<\/strong> sona eren etkinlikte ter d\u00f6kt\u00fc.<\/p>\n<h3><strong>TREDA\u015e\u2019\u0131n kad\u0131n \u00e7al\u0131\u015fanlar\u0131 <\/strong><strong>co\u015fkuyla ko\u015ftu<\/strong><\/h3>\n<p>TREDA\u015e&#8217;tan 65 kad\u0131n \u00e7al\u0131\u015fan\u0131n da yer ald\u0131\u011f\u0131 ko\u015fu, \u015firketin <strong>kad\u0131n-erkek e\u015fitli\u011fine<\/strong> ve <strong>sosyal sorumluluk projelerine<\/strong> verdi\u011fi \u00f6nemi bir kez daha g\u00f6zler \u00f6n\u00fcne serdi. TREDA\u015e \u00e7al\u0131\u015fanlar\u0131, ko\u015fu boyunca enerjileriyle g\u00f6z doldurdu. Ko\u015funun sonunda ise t\u00fcm kat\u0131l\u0131mc\u0131lara \u00f6zel haz\u0131rlanan an\u0131 madalyalar\u0131 takdim edildi.<\/p>\n<h3><strong>Geliri sivil toplum kurulu\u015flar\u0131na gidecek<\/strong><\/h3>\n<p>Ko\u015fuda dereceye giren kad\u0131nlar, toplamda <strong>225 bin TL<\/strong> tutar\u0131nda <strong>Cumhuriyet Kad\u0131nlar\u0131 Ko\u015fusu \u00d6d\u00fcl\u00fc&#8217;n\u00fc<\/strong> kazand\u0131. \u00d6d\u00fcl t\u00f6reninde bir konu\u015fma yapan IC \u0130brahim \u00c7e\u00e7en Vakf\u0131 Y\u00f6netim Kurulu Ba\u015fkan\u0131 G\u00fcnseli \u00c7e\u00e7en, Cumhuriyet ve kad\u0131nlar aras\u0131ndaki ayr\u0131lmaz ba\u011f\u0131 bir kez daha vurgulayarak, <strong>&#8220;Ya\u015fas\u0131n Cumhuriyet, Ya\u015fas\u0131n Cumhuriyet Kad\u0131nlar\u0131&#8221;<\/strong> dedi.<\/p>\n<p>Bu co\u015fkulu ve anlaml\u0131 etkinlik, bir\u00e7ok sivil toplum kurulu\u015fu ve spor kul\u00fcb\u00fc taraf\u0131ndan da desteklendi. Etkinlikten elde edilen gelirler ise <strong>Dar\u00fc\u015f\u015fafaka, TOG, TO\u00c7EV, TED, T\u00fcrkiye Atletizm Vakf\u0131 ve Yan\u0131nday\u0131z Derne\u011fi<\/strong> gibi kurulu\u015flara ba\u011f\u0131\u015fland\u0131.<\/p>\n<h3><strong>Geleneksel bir etkinlik olmas\u0131 hedefleniyor<\/strong><\/h3>\n<p><strong>Cumhuriyetimizin 100. y\u0131l\u0131n\u0131 kutlamak<\/strong> ve <strong>kad\u0131nlar\u0131n g\u00fcc\u00fcn\u00fc vurgulamak<\/strong> amac\u0131yla d\u00fczenlenen bu etkinlik, \u00f6n\u00fcm\u00fczdeki y\u0131llarda da geleneksel hale getirilerek, \u0130stanbul\u2019a yeni bir <strong>uluslararas\u0131 spor organizasyonu kazand\u0131r\u0131lmas\u0131<\/strong> planlan\u0131yor.<\/p>\n<p>Ko\u015fu etkinli\u011finde <strong>TREDA\u015e<\/strong>&#8216;\u0131n 65 kad\u0131n \u00e7al\u0131\u015fan\u0131 ko\u015fuyla birlikte <strong>Cumhuriyetin 100. y\u0131l d\u00f6n\u00fcm\u00fcnde<\/strong> kad\u0131nlar\u0131n <strong>ne kadar g\u00fc\u00e7l\u00fc<\/strong> ve <strong>etkili oldu\u011funu<\/strong> bir kez daha g\u00f6sterdi. Etkinlik, t\u00fcm T\u00fcrkiye i\u00e7in gurur verici bir an\u0131 olarak tarihe ge\u00e7ti. <strong>TREDA\u015e<\/strong> ve <strong>kad\u0131n \u00e7al\u0131\u015fanlar\u0131<\/strong>, bu ko\u015fuyla birlikte Cumhuriyetin de\u011ferlerini en g\u00fczel \u015fekilde temsil etti.<\/p>","protected":false},"excerpt":{"rendered":"<p>Sorry, this entry is only available in Turkish. For the sake of viewer convenience, the content is shown below in the alternative language. You may click the link to switch the active language. \u0130stanbul&#8217;un sembollerinden biri haline gelen Yavuz Sultan Selim K\u00f6pr\u00fcs\u00fc, 29 Ekim\u2019de Cumhuriyetin 100. y\u0131l d\u00f6n\u00fcm\u00fc i\u00e7in tarihi bir an\u0131ya ev sahipli\u011fi yapt\u0131. [&hellip;]<\/p>\n","protected":false},"author":1,"featured_media":180526,"comment_status":"open","ping_status":"open","sticky":false,"template":"","format":"standard","meta":[],"categories":[51,53],"tags":[19200,111070,4546,101865,41339,108919,12370],"views":26,"_links":{"self":[{"href":"https:\/\/www.enerjigazetesi.ist\/en\/wp-json\/wp\/v2\/posts\/180524"}],"collection":[{"href":"https:\/\/www.enerjigazetesi.ist\/en\/wp-json\/wp\/v2\/posts"}],"about":[{"href":"https:\/\/www.enerjigazetesi.ist\/en\/wp-json\/wp\/v2\/types\/post"}],"author":[{"embeddable":true,"href":"https:\/\/www.enerjigazetesi.ist\/en\/wp-json\/wp\/v2\/users\/1"}],"replies":[{"embeddable":true,"href":"https:\/\/www.enerjigazetesi.ist\/en\/wp-json\/wp\/v2\/comments?post=180524"}],"version-history":[{"count":0,"href":"https:\/\/www.enerjigazetesi.ist\/en\/wp-json\/wp\/v2\/posts\/180524\/revisions"}],"wp:featuredmedia":[{"embeddable":true,"href":"https:\/\/www.enerjigazetesi.ist\/en\/wp-json\/wp\/v2\/media\/180526"}],"wp:attachment":[{"href":"https:\/\/www.enerjigazetesi.ist\/en\/wp-json\/wp\/v2\/media?parent=180524"}],"wp:term":[{"taxonomy":"category","embeddable":true,"href":"https:\/\/www.enerjigazetesi.ist\/en\/wp-json\/wp\/v2\/categories?post=180524"},{"taxonomy":"post_tag","embeddable":true,"href":"https:\/\/www.enerjigazetesi.ist\/en\/wp-json\/wp\/v2\/tags?post=180524"}],"curies":[{"name":"wp","href":"https:\/\/api.w.org\/{rel}","templated":true}]}}