{"id":180496,"date":"2023-10-30T18:28:51","date_gmt":"2023-10-30T15:28:51","guid":{"rendered":"https:\/\/www.enerjigazetesi.ist\/?p=180496"},"modified":"2023-10-30T18:29:21","modified_gmt":"2023-10-30T15:29:21","slug":"orman-koyluleri-gunes-enerjisiyle-kendi-elektrigini-uretiyor","status":"publish","type":"post","link":"https:\/\/www.enerjigazetesi.ist\/en\/orman-koyluleri-gunes-enerjisiyle-kendi-elektrigini-uretiyor\/","title":{"rendered":"(Turkish) Orman K\u00f6yl\u00fcleri G\u00fcne\u015f Enerjisiyle Kendi Elektri\u011fini \u00dcretiyor"},"content":{"rendered":"<p class=\"qtranxs-available-languages-message qtranxs-available-languages-message-en\">Sorry, this entry is only available in <a href=\"https:\/\/www.enerjigazetesi.ist\/tr\/wp-json\/wp\/v2\/posts\/180496\" class=\"qtranxs-available-language-link qtranxs-available-language-link-tr\" title=\"Turkish\">Turkish<\/a>. For the sake of viewer convenience, the content is shown below in the alternative language. You may click the link to switch the active language.<\/p><p><\/p>\n<h2><strong>Bolu ve D\u00fczce\u2019de orman k\u00f6yl\u00fcleri, Orman ve K\u00f6y \u0130li\u015fkileri Dairesi Ba\u015fkanl\u0131\u011f\u0131 projesi kapsam\u0131nda evlerinin \u00e7at\u0131s\u0131na kurduklar\u0131 g\u00fcne\u015f enerjisi sistemiyle (GES) hem kendi elektriklerini \u00fcretiyor hem de enerji sat\u0131\u015f\u0131 yaparak gelir sa\u011fl\u0131yor.<\/strong><\/h2>\n<p style=\"text-align: center;\"><img loading=\"lazy\" class=\"aligncenter wp-image-180498\" src=\"https:\/\/www.enerjigazetesi.ist\/wp-content\/uploads\/2023\/10\/orman-koyluleri-gunes-enerjisiyle-kendi-elektrigini-uretiyor.jpg\" alt=\"\" width=\"500\" height=\"343\" srcset=\"https:\/\/www.enerjigazetesi.ist\/wp-content\/uploads\/2023\/10\/orman-koyluleri-gunes-enerjisiyle-kendi-elektrigini-uretiyor.jpg 550w, https:\/\/www.enerjigazetesi.ist\/wp-content\/uploads\/2023\/10\/orman-koyluleri-gunes-enerjisiyle-kendi-elektrigini-uretiyor-300x206.jpg 300w, https:\/\/www.enerjigazetesi.ist\/wp-content\/uploads\/2023\/10\/orman-koyluleri-gunes-enerjisiyle-kendi-elektrigini-uretiyor-500x343.jpg 500w, https:\/\/www.enerjigazetesi.ist\/wp-content\/uploads\/2023\/10\/orman-koyluleri-gunes-enerjisiyle-kendi-elektrigini-uretiyor-73x50.jpg 73w\" sizes=\"(max-width: 500px) 100vw, 500px\" \/><\/p>\n<p>Orman Genel M\u00fcd\u00fcrl\u00fc\u011f\u00fc b\u00fcnyesinde bulunan ORK\u00d6Y, <strong>orman k\u00f6yl\u00fclerinin desteklenmesi<\/strong> ve <strong>kalk\u0131nmas\u0131na y\u00f6nelik<\/strong> \u00e7e\u015fitli ihtiya\u00e7lar\u0131nda kullan\u0131lmak \u00fczere <strong>hibe ve kredi deste\u011finin<\/strong> yan\u0131 s\u0131ra \u00e7e\u015fitli projeleri hayata ge\u00e7iriyor. Bu kapsamda ORK\u00d6Y, k\u00f6yl\u00fclerin <strong>temiz enerji \u00fcretimini sa\u011flamak<\/strong> ve ayn\u0131 zamanda <strong>enerji giderlerini azaltmak<\/strong> i\u00e7in GES projesini uygulamaya ald\u0131.<\/p>\n<p><strong>Bolu Orman B\u00f6lge M\u00fcd\u00fcrl\u00fc\u011f\u00fc<\/strong> sorumluluk sahas\u0131nda yer alan <strong>Bolu<\/strong> ve <strong>D\u00fczce\u2019ye<\/strong> ba\u011fl\u0131 k\u00f6ylerde 2020 y\u0131l\u0131nda hayata ge\u00e7irilen proje kapsam\u0131nda, destek almaya hak kazanan <strong>129 k\u00f6y evinin \u00e7at\u0131s\u0131na GES<\/strong> kuruldu. Bu y\u0131l i\u00e7inde onaylanan ve yap\u0131m\u0131 tamamlanan <strong>GES projesinden 9\u2019unun sistemi kurularak, ana elektrik \u015febekesine ba\u011flama a\u015famas\u0131na<\/strong> gelindi.<\/p>\n<p>G\u00fcne\u015f enerjisiyle \u00fcrettikleri elektri\u011fi ev ve ah\u0131rlar\u0131 ile di\u011fer ihtiya\u00e7lar\u0131nda kullanan orman k\u00f6yl\u00fcleri, ihtiya\u00e7 fazlas\u0131n\u0131 ise<strong> anla\u015fma sa\u011flanan da\u011f\u0131t\u0131m \u015firketlerine satarak<\/strong> <strong>gelir elde ediyor.<\/strong> Elektriklerini kendileri \u00fcreterek maliyetlerini azaltan k\u00f6yl\u00fcler, yenilenebilir enerjiden faydalanarak \u00e7evrenin korunmas\u0131na da katk\u0131 sa\u011fl\u0131yor. Bolu Orman B\u00f6lge M\u00fcd\u00fcrl\u00fc\u011f\u00fc ORK\u00d6Y \u015eube M\u00fcd\u00fcr\u00fc \u00d6zkan Yavuz, AA muhabirine, ORK\u00d6Y\u2019\u00fcn orman k\u00f6yl\u00fclerine her konuda sosyal ve ekonomik nitelikli kredilerle destek oldu\u011funu s\u00f6yledi.<\/p>\n<p>Orman k\u00f6yl\u00fclerinden gelen talep \u00fczerine GES projesinin Bolu\u2019da da hayata ge\u00e7irildi\u011fini dile getiren Yavuz, <em>\u201cBurada ama\u00e7, vatanda\u015f\u0131n kendi elektri\u011fini kendisinin \u00fcretmesi ve kullanmas\u0131, temiz enerji \u00fcretmesi.\u201d<\/em> dedi. Yavuz, GES proje bedelinin <strong>70 bin lira<\/strong> oldu\u011funu, bunun <strong>y\u00fczde 20\u2019sini hibe,<\/strong> <strong>geri kalan k\u0131sm\u0131n\u0131 da 7 y\u0131l vadeli faizsiz<\/strong> olarak verdiklerini kaydetti.<\/p>\n<p>Evinin \u00e7at\u0131s\u0131na GES kurulan Tarak\u00e7\u0131 k\u00f6y\u00fc sakinlerinden Ercan \u00c7etinkaya ise projeden duydu\u011fu memnuniyeti dile getirdi. \u00c7etinkaya, normal \u015fartlarda ayl\u0131k <strong>500<\/strong> ila <strong>700 lira<\/strong> aras\u0131 elektrik faturas\u0131 \u00f6dediklerini belirterek,<em> \u201cBu sistem sayesinde tahmini 500 lira civar\u0131 kar\u0131m\u0131z oluyor. Mesela 1000 liral\u0131k elektrik \u00fcretmi\u015fiz; 500 liral\u0131\u011f\u0131n\u0131 kullan\u0131yoruz, kalan\u0131 bize \u00f6deniyor. Yar\u0131 yar\u0131ya para kazanm\u0131\u015f oluyoruz. Elektri\u011fi, hayvanlar\u0131n s\u00fct makinelerinde kullan\u0131yoruz. Ev e\u015fyalar\u0131nda kullan\u0131yoruz. Yem karma makinesinde, su motorunda ve di\u011fer i\u015flerimizde kullan\u0131yoruz. Bu projeyle daha rahat olaca\u011f\u0131z.\u201d<\/em> diye konu\u015ftu.<\/p>\n<p>Fehmi K\u00f6ro\u011flu ise evinin \u00e7at\u0131s\u0131na GES kurulumunun yap\u0131ld\u0131\u011f\u0131n\u0131, t\u00fcm i\u015flemlerin tamamland\u0131\u011f\u0131n\u0131 dile getirerek, elektrik ba\u011flant\u0131s\u0131n\u0131n ard\u0131ndan \u00fcretime ba\u015flayaca\u011f\u0131n\u0131 bildirdi. Projenin hayata ge\u00e7irilmesinde eme\u011fi ge\u00e7enlere te\u015fekk\u00fcr eden K\u00f6ro\u011flu, \u201c\u015eimdiye kadar elektrik i\u00e7in para \u00f6d\u00fcyorduk. \u015eimdi <strong>kendi elektri\u011fimizi \u00fcretece\u011fiz. Artan olursa da sataca\u011f\u0131z.<\/strong>\u201d dedi.<\/p>\n<p>Kaynak:\u00a0<a href=\"https:\/\/ekonomi.haber7.com\/ekonomi\/haber\/3363275-orman-koyluleri-gunes-enerjisiyle-kendi-elektrigini-uretiyor\" target=\"_blank\" rel=\"noopener\">AA \/ Haber7<\/a><\/p>","protected":false},"excerpt":{"rendered":"<p>Sorry, this entry is only available in Turkish. For the sake of viewer convenience, the content is shown below in the alternative language. You may click the link to switch the active language. Bolu ve D\u00fczce\u2019de orman k\u00f6yl\u00fcleri, Orman ve K\u00f6y \u0130li\u015fkileri Dairesi Ba\u015fkanl\u0131\u011f\u0131 projesi kapsam\u0131nda evlerinin \u00e7at\u0131s\u0131na kurduklar\u0131 g\u00fcne\u015f enerjisi sistemiyle (GES) hem kendi [&hellip;]<\/p>\n","protected":false},"author":1,"featured_media":180498,"comment_status":"open","ping_status":"open","sticky":false,"template":"","format":"standard","meta":[],"categories":[51,53,49],"tags":[18,7440,13,111069,842],"views":29,"_links":{"self":[{"href":"https:\/\/www.enerjigazetesi.ist\/en\/wp-json\/wp\/v2\/posts\/180496"}],"collection":[{"href":"https:\/\/www.enerjigazetesi.ist\/en\/wp-json\/wp\/v2\/posts"}],"about":[{"href":"https:\/\/www.enerjigazetesi.ist\/en\/wp-json\/wp\/v2\/types\/post"}],"author":[{"embeddable":true,"href":"https:\/\/www.enerjigazetesi.ist\/en\/wp-json\/wp\/v2\/users\/1"}],"replies":[{"embeddable":true,"href":"https:\/\/www.enerjigazetesi.ist\/en\/wp-json\/wp\/v2\/comments?post=180496"}],"version-history":[{"count":0,"href":"https:\/\/www.enerjigazetesi.ist\/en\/wp-json\/wp\/v2\/posts\/180496\/revisions"}],"wp:featuredmedia":[{"embeddable":true,"href":"https:\/\/www.enerjigazetesi.ist\/en\/wp-json\/wp\/v2\/media\/180498"}],"wp:attachment":[{"href":"https:\/\/www.enerjigazetesi.ist\/en\/wp-json\/wp\/v2\/media?parent=180496"}],"wp:term":[{"taxonomy":"category","embeddable":true,"href":"https:\/\/www.enerjigazetesi.ist\/en\/wp-json\/wp\/v2\/categories?post=180496"},{"taxonomy":"post_tag","embeddable":true,"href":"https:\/\/www.enerjigazetesi.ist\/en\/wp-json\/wp\/v2\/tags?post=180496"}],"curies":[{"name":"wp","href":"https:\/\/api.w.org\/{rel}","templated":true}]}}