{"id":180491,"date":"2023-10-30T18:11:29","date_gmt":"2023-10-30T15:11:29","guid":{"rendered":"https:\/\/www.enerjigazetesi.ist\/?p=180491"},"modified":"2023-10-30T18:11:29","modified_gmt":"2023-10-30T15:11:29","slug":"elektrifikasyon-ve-otomasyon-fabrikasinin-uretim-kapasitesi-yuzde-60-artti","status":"publish","type":"post","link":"https:\/\/www.enerjigazetesi.ist\/en\/elektrifikasyon-ve-otomasyon-fabrikasinin-uretim-kapasitesi-yuzde-60-artti\/","title":{"rendered":"(Turkish) Elektrifikasyon ve Otomasyon Fabrikas\u0131\u2019n\u0131n \u00dcretim Kapasitesi % 60 Artt\u0131"},"content":{"rendered":"<p class=\"qtranxs-available-languages-message qtranxs-available-languages-message-en\">Sorry, this entry is only available in <a href=\"https:\/\/www.enerjigazetesi.ist\/tr\/wp-json\/wp\/v2\/posts\/180491\" class=\"qtranxs-available-language-link qtranxs-available-language-link-tr\" title=\"Turkish\">Turkish<\/a>. For the sake of viewer convenience, the content is shown below in the alternative language. You may click the link to switch the active language.<\/p><p><\/p>\n<h2><strong>Gelecek i\u00e7in bug\u00fcn\u00fc d\u00f6n\u00fc\u015ft\u00fcren Siemens T\u00fcrkiye \u00f6nemli bir projeyi daha hayata ge\u00e7irdi. \u015eirket, 2 y\u0131l s\u00fcren \u00e7al\u0131\u015fmalar\u0131n ard\u0131ndan Siemens Gebze Elektrifikasyon ve Otomasyon Fabrikas\u0131\u2019n\u0131n \u00fcretim kapasitesini %60 oran\u0131nda art\u0131rarak b\u00fcy\u00fck bir ba\u015far\u0131ya imza att\u0131.<\/strong><\/h2>\n<p style=\"text-align: center;\"><img loading=\"lazy\" class=\"aligncenter wp-image-180494\" src=\"https:\/\/www.enerjigazetesi.ist\/wp-content\/uploads\/2023\/10\/elektrifikasyon-ve-otomasyon-fabrikasinin-uretim-kapasitesi-yuzde-60-artti.jpg\" alt=\"\" width=\"500\" height=\"334\" srcset=\"https:\/\/www.enerjigazetesi.ist\/wp-content\/uploads\/2023\/10\/elektrifikasyon-ve-otomasyon-fabrikasinin-uretim-kapasitesi-yuzde-60-artti.jpg 550w, https:\/\/www.enerjigazetesi.ist\/wp-content\/uploads\/2023\/10\/elektrifikasyon-ve-otomasyon-fabrikasinin-uretim-kapasitesi-yuzde-60-artti-300x200.jpg 300w, https:\/\/www.enerjigazetesi.ist\/wp-content\/uploads\/2023\/10\/elektrifikasyon-ve-otomasyon-fabrikasinin-uretim-kapasitesi-yuzde-60-artti-500x334.jpg 500w, https:\/\/www.enerjigazetesi.ist\/wp-content\/uploads\/2023\/10\/elektrifikasyon-ve-otomasyon-fabrikasinin-uretim-kapasitesi-yuzde-60-artti-75x50.jpg 75w, https:\/\/www.enerjigazetesi.ist\/wp-content\/uploads\/2023\/10\/elektrifikasyon-ve-otomasyon-fabrikasinin-uretim-kapasitesi-yuzde-60-artti-450x300.jpg 450w\" sizes=\"(max-width: 500px) 100vw, 500px\" \/><\/p>\n<p>Siemens T\u00fcrkiye, 167 y\u0131ll\u0131k tecr\u00fcbesiyle <strong>yenilik\u00e7i, verimli, enerji tasarruflu \u00e7\u00f6z\u00fcmler<\/strong> sunmaya ve gelecek i\u00e7in <strong>bug\u00fcn\u00fcn d\u00f6n\u00fc\u015f\u00fcm\u00fcne h\u0131z kazand\u0131rmaya<\/strong> devam ediyor. Siemens T\u00fcrkiye, 80\u2019den fazla \u00fclkeye ihracat yapan 150 bin metrekarelik alana sahip Siemens Gebze Elektrifikasyon ve Otomasyon Fabrikas\u0131\u2019nda 2 y\u0131l\u0131 a\u015fk\u0131n s\u00fcredir s\u00fcrd\u00fcrd\u00fc\u011f\u00fc \u00e7al\u0131\u015fmalar sonucunda s\u00fcre\u00e7 iyile\u015ftirmeleri ve layout tasar\u0131m de\u011fi\u015fimi ile herhangi bir ek metrekareye ihtiya\u00e7 duymadan \u00fcretim kapasitesini %60 oran\u0131nda yukar\u0131 ta\u015f\u0131yarak b\u00fcy\u00fck bir ba\u015far\u0131ya imza att\u0131<u>.<\/u> Proje kapsam\u0131nda ger\u00e7ekle\u015ftirilen \u00e7al\u0131\u015fmalar sonucunda Siemens Gebze Elektrifikasyon ve Otomasyon Fabrikas\u0131\u2019nda <strong>lojistik faaliyetleri %70<\/strong> oran\u0131nda azal\u0131rken, <strong>depo kapasitesi %32<\/strong> oran\u0131nda geni\u015fletildi ve <strong>%30 verimlilik art\u0131\u015f\u0131<\/strong> sa\u011fland\u0131.<\/p>\n<h3><strong>\u201cBu yat\u0131r\u0131m ve ek istihdam 167 y\u0131ld\u0131r bu topraklarda teknoloji \u00fcreten Siemens\u2019in T\u00fcrkiye\u2019ye duydu\u011fu g\u00fcvenin \u00f6nemli bir g\u00f6stergesi\u201d<\/strong><\/h3>\n<p>Projenin tamamlanmas\u0131n\u0131n ard\u0131ndan d\u00fczenlenen a\u00e7\u0131l\u0131\u015f t\u00f6reni,\u00a0<strong>Siemens AG\u00a0Ak\u0131ll\u0131 Altyap\u0131lar Grubu Elektrifikasyon ve Otomasyon CEO\u2019su Stephan May<\/strong>,\u00a0<strong>Siemens T\u00fcrkiye Y\u00f6netim Kurulu Ba\u015fkan\u0131 ve CEO\u2019su H\u00fcseyin Gelis<\/strong>,\u00a0<strong>Siemens T\u00fcrkiye Y\u00f6netim Kurulu \u00dcyesi ve CFO\u2019su<\/strong>\u00a0<strong>Thomas Kolbinger<\/strong>\u2019in kat\u0131l\u0131m\u0131 ile ger\u00e7ekle\u015ftirildi. T\u00f6rende konu\u015fan <strong>Siemens T\u00fcrkiye Elektrifikasyon ve Otomasyon Fabrika Genel M\u00fcd\u00fcr\u00fc Veli Turgut<\/strong>\u00a0projeyi 2 y\u0131ll\u0131k bir \u00e7al\u0131\u015fma sonucunda fabrikada \u00fcretimi durdurmadan hayata ge\u00e7irdiklerini belirterek s\u00f6zlerine \u015f\u00f6yle devam etti: <em>\u201cSiemens Gebze Elektrifikasyon ve Otomasyon Fabrikam\u0131zda s\u00fcre\u00e7 iyile\u015ftirmeleri, layout tasar\u0131m\u0131 ile herhangi bir metrekare art\u0131\u015f\u0131 yapmadan <strong>%60 kapasite art\u0131r\u0131m\u0131 <\/strong>sa\u011flaman\u0131n mutlulu\u011funu ve gururunu ya\u015f\u0131yoruz. <strong>%60 kapasite art\u0131r\u0131m\u0131<\/strong> fabrikam\u0131zda ek istihdam da sa\u011flad\u0131. Bu yat\u0131r\u0131m ve ek istihdam 167 y\u0131ld\u0131r bu topraklarda teknoloji \u00fcreten <strong>Siemens\u2019in T\u00fcrkiye\u2019ye duydu\u011fu g\u00fcvenin<\/strong> \u00f6nemli bir g\u00f6stergesidir. Projeyi devreye ald\u0131\u011f\u0131m\u0131z s\u00fcre\u00e7 boyunca \u00e7al\u0131\u015fma arkada\u015flar\u0131m\u0131z\u0131n titiz \u00e7al\u0131\u015fmalar\u0131 sonucunda hi\u00e7bir i\u015f kazas\u0131 ya\u015fanmad\u0131 ayr\u0131ca \u00fcretimi de hi\u00e7 durdurmad\u0131k. Bu da ne kadar do\u011fru s\u00fcre\u00e7lerle ilerledi\u011fimizi ortaya koyuyor. Cumhuriyetimizin ikinci y\u00fczy\u0131l\u0131nda da fabrikam\u0131zda \u00fcretece\u011fimiz teknolojilerle ve yeni yat\u0131r\u0131mlar\u0131m\u0131zla \u00fclkemizin s\u00fcrd\u00fcr\u00fclebilir b\u00fcy\u00fcmesine, istihdam\u0131na ve kalk\u0131nmas\u0131na katk\u0131da bulunmay\u0131 s\u00fcrd\u00fcrece\u011fiz. Fabrikam\u0131z\u0131n s\u00fcrd\u00fcr\u00fclebilirlik hedefleri aras\u0131nda 2030 y\u0131l\u0131na kadar <strong>kulland\u0131\u011f\u0131m\u0131z enerjiyi %10 azaltma<\/strong> da yer al\u0131yor. Ayr\u0131ca ihtiya\u00e7 duydu\u011fumuz <strong>enerjinin %10\u2019unu<\/strong> ise <strong>kamp\u00fcs\u00fcm\u00fcz i\u00e7erisinde<\/strong> yer alan <strong>g\u00fcne\u015f panellerinden<\/strong> sa\u011fl\u0131yoruz. T\u00fcm bu \u00e7al\u0131\u015fmalarla hedefimize emin ad\u0131mlarla ilerliyoruz.\u201d<\/em><\/p>","protected":false},"excerpt":{"rendered":"<p>Sorry, this entry is only available in Turkish. For the sake of viewer convenience, the content is shown below in the alternative language. You may click the link to switch the active language. Gelecek i\u00e7in bug\u00fcn\u00fc d\u00f6n\u00fc\u015ft\u00fcren Siemens T\u00fcrkiye \u00f6nemli bir projeyi daha hayata ge\u00e7irdi. \u015eirket, 2 y\u0131l s\u00fcren \u00e7al\u0131\u015fmalar\u0131n ard\u0131ndan Siemens Gebze Elektrifikasyon ve [&hellip;]<\/p>\n","protected":false},"author":1,"featured_media":180494,"comment_status":"open","ping_status":"open","sticky":false,"template":"","format":"standard","meta":[],"categories":[53,52],"tags":[111068,8268],"views":37,"_links":{"self":[{"href":"https:\/\/www.enerjigazetesi.ist\/en\/wp-json\/wp\/v2\/posts\/180491"}],"collection":[{"href":"https:\/\/www.enerjigazetesi.ist\/en\/wp-json\/wp\/v2\/posts"}],"about":[{"href":"https:\/\/www.enerjigazetesi.ist\/en\/wp-json\/wp\/v2\/types\/post"}],"author":[{"embeddable":true,"href":"https:\/\/www.enerjigazetesi.ist\/en\/wp-json\/wp\/v2\/users\/1"}],"replies":[{"embeddable":true,"href":"https:\/\/www.enerjigazetesi.ist\/en\/wp-json\/wp\/v2\/comments?post=180491"}],"version-history":[{"count":0,"href":"https:\/\/www.enerjigazetesi.ist\/en\/wp-json\/wp\/v2\/posts\/180491\/revisions"}],"wp:featuredmedia":[{"embeddable":true,"href":"https:\/\/www.enerjigazetesi.ist\/en\/wp-json\/wp\/v2\/media\/180494"}],"wp:attachment":[{"href":"https:\/\/www.enerjigazetesi.ist\/en\/wp-json\/wp\/v2\/media?parent=180491"}],"wp:term":[{"taxonomy":"category","embeddable":true,"href":"https:\/\/www.enerjigazetesi.ist\/en\/wp-json\/wp\/v2\/categories?post=180491"},{"taxonomy":"post_tag","embeddable":true,"href":"https:\/\/www.enerjigazetesi.ist\/en\/wp-json\/wp\/v2\/tags?post=180491"}],"curies":[{"name":"wp","href":"https:\/\/api.w.org\/{rel}","templated":true}]}}