{"id":180484,"date":"2023-10-30T17:40:36","date_gmt":"2023-10-30T14:40:36","guid":{"rendered":"https:\/\/www.enerjigazetesi.ist\/?p=180484"},"modified":"2023-10-30T17:42:29","modified_gmt":"2023-10-30T14:42:29","slug":"sisecam-in-net-satislari-2023-un-ilk-9-ayinda-95-milyar-tl-ye-ulasti","status":"publish","type":"post","link":"https:\/\/www.enerjigazetesi.ist\/en\/sisecam-in-net-satislari-2023-un-ilk-9-ayinda-95-milyar-tl-ye-ulasti\/","title":{"rendered":"(Turkish) &#8217;\u015ei\u015fecam&#8217;\u0131n Net Sat\u0131\u015flar\u0131 2023&#8217;\u00fcn \u0130lk 9 Ay\u0131nda 95 Milyar TL&#8217;ye Ula\u015ft\u0131"},"content":{"rendered":"<p class=\"qtranxs-available-languages-message qtranxs-available-languages-message-en\">Sorry, this entry is only available in <a href=\"https:\/\/www.enerjigazetesi.ist\/tr\/wp-json\/wp\/v2\/posts\/180484\" class=\"qtranxs-available-language-link qtranxs-available-language-link-tr\" title=\"Turkish\">Turkish<\/a>. For the sake of viewer convenience, the content is shown below in the alternative language. You may click the link to switch the active language.<\/p><p><\/p>\n<h2><strong>D\u00f6rt k\u0131tada 14 \u00fclkeye yay\u0131lan \u00fcretim faaliyetleri ve 150 \u00fclkeyi a\u015fan sat\u0131\u015flar\u0131yla k\u00fcresel b\u00fcy\u00fcmesini s\u00fcrd\u00fcren \u015ei\u015fecam\u2019\u0131n konsolide net sat\u0131\u015flar\u0131 2023 y\u0131l\u0131n\u0131n ilk 9 ay\u0131nda 95 Milyar TL (4,3 Milyar dolar) seviyesine ula\u015ft\u0131. \u015ei\u015fecam\u2019\u0131n bu d\u00f6nemde toplam sat\u0131\u015flar\u0131 i\u00e7erisindeki uluslararas\u0131 sat\u0131\u015flar\u0131n\u0131n pay\u0131 y\u00fczde 64 seviyesinde ger\u00e7ekle\u015firken, toplam yat\u0131r\u0131mlar\u0131 11,9 Milyar TL (534 Milyon dolar), ihracat\u0131 ise 814 Milyon dolar oldu.<\/strong><\/h2>\n<p style=\"text-align: center;\"><img loading=\"lazy\" class=\"aligncenter wp-image-180487\" src=\"https:\/\/www.enerjigazetesi.ist\/wp-content\/uploads\/2023\/10\/sisecam-in-net-satislari-2023-un-ilk-9-ayinda-95-milyar-tl-ye-yukseldi.jpg\" alt=\"\" width=\"500\" height=\"250\" srcset=\"https:\/\/www.enerjigazetesi.ist\/wp-content\/uploads\/2023\/10\/sisecam-in-net-satislari-2023-un-ilk-9-ayinda-95-milyar-tl-ye-yukseldi.jpg 550w, https:\/\/www.enerjigazetesi.ist\/wp-content\/uploads\/2023\/10\/sisecam-in-net-satislari-2023-un-ilk-9-ayinda-95-milyar-tl-ye-yukseldi-300x150.jpg 300w, https:\/\/www.enerjigazetesi.ist\/wp-content\/uploads\/2023\/10\/sisecam-in-net-satislari-2023-un-ilk-9-ayinda-95-milyar-tl-ye-yukseldi-500x250.jpg 500w, https:\/\/www.enerjigazetesi.ist\/wp-content\/uploads\/2023\/10\/sisecam-in-net-satislari-2023-un-ilk-9-ayinda-95-milyar-tl-ye-yukseldi-80x40.jpg 80w\" sizes=\"(max-width: 500px) 100vw, 500px\" \/><\/p>\n<p>\u015ei\u015fecam <strong>2023\u2019\u00fcn ilk 9 ayl\u0131k d\u00f6nemine ili\u015fkin finansal sonu\u00e7lar\u0131n\u0131<\/strong> a\u00e7\u0131klad\u0131. \u015ei\u015fecam\u2019\u0131n bu d\u00f6nemdeki konsolide net sat\u0131\u015flar\u0131 <strong>95 Milyar TL (4,3 Milyar dolar)<\/strong> seviyesine ula\u015f\u0131rken, T\u00fcrkiye\u2019den yap\u0131lan ihracat ile T\u00fcrkiye d\u0131\u015f\u0131 \u00fcretimlerden yap\u0131lan sat\u0131\u015flar\u0131n toplam\u0131n\u0131 ifade eden uluslararas\u0131 sat\u0131\u015flar\u0131n konsolide sat\u0131\u015flar i\u00e7indeki pay\u0131 ise <strong>y\u00fczde 64<\/strong> seviyesinde ger\u00e7ekle\u015fti. <strong>\u0130lk 9 ayda<\/strong> \u015ei\u015fecam&#8217;\u0131n toplam yat\u0131r\u0131mlar\u0131 <strong>11,9 Milyar TL (534 Milyon dolar)<\/strong>, <strong>ihracat\u0131<\/strong> ise<strong> 814 Milyon dolar<\/strong> oldu. Bu d\u00f6nemde <strong>3,9 Milyon ton cam \u00fcreten<\/strong> \u015firket, <strong>3,4 Milyon ton soda k\u00fcl\u00fc<\/strong> ve <strong>2,8 Milyon ton end\u00fcstriyel hammadde \u00fcretimi<\/strong> ger\u00e7ekle\u015ftirdi.<\/p>\n<h3><strong>L\u00fcleburgaz\u2019a oto cam hatt\u0131 yat\u0131r\u0131m\u0131<\/strong><\/h3>\n<p>Kesintisiz b\u00fcy\u00fcmesini destekleyen yat\u0131r\u0131mlara y\u0131l\u0131n 3. \u00e7eyre\u011finde de devam eden \u015ei\u015fecam, <strong>264 ki\u015fiye<\/strong> istihdam sa\u011flad\u0131\u011f\u0131 Hindistan\u2019daki <strong>d\u00fcz cam f\u0131r\u0131n\u0131n\u0131<\/strong> yakla\u015f\u0131k <strong>56 Milyon dolar<\/strong> so\u011fuk tamir yat\u0131r\u0131m\u0131 sonras\u0131 <strong>yeni teknolojilerle<\/strong> devreye ald\u0131. \u015ei\u015fecam, M\u0131s\u0131r\u2019da da cam ev e\u015fyas\u0131 f\u0131r\u0131n\u0131n\u0131n so\u011fuk tamirini tamamlad\u0131. Bu yat\u0131r\u0131mla <strong>M\u0131s\u0131r<\/strong>\u2019daki <strong>cam ev e\u015fyas\u0131 \u00fcretim kapasitesi<\/strong>ni <strong>y\u0131ll\u0131k 35 bin tona<\/strong> y\u00fckseltti. \u015ei\u015fecam Eyl\u00fcl ay\u0131nda ise <strong>L\u00fcleburgaz<\/strong>\u2019da <strong>oto cama \u00f6zel ilk float hatt\u0131n\u0131<\/strong> yakla\u015f\u0131k <strong>190 Milyon dolar yat\u0131r\u0131mla<\/strong> devreye ald\u0131. <strong>Y\u00fcksek oranda verimlilik<\/strong> ve <strong>kapasite kullan\u0131m\u0131 elde etmesi<\/strong> planlanan ve <strong>ince cam \u00fcretebilecek<\/strong> \u015fekilde <strong>\u00f6zel olarak tasarlanan<\/strong> yeni hat, y\u0131ll\u0131k <strong>200 bin ton<\/strong> kapasiteyle \u00e7al\u0131\u015f\u0131rken <strong>114 ki\u015fiye de ek istihdam<\/strong> sa\u011flayacak.<\/p>\n<p>Di\u011fer yandan \u015ei\u015fecam\u2019\u0131n halihaz\u0131rda devam eden yat\u0131r\u0131mlar\u0131 aral\u0131ks\u0131z s\u00fcr\u00fcyor. Global \u00f6l\u00e7ekte en y\u00fcksek kapasiteye sahip <strong>5 d\u00fcz cam yat\u0131r\u0131m\u0131ndan<\/strong> biri olan <strong>Tarsus<\/strong>\u2019taki <strong>TR9 float hatt\u0131n\u0131n yap\u0131m\u0131na<\/strong> ve L\u00fcleburgaz\u2019daki <strong>TR1 float hatt\u0131n\u0131n so\u011fuk tamir<\/strong> ve <strong>kapasite art\u0131\u015f\u0131 \u00e7al\u0131\u015fmalar\u0131na<\/strong> devam eden \u015ei\u015fecam, T\u00fcrkiye\u2019de ve d\u00fcnyada cam ambalaj pazar\u0131nda artan talebi kar\u015f\u0131lamak \u00fczere hayata ge\u00e7irmeye haz\u0131rland\u0131\u011f\u0131 Eski\u015fehir ve Macaristan\u2019da <strong>cam ambalaj tesislerindeki<\/strong> yat\u0131r\u0131mlar\u0131na devam ediyor. <strong>ABD<\/strong>\u2019de <strong>soda k\u00fcl\u00fc yat\u0131r\u0131mlar\u0131<\/strong> ise planland\u0131\u011f\u0131 \u015fekilde ilerliyor.<\/p>\n<p>Veri, inovasyon ve dijitalle\u015fme odakl\u0131 b\u00fcy\u00fcme yolculu\u011funun bir \u00e7\u0131kt\u0131s\u0131 olarak y\u0131l\u0131n ilk yar\u0131s\u0131nda operasyonel ve stratejik karar optimizasyonu hizmeti sunan T\u00fcrk teknoloji \u015firketi <strong>ICRON<\/strong>\u2019a<strong> yat\u0131r\u0131m yapmak \u00fczere<\/strong> bir <strong>niyet mektubu<\/strong> imzalayan \u015ei\u015fecam, Ekim ay\u0131nda ICRON ile ortakl\u0131k konusunda anla\u015fmaya vard\u0131. \u015ei\u015fecam, <strong>yaz\u0131l\u0131m teknolojileri<\/strong> alan\u0131ndaki bu ilk yat\u0131r\u0131m\u0131 sonucunda<strong> ICRON<\/strong> ile birlikte b\u00fcy\u00fcmeyi, mevcut faaliyetlerindeki <strong>operasyonel m\u00fckemmellik<\/strong> ve <strong>optimizasyon yakla\u015f\u0131m\u0131n\u0131<\/strong> <strong>bir \u00fcst seviyeye ta\u015f\u0131may\u0131<\/strong> hedefliyor.<\/p>\n<h3><strong>Prof. Dr. Ahmet K\u0131rman \u00f6d\u00fcl\u00fcn\u00fc Como\u2019da ald\u0131<\/strong><\/h3>\n<p><strong>\u015ei\u015fecam Y\u00f6netim Kurulu Ba\u015fkan\u0131 ve Murahhas \u00dcyesi Prof. Dr. Ahmet K\u0131rman<\/strong>, global cam sekt\u00f6r\u00fcn\u00fcn geli\u015fimine katk\u0131lar\u0131 nedeniyle Phoenix \u00d6d\u00fcl Komitesi taraf\u0131ndan lay\u0131k g\u00f6r\u00fcld\u00fc\u011f\u00fc, cam sekt\u00f6r\u00fcn\u00fcn Oscar\u2019\u0131 olarak bilinen <strong>Y\u0131l\u0131n Cama De\u011fer Katan \u0130nsan\u0131 (Glass Person of The Year 2023) \u00f6d\u00fcl\u00fcn\u00fc<\/strong> \u0130talya\u2019n\u0131n Como \u015fehrinde d\u00fczenlenen <strong>\u00f6zel t\u00f6rende<\/strong> ald\u0131. Phoenix \u00d6d\u00fcl Komitesi Ba\u015fkan\u0131 <strong>Lincoln Brown<\/strong>\u2019\u0131n <strong>Prof. Dr. Ahmet K\u0131rman<\/strong>\u2019a \u00f6d\u00fcl\u00fcn\u00fc takdim etti\u011fi \u00f6zel geceye <strong>global i\u015f d\u00fcnyas\u0131<\/strong> ve <strong>cam sekt\u00f6r\u00fcn\u00fcn \u00f6nde gelen temsilcileri<\/strong> kat\u0131ld\u0131. Cam sekt\u00f6r\u00fcn\u00fcn en prestijli \u00f6d\u00fclleri aras\u0131nda yer alan bu de\u011ferli \u00f6d\u00fcl, 1971 y\u0131l\u0131ndan bu yana cam\u0131n <strong>Ar-Ge, \u00fcr\u00fcn tasar\u0131m\u0131<\/strong> ve <strong>m\u00fchendisli\u011fi, imalat, pazarlama ve sat\u0131\u015f<\/strong> gibi alanlar\u0131nda <strong>geli\u015fimi destekleyen<\/strong> ve<strong> liderlik eden<\/strong> <strong>bilim adamlar\u0131, tasar\u0131mc\u0131lar, m\u00fchendisler ve i\u015f insanlar\u0131na<\/strong> takdim ediliyor.<\/p>","protected":false},"excerpt":{"rendered":"<p>Sorry, this entry is only available in Turkish. For the sake of viewer convenience, the content is shown below in the alternative language. You may click the link to switch the active language. D\u00f6rt k\u0131tada 14 \u00fclkeye yay\u0131lan \u00fcretim faaliyetleri ve 150 \u00fclkeyi a\u015fan sat\u0131\u015flar\u0131yla k\u00fcresel b\u00fcy\u00fcmesini s\u00fcrd\u00fcren \u015ei\u015fecam\u2019\u0131n konsolide net sat\u0131\u015flar\u0131 2023 y\u0131l\u0131n\u0131n ilk [&hellip;]<\/p>\n","protected":false},"author":1,"featured_media":180487,"comment_status":"open","ping_status":"open","sticky":false,"template":"","format":"standard","meta":[],"categories":[53,52],"tags":[95636,109129,109662,4440,32734,32733,1286,102750],"views":31,"_links":{"self":[{"href":"https:\/\/www.enerjigazetesi.ist\/en\/wp-json\/wp\/v2\/posts\/180484"}],"collection":[{"href":"https:\/\/www.enerjigazetesi.ist\/en\/wp-json\/wp\/v2\/posts"}],"about":[{"href":"https:\/\/www.enerjigazetesi.ist\/en\/wp-json\/wp\/v2\/types\/post"}],"author":[{"embeddable":true,"href":"https:\/\/www.enerjigazetesi.ist\/en\/wp-json\/wp\/v2\/users\/1"}],"replies":[{"embeddable":true,"href":"https:\/\/www.enerjigazetesi.ist\/en\/wp-json\/wp\/v2\/comments?post=180484"}],"version-history":[{"count":0,"href":"https:\/\/www.enerjigazetesi.ist\/en\/wp-json\/wp\/v2\/posts\/180484\/revisions"}],"wp:featuredmedia":[{"embeddable":true,"href":"https:\/\/www.enerjigazetesi.ist\/en\/wp-json\/wp\/v2\/media\/180487"}],"wp:attachment":[{"href":"https:\/\/www.enerjigazetesi.ist\/en\/wp-json\/wp\/v2\/media?parent=180484"}],"wp:term":[{"taxonomy":"category","embeddable":true,"href":"https:\/\/www.enerjigazetesi.ist\/en\/wp-json\/wp\/v2\/categories?post=180484"},{"taxonomy":"post_tag","embeddable":true,"href":"https:\/\/www.enerjigazetesi.ist\/en\/wp-json\/wp\/v2\/tags?post=180484"}],"curies":[{"name":"wp","href":"https:\/\/api.w.org\/{rel}","templated":true}]}}