{"id":180479,"date":"2023-10-30T16:54:02","date_gmt":"2023-10-30T13:54:02","guid":{"rendered":"https:\/\/www.enerjigazetesi.ist\/?p=180479"},"modified":"2023-10-30T16:54:41","modified_gmt":"2023-10-30T13:54:41","slug":"gebkim-osb-liler-cumhuriyetin-100-yil-donumunu-coskuyla-kutladi","status":"publish","type":"post","link":"https:\/\/www.enerjigazetesi.ist\/en\/gebkim-osb-liler-cumhuriyetin-100-yil-donumunu-coskuyla-kutladi\/","title":{"rendered":"(Turkish) &#8217;GEBK\u0130M OSB&#8217;liler Cumhuriyet\u2019in 100. Y\u0131l D\u00f6n\u00fcm\u00fcn\u00fc Co\u015fkuyla Kutlad\u0131"},"content":{"rendered":"<p class=\"qtranxs-available-languages-message qtranxs-available-languages-message-en\">Sorry, this entry is only available in <a href=\"https:\/\/www.enerjigazetesi.ist\/tr\/wp-json\/wp\/v2\/posts\/180479\" class=\"qtranxs-available-language-link qtranxs-available-language-link-tr\" title=\"Turkish\">Turkish<\/a>. For the sake of viewer convenience, the content is shown below in the alternative language. You may click the link to switch the active language.<\/p><p><\/p>\n<h2><strong>Cumhuriyetimizin 100. y\u0131l d\u00f6n\u00fcm\u00fc T\u00fcrkiye\u2019nin ilk kimya ihtisas OSB\u2019si GEBK\u0130M\u2019de yo\u011fun kat\u0131l\u0131m ve b\u00fcy\u00fck bir co\u015fkuyla kutland\u0131.<\/strong><\/h2>\n<p>Atat\u00fcrk\u2019\u00fcn izinde y\u00fcr\u00fcmeyi ilke edinen ve Cumhuriyet\u2019in de\u011ferlerini benimseyen GEBK\u0130M OSB, Cumhuriyetimizin 100. y\u0131l\u0131na \u00f6zel \u201c100\u2019\u00fcm\u00fczde Gurur Var\u201d projesini ger\u00e7ekle\u015ftirdi. Proje kapsam\u0131nda, <img loading=\"lazy\" class=\"alignright wp-image-180481\" src=\"https:\/\/www.enerjigazetesi.ist\/wp-content\/uploads\/2023\/10\/gebkim-osb-liler-cumhuriyetin-100-yil-donumunu-coskuyla-kutladi.jpg\" alt=\"\" width=\"320\" height=\"213\" srcset=\"https:\/\/www.enerjigazetesi.ist\/wp-content\/uploads\/2023\/10\/gebkim-osb-liler-cumhuriyetin-100-yil-donumunu-coskuyla-kutladi.jpg 457w, https:\/\/www.enerjigazetesi.ist\/wp-content\/uploads\/2023\/10\/gebkim-osb-liler-cumhuriyetin-100-yil-donumunu-coskuyla-kutladi-300x200.jpg 300w, https:\/\/www.enerjigazetesi.ist\/wp-content\/uploads\/2023\/10\/gebkim-osb-liler-cumhuriyetin-100-yil-donumunu-coskuyla-kutladi-75x50.jpg 75w, https:\/\/www.enerjigazetesi.ist\/wp-content\/uploads\/2023\/10\/gebkim-osb-liler-cumhuriyetin-100-yil-donumunu-coskuyla-kutladi-450x300.jpg 450w\" sizes=\"(max-width: 320px) 100vw, 320px\" \/>GEBK\u0130M OSB\u2019de yer alan firmalardan 100\u2019lerce ayd\u0131nl\u0131k y\u00fczl\u00fc \u00e7al\u0131\u015fan\u0131n g\u00f6nderdi\u011fi foto\u011fraflar\u0131n mozai\u011fi ile dev bir Atat\u00fcrk portresi olu\u015fturuldu. Etkinlik kapsam\u0131nda Guruland\u0131ran100\u2019ler ad\u0131 alt\u0131nda, aralar\u0131nda Prof. Dr. Aziz Sancar, Prof. Dr. Cahit Arf, Prof. Dr. Remziye Hisar, Prof. Dr. Safiye Ali\u2019nin de oldu\u011fu Cumhuriyet d\u00f6nemine iz b\u0131rakm\u0131\u015f 12 bilim insan\u0131n\u0131n da y\u00fcz\u00fc sergilendi.<\/p>\n<p>GEBK\u0130M OSB\u2019nin etkinlik alan\u0131nda ger\u00e7ekle\u015ftirilen 100. y\u0131l kutlamalar\u0131na GEBK\u0130M OSB Y\u00f6netim Kurulu Ba\u015fkan\u0131 V. \u0130brahim Arac\u0131, GEBK\u0130M OSB Y\u00f6netim Kurulu \u00dcyeleri, GEBK\u0130M Vakf\u0131 Y\u00f6netim Kurulu \u00dcyesi Z\u00fcmran Arac\u0131, GEBK\u0130M OSB \u00fcye firmalar\u0131 ve \u00e7al\u0131\u015fanlar\u0131 kat\u0131ld\u0131. GEBK\u0130M OSB\u2019lilerin ellerinde T\u00fcrk bayraklar\u0131yla hep bir a\u011f\u0131zdan mar\u015flar s\u00f6yledi\u011fi organizasyonda Cumhuriyetin 100. y\u0131l\u0131na \u00f6zel haz\u0131rlanan pasta da kesildi.<\/p>\n<p>Organizasyonda k\u0131sa bir konu\u015fma yapan <strong>GEBK\u0130M OSB Ba\u015fkan\u0131 Vefa \u0130brahim Arac\u0131<\/strong> \u015funlar\u0131 s\u00f6yledi: <em>\u201cCumhuriyetimizin 100. y\u0131l\u0131n\u0131 kutlaman\u0131n b\u00fcy\u00fck heyecan\u0131 ve gururunu ta\u015f\u0131yoruz. Cumhuriyetimizin Kurucusu Gazi Mustafa Kemal Atat\u00fcrk\u2019\u00fcn ilkelerinin \u0131\u015f\u0131\u011f\u0131nda ve g\u00f6sterdi\u011fi yolda ilerleyerek Cumhuriyetin \u0130kinci Y\u00fczy\u0131l\u0131nda da kimya sanayimizin geli\u015fimine katk\u0131 sa\u011flayacak \u00f6rnek projelerle \u00fclkemiz i\u00e7in de\u011fer yaratmaya devam edece\u011fiz.\u201d<\/em><\/p>","protected":false},"excerpt":{"rendered":"<p>Sorry, this entry is only available in Turkish. For the sake of viewer convenience, the content is shown below in the alternative language. You may click the link to switch the active language. Cumhuriyetimizin 100. y\u0131l d\u00f6n\u00fcm\u00fc T\u00fcrkiye\u2019nin ilk kimya ihtisas OSB\u2019si GEBK\u0130M\u2019de yo\u011fun kat\u0131l\u0131m ve b\u00fcy\u00fck bir co\u015fkuyla kutland\u0131. Atat\u00fcrk\u2019\u00fcn izinde y\u00fcr\u00fcmeyi ilke edinen [&hellip;]<\/p>\n","protected":false},"author":1,"featured_media":180481,"comment_status":"open","ping_status":"open","sticky":false,"template":"","format":"standard","meta":[],"categories":[53],"tags":[111067,83185,6443],"views":28,"_links":{"self":[{"href":"https:\/\/www.enerjigazetesi.ist\/en\/wp-json\/wp\/v2\/posts\/180479"}],"collection":[{"href":"https:\/\/www.enerjigazetesi.ist\/en\/wp-json\/wp\/v2\/posts"}],"about":[{"href":"https:\/\/www.enerjigazetesi.ist\/en\/wp-json\/wp\/v2\/types\/post"}],"author":[{"embeddable":true,"href":"https:\/\/www.enerjigazetesi.ist\/en\/wp-json\/wp\/v2\/users\/1"}],"replies":[{"embeddable":true,"href":"https:\/\/www.enerjigazetesi.ist\/en\/wp-json\/wp\/v2\/comments?post=180479"}],"version-history":[{"count":0,"href":"https:\/\/www.enerjigazetesi.ist\/en\/wp-json\/wp\/v2\/posts\/180479\/revisions"}],"wp:featuredmedia":[{"embeddable":true,"href":"https:\/\/www.enerjigazetesi.ist\/en\/wp-json\/wp\/v2\/media\/180481"}],"wp:attachment":[{"href":"https:\/\/www.enerjigazetesi.ist\/en\/wp-json\/wp\/v2\/media?parent=180479"}],"wp:term":[{"taxonomy":"category","embeddable":true,"href":"https:\/\/www.enerjigazetesi.ist\/en\/wp-json\/wp\/v2\/categories?post=180479"},{"taxonomy":"post_tag","embeddable":true,"href":"https:\/\/www.enerjigazetesi.ist\/en\/wp-json\/wp\/v2\/tags?post=180479"}],"curies":[{"name":"wp","href":"https:\/\/api.w.org\/{rel}","templated":true}]}}