{"id":180475,"date":"2023-10-30T16:18:02","date_gmt":"2023-10-30T13:18:02","guid":{"rendered":"https:\/\/www.enerjigazetesi.ist\/?p=180475"},"modified":"2023-10-30T16:18:02","modified_gmt":"2023-10-30T13:18:02","slug":"cumhuriyet-dogamizda-var-10-adimla-nice-yuzyillara","status":"publish","type":"post","link":"https:\/\/www.enerjigazetesi.ist\/en\/cumhuriyet-dogamizda-var-10-adimla-nice-yuzyillara\/","title":{"rendered":"(Turkish) Cumhuriyet Do\u011fam\u0131zda Var: 10 Ad\u0131mla Nice Y\u00fczy\u0131llara"},"content":{"rendered":"<p class=\"qtranxs-available-languages-message qtranxs-available-languages-message-en\">Sorry, this entry is only available in <a href=\"https:\/\/www.enerjigazetesi.ist\/tr\/wp-json\/wp\/v2\/posts\/180475\" class=\"qtranxs-available-language-link qtranxs-available-language-link-tr\" title=\"Turkish\">Turkish<\/a>. For the sake of viewer convenience, the content is shown below in the alternative language. You may click the link to switch the active language.<\/p><p><\/p>\n<h2><strong>WWF-T\u00fcrkiye (Do\u011fal Hayat\u0131 Koruma Vakf\u0131), Cumhuriyetin 100&#8217;\u00fcnc\u00fc y\u0131l\u0131nda \u2018Y\u00fcz\u00fcn\u00fc Do\u011faya \u00c7evir&#8217; diyerek, afetlere kar\u015f\u0131 daha diren\u00e7li ve do\u011fayla uyumlu bir T\u00fcrkiye i\u00e7in <\/strong><a href=\"https:\/\/u11729718.ct.sendgrid.net\/ls\/click?upn=j9ASUJmGsdz4inY7scM7vy32-2BIY91uR6TQ4SEptKJy5qmlfuUgkDV31Cmnj30Xy6tUgemclcfl8GiNsJLU6RryMLNVHlfDFScG5KjxsP8EU-3Db0yX_0CzkWMZPyKOJ9Ms5FhR0vQ93L3BgiU7fb5F2QNFC2nVATRzr0UCUKI8xdpWmI35vVuUczQ1yXlKeEPkkqWsR9Fcxn-2FT-2Frx7vcu7QCQjb2nVo7Wk-2FXUlK-2FRFTJ7Mj0FoyWZDqCjIxpqn8M-2BAMTj3nXARZEi8vdTD71j-2BlDT9Y09QSNZmQCYD7-2F9RIwUuTFbD9D-2Bj6lE1eIlQ9y94gfNpNUSN8bbswOYfIbhOBV7Cwz-2BJ43pVmjvHT6NYBoMfsxkkOmao9PzhqFcy-2BTvUPHQ9H2eGWxgqd-2FG8ZXD-2BrafZo0SidDZjs1KzopO-2FloM9Y-2F2DEshrhbmxut30QyzNU-2BIi9KU6VozMl3tYY8a-2FxM0DMbQQ-2B3kMispIIViCuyjEkdwAhwO3oP7V8qQu2JQqLLIT5OtqzJmDHVQu6l-2FwhoM1Q2y0cnZYdBs82WHQ36w2VxvrL\"><strong>\u201cYe\u015fil \u0130yile\u015fme\u201d<\/strong><\/a><strong> \u00e7a\u011fr\u0131s\u0131n\u0131 yineliyor. Vak\u0131f, karar vericilerin atmas\u0131 gereken en acil ve \u00f6ncelikli ad\u0131mlar\u0131 s\u0131ralad\u0131\u011f\u0131 \u00e7a\u011fr\u0131s\u0131yla do\u011fas\u0131yla g\u00fc\u00e7l\u00fc cumhuriyetimizin nice y\u00fczy\u0131llara \u0131\u015f\u0131k tutmas\u0131n\u0131 hedefliyor.<\/strong><\/h2>\n<p>6 \u015eubat 2023 tarihinde Kahramanmara\u015f&#8217;ta ve 20 \u015eubat 2023&#8217;te Hatay&#8217;da meydana gelen depremler, b\u00fcy\u00fck bir y\u0131k\u0131ma ve 50 bine yak\u0131n insan\u0131n ya\u015fam\u0131n\u0131 yitirmesine sebep oldu. Depremin ard\u0131ndan sa\u011fl\u0131kl\u0131<img loading=\"lazy\" class=\"alignright wp-image-180477\" src=\"https:\/\/www.enerjigazetesi.ist\/wp-content\/uploads\/2023\/10\/cumhuriyet-dogamizda-var-10-adimla-nice-yuzyillara.jpg\" alt=\"\" width=\"320\" height=\"320\" srcset=\"https:\/\/www.enerjigazetesi.ist\/wp-content\/uploads\/2023\/10\/cumhuriyet-dogamizda-var-10-adimla-nice-yuzyillara.jpg 480w, https:\/\/www.enerjigazetesi.ist\/wp-content\/uploads\/2023\/10\/cumhuriyet-dogamizda-var-10-adimla-nice-yuzyillara-300x300.jpg 300w, https:\/\/www.enerjigazetesi.ist\/wp-content\/uploads\/2023\/10\/cumhuriyet-dogamizda-var-10-adimla-nice-yuzyillara-150x150.jpg 150w, https:\/\/www.enerjigazetesi.ist\/wp-content\/uploads\/2023\/10\/cumhuriyet-dogamizda-var-10-adimla-nice-yuzyillara-400x400.jpg 400w, https:\/\/www.enerjigazetesi.ist\/wp-content\/uploads\/2023\/10\/cumhuriyet-dogamizda-var-10-adimla-nice-yuzyillara-50x50.jpg 50w, https:\/\/www.enerjigazetesi.ist\/wp-content\/uploads\/2023\/10\/cumhuriyet-dogamizda-var-10-adimla-nice-yuzyillara-100x100.jpg 100w\" sizes=\"(max-width: 320px) 100vw, 320px\" \/> bir gelecek kurma m\u00fccadelesi i\u00e7in harekete ge\u00e7en WWF-T\u00fcrkiye, Cumhuriyetin 100&#8217;\u00fcnc\u00fc y\u0131l\u0131nda<strong> \u201cYe\u015fil \u0130yile\u015fme\u201d<\/strong> \u00e7a\u011fr\u0131s\u0131n\u0131 tekrarlayarak <strong>sa\u011fl\u0131kl\u0131<\/strong> ve <strong>do\u011fa ile uyumlu<\/strong> nice y\u00fczy\u0131llara ula\u015fman\u0131n yol haritas\u0131n\u0131 sunuyor.<\/p>\n<p><em>Ye\u015fil \u0130yile\u015fme ilkeleri; Daha G\u00fcvenli ve Do\u011fayla Uyumlu Ya\u015fam Alanlar\u0131; Y\u00f6neti\u015fim; \u00c7evresel Etkiler ve \u00d6nlemler; Do\u011fa: Ormanlar, Meralar, Sulak Alanlar, Deniz ve K\u0131y\u0131lar; Su ve Temizlik; Altyap\u0131; Enerji Tar\u0131m ve G\u0131da<\/em> ba\u015fl\u0131klar\u0131ndan olu\u015fuyor. Gelecekte kar\u015f\u0131la\u015f\u0131labilecek benzer \u015foklara kar\u015f\u0131 daha g\u00fc\u00e7l\u00fc olabilmesi i\u00e7in do\u011fay\u0131 afet y\u00f6netim stratejisinin ayr\u0131lmaz bir bile\u015feni olarak ele alman\u0131n \u00f6nemini yeniden vurgulayan vak\u0131f; Cumhuriyetin emaneti <strong>havan\u0131n, suyun ve topra\u011f\u0131n<\/strong> <strong>s\u00fcrd\u00fcr\u00fclebilir gelece\u011fi<\/strong> i\u00e7in <strong>kamu kurumlar\u0131n\u0131, yerel y\u00f6netimleri, meslek \u00f6rg\u00fctlerini, bilim d\u00fcnyas\u0131n\u0131 ve sivil toplumu<\/strong> i\u015f birli\u011fine \u00e7a\u011f\u0131r\u0131yor.<\/p>\n<h3>10 ad\u0131mda Ye\u015fil \u0130yile\u015fme yolunda<\/h3>\n<p>WWF-T\u00fcrkiye; daha g\u00fc\u00e7l\u00fc, sa\u011fl\u0131kl\u0131 ve afetlere diren\u00e7li bir T\u00fcrkiye i\u00e7in hayata ge\u00e7irilmesi gereken en acil ve \u00f6ncelikli 10 talebi \u015f\u00f6yle s\u0131ral\u0131yor:<\/p>\n<p>1. \u0130klim kriziyle m\u00fccadele i\u00e7in sera gaz\u0131 emisyonlar\u0131n\u0131n bug\u00fcnden itibaren 2030&#8217;a kadar en az y\u00fczde 35 oran\u0131nda azalt\u0131lmas\u0131.<\/p>\n<p>2. Orman alanlar\u0131nda, maden, turizm, yap\u0131la\u015fma gibi ama\u00e7 d\u0131\u015f\u0131 alan tahsisine ve a\u015f\u0131r\u0131 a\u011fa\u00e7 kesimine son verilmesi.<\/p>\n<p>3. Kara, deniz ve tatl\u0131su ekosistemlerinde, Korunan Alanlar\u0131m\u0131z\u0131n 2030&#8217;a kadar y\u00fczde 30&#8217;a \u00e7\u0131kar\u0131lmas\u0131.<\/p>\n<p>4. T\u00fcm k\u0131y\u0131lar\u0131m\u0131zda g\u0131rg\u0131r avc\u0131l\u0131\u011f\u0131 i\u00e7in avlanma derinli\u011finin minimum 50 metreye \u00e7\u0131kar\u0131lmas\u0131 ve bal\u0131klar\u0131n g\u00f6\u00e7 yolu \u0130stanbul Bo\u011faz\u0131&#8217;n\u0131n 2025&#8217;e kadar g\u0131rg\u0131r bal\u0131k\u00e7\u0131l\u0131\u011f\u0131na tamamen kapat\u0131lmas\u0131.<\/p>\n<p>5. Do\u011fa ve insan\u0131n sa\u011fl\u0131\u011f\u0131, \u00e7ift\u00e7inin refah\u0131 i\u00e7in, 2030&#8217;a kadar tar\u0131m alanlar\u0131n\u0131n en az y\u00fczde 25&#8217;inde onar\u0131c\u0131 tar\u0131m yap\u0131lmas\u0131.<\/p>\n<p>6. Kurakl\u0131k ve iklim krizi ile m\u00fccadele ile su kaynaklar\u0131n\u0131n korunmas\u0131 ve s\u00fcrd\u00fcr\u00fclebilir kullan\u0131m\u0131 i\u00e7in Su Kanunu tasla\u011f\u0131n\u0131n bir an \u00f6nce yasala\u015fmas\u0131.<\/p>\n<p>7. 2030&#8217;a kadar do\u011faya kar\u0131\u015fan plasti\u011fin s\u0131f\u0131rlanmas\u0131.<\/p>\n<p>8. Do\u011fan\u0131n ve \u00e7evrenin korunmas\u0131yla ilgili yasal d\u00fczenlemelerin etkin uygulanmas\u0131, denetimlerin s\u0131k\u0131la\u015ft\u0131r\u0131larak ihlallere s\u0131f\u0131r tolerans g\u00f6sterilmesi.<\/p>\n<p>9. T\u00fcm s\u00fcre\u00e7lerin kat\u0131l\u0131mc\u0131, \u015feffaf, \u00f6zellikle dezavantajl\u0131 gruplar\u0131 kapsayacak \u015fekilde y\u00fcr\u00fct\u00fclmesi ve de\u011fi\u015fimden etkilenecek t\u00fcm kesimlerin ma\u011fduriyetlerini giderecek adil d\u00f6n\u00fc\u015f\u00fcm\u00fcn g\u00f6zetilmesi.<\/p>\n<p>10.\u00dcretime y\u00f6nelik t\u00fcm te\u015fvik ve fonlar\u0131n; temiz \u00fcretimi, do\u011fa dostu teknolojileri ve karbonsuzla\u015fmay\u0131 destekleyecek \u015fekilde, kirleten y\u00f6ntemlerden s\u00fcrd\u00fcr\u00fclebilir ve d\u00f6ng\u00fcsel \u00fcretime y\u00f6nlendirilmesi.<\/p>","protected":false},"excerpt":{"rendered":"<p>Sorry, this entry is only available in Turkish. For the sake of viewer convenience, the content is shown below in the alternative language. You may click the link to switch the active language. WWF-T\u00fcrkiye (Do\u011fal Hayat\u0131 Koruma Vakf\u0131), Cumhuriyetin 100&#8217;\u00fcnc\u00fc y\u0131l\u0131nda \u2018Y\u00fcz\u00fcn\u00fc Do\u011faya \u00c7evir&#8217; diyerek, afetlere kar\u015f\u0131 daha diren\u00e7li ve do\u011fayla uyumlu bir T\u00fcrkiye i\u00e7in [&hellip;]<\/p>\n","protected":false},"author":1,"featured_media":180477,"comment_status":"open","ping_status":"open","sticky":false,"template":"","format":"standard","meta":[],"categories":[53],"tags":[111062,1827,687,108500],"views":24,"_links":{"self":[{"href":"https:\/\/www.enerjigazetesi.ist\/en\/wp-json\/wp\/v2\/posts\/180475"}],"collection":[{"href":"https:\/\/www.enerjigazetesi.ist\/en\/wp-json\/wp\/v2\/posts"}],"about":[{"href":"https:\/\/www.enerjigazetesi.ist\/en\/wp-json\/wp\/v2\/types\/post"}],"author":[{"embeddable":true,"href":"https:\/\/www.enerjigazetesi.ist\/en\/wp-json\/wp\/v2\/users\/1"}],"replies":[{"embeddable":true,"href":"https:\/\/www.enerjigazetesi.ist\/en\/wp-json\/wp\/v2\/comments?post=180475"}],"version-history":[{"count":0,"href":"https:\/\/www.enerjigazetesi.ist\/en\/wp-json\/wp\/v2\/posts\/180475\/revisions"}],"wp:featuredmedia":[{"embeddable":true,"href":"https:\/\/www.enerjigazetesi.ist\/en\/wp-json\/wp\/v2\/media\/180477"}],"wp:attachment":[{"href":"https:\/\/www.enerjigazetesi.ist\/en\/wp-json\/wp\/v2\/media?parent=180475"}],"wp:term":[{"taxonomy":"category","embeddable":true,"href":"https:\/\/www.enerjigazetesi.ist\/en\/wp-json\/wp\/v2\/categories?post=180475"},{"taxonomy":"post_tag","embeddable":true,"href":"https:\/\/www.enerjigazetesi.ist\/en\/wp-json\/wp\/v2\/tags?post=180475"}],"curies":[{"name":"wp","href":"https:\/\/api.w.org\/{rel}","templated":true}]}}