{"id":180462,"date":"2023-10-30T15:33:10","date_gmt":"2023-10-30T12:33:10","guid":{"rendered":"https:\/\/www.enerjigazetesi.ist\/?p=180462"},"modified":"2023-10-30T15:34:10","modified_gmt":"2023-10-30T12:34:10","slug":"oedas-gelecegin-muhendisleri-ile-bulustu","status":"publish","type":"post","link":"https:\/\/www.enerjigazetesi.ist\/en\/oedas-gelecegin-muhendisleri-ile-bulustu\/","title":{"rendered":"(Turkish) OEDA\u015e Gelece\u011fin M\u00fchendisleri ile Bulu\u015ftu"},"content":{"rendered":"<p class=\"qtranxs-available-languages-message qtranxs-available-languages-message-en\">Sorry, this entry is only available in <a href=\"https:\/\/www.enerjigazetesi.ist\/tr\/wp-json\/wp\/v2\/posts\/180462\" class=\"qtranxs-available-language-link qtranxs-available-language-link-tr\" title=\"Turkish\">Turkish<\/a>. For the sake of viewer convenience, the content is shown below in the alternative language. You may click the link to switch the active language.<\/p><p><\/p>\n<h2><strong>\u0130lkokul \u00e7a\u011f\u0131ndan \u00fcniversiteye kadar her ya\u015ftan \u00e7ocuk ve gence enerji sekt\u00f6r\u00fc hakk\u0131nda bilgi vermek ve kariyer planlar\u0131n\u0131 olu\u015fturmalar\u0131na katk\u0131 sa\u011flamak amac\u0131yla \u00e7e\u015fitli projeleri hayata ge\u00e7iren elektrik da\u011f\u0131t\u0131m \u015firketi OEDA\u015e, \u00c7ocuk Evleri ve \u00c7ocuk Evleri Sitesini ziyaret etti. Farkl\u0131 birimlerden m\u00fchendislerin kat\u0131ld\u0131\u011f\u0131 ziyarette \u00e7ocuklara, elektrik-elektronik m\u00fchendislerinin \u00e7al\u0131\u015fabilece\u011fi sekt\u00f6rler ile m\u00fchendislerin da\u011f\u0131t\u0131m sekt\u00f6r\u00fcndeki g\u00f6rev ve sorumluluklar\u0131 hakk\u0131nda bilgi verildi. \u00c7ocuklar da kariyer hedeflerini ve hayallerini payla\u015farak, merak ettikleri sorular\u0131 sordu. OEDA\u015e Direkt\u00f6r\u00fc Muzaffer Yal\u00e7\u0131n, \u201cSekt\u00f6re ve bu mesle\u011fe ilgisi olan \u00e7ocuklar\u0131n erken ya\u015fta do\u011fru y\u00f6nlendirilmesini \u00f6nemsiyor, bu do\u011frultuda kendi sekt\u00f6r\u00fcm\u00fcz hakk\u0131nda onlar\u0131 bilgilendiriyoruz.\u201d dedi. <\/strong><\/h2>\n<p><strong>Afyonkarahisar, Bilecik, Eski\u015fehir, K\u00fctahya ve U\u015fak<\/strong> illerinin elektrik da\u011f\u0131t\u0131m hizmetini <img loading=\"lazy\" class=\"alignright wp-image-180465\" src=\"https:\/\/www.enerjigazetesi.ist\/wp-content\/uploads\/2023\/10\/oedas-gelecegin-muhendisleri-ile-bulustu-1.jpg\" alt=\"\" width=\"320\" height=\"259\" srcset=\"https:\/\/www.enerjigazetesi.ist\/wp-content\/uploads\/2023\/10\/oedas-gelecegin-muhendisleri-ile-bulustu-1.jpg 550w, https:\/\/www.enerjigazetesi.ist\/wp-content\/uploads\/2023\/10\/oedas-gelecegin-muhendisleri-ile-bulustu-1-300x243.jpg 300w, https:\/\/www.enerjigazetesi.ist\/wp-content\/uploads\/2023\/10\/oedas-gelecegin-muhendisleri-ile-bulustu-1-494x400.jpg 494w, https:\/\/www.enerjigazetesi.ist\/wp-content\/uploads\/2023\/10\/oedas-gelecegin-muhendisleri-ile-bulustu-1-62x50.jpg 62w, https:\/\/www.enerjigazetesi.ist\/wp-content\/uploads\/2023\/10\/oedas-gelecegin-muhendisleri-ile-bulustu-1-500x405.jpg 500w\" sizes=\"(max-width: 320px) 100vw, 320px\" \/>sa\u011flayan <strong>Osmangazi Elektrik Da\u011f\u0131t\u0131m A\u015e (OEDA\u015e),<\/strong> enerji sekt\u00f6r\u00fcn\u00fcn gelece\u011fini \u015fekillendirecek olan \u00e7ocuk ve gen\u00e7lerle bir araya gelerek, kariyer planlamalar\u0131na katk\u0131 sunuyor. Bu yakla\u015f\u0131mla \u00e7e\u015fitli yar\u0131\u015fmalar, e\u011fitimler, seminerler d\u00fczenleyen OEDA\u015e son olarak, <strong>\u00c7ocuk Evleri ve \u00c7ocuk Evleri Sitesinde<\/strong> ya\u015fayan <strong>\u00e7ocuklara sekt\u00f6r\u00fc<\/strong> ve<strong> m\u00fchendislik mesle\u011fini<\/strong> anlatt\u0131. Bilecik Valili\u011fi \u00c7ocuk Evleri Sitesi M\u00fcd\u00fcrl\u00fc\u011f\u00fc\u2019nde ger\u00e7ekle\u015fen ziyarete OEDA\u015e\u2019\u0131n farkl\u0131 biriminde g\u00f6rev alan m\u00fchendisler ile idari birimlerden \u00e7al\u0131\u015fanlar kat\u0131ld\u0131.<\/p>\n<p>Ziyarette \u00e7ocuklara, <strong>elektrik-elektronik m\u00fchendislerinin<\/strong> \u00e7al\u0131\u015fabilece\u011fi sekt\u00f6rler, m\u00fchendislerin elektrik da\u011f\u0131t\u0131m sekt\u00f6r\u00fcndeki g\u00f6rev ve sorumluluklar\u0131 hakk\u0131nda bilgi verildi. Sunumu ilgiyle dinleyen \u00e7ocuklar ise hem merak ettikleri sorular\u0131 sordu hem de <strong>kariyer hedeflerini<\/strong> ve <strong>hayallerini anlatt\u0131.<\/strong><\/p>\n<h3><strong>Muzaffer Yal\u00e7\u0131n: \u201cMesle\u011fe ilgisi olan \u00e7ocuklar\u0131 erken ya\u015fta y\u00f6nlendirmeyi \u00f6nemsiyoruz\u201d<\/strong><\/h3>\n<p>Enerji sekt\u00f6r\u00fcn\u00fcn d\u00fcnyan\u0131n gelece\u011fi i\u00e7in kritik bir rol \u00fcstlendi\u011fini s\u00f6yleyen <strong>OEDA\u015e Direkt\u00f6r\u00fc Muzaffer Yal\u00e7\u0131n,<\/strong> <em>\u201c\u00d6zellikle iklim krizinin etkileri ile birlikte ak\u0131ll\u0131 sistemler ve temiz enerji giderek daha fazla \u00f6nem kazan\u0131yor. \u0130\u015fte bu sistemleri geli\u015ftirip d\u00fcnyan\u0131n gelece\u011finde kritik rol \u00fcstlenecek, sekt\u00f6re ve mesle\u011fe ilgisi olan \u00e7ocuklar\u0131m\u0131z\u0131n erken ya\u015fta do\u011fru y\u00f6nlendirilmesini \u00f6nemsiyor, bu do\u011frultuda kendi sekt\u00f6r\u00fcm\u00fcz hakk\u0131nda onlar\u0131 bilgilendiriyoruz. Bu \u00e7al\u0131\u015fmalar\u0131 <strong>kimi zaman ilkokul \u00e7a\u011f\u0131ndaki \u00e7ocuklar i\u00e7in yar\u0131\u015fma d\u00fczenleyerek<\/strong>, <strong>kimi zaman meslek liselerindeki \u00e7ocuklara e\u011fitimler vererek<\/strong>, <strong>kimi zaman da \u00fcniversitelerde seminerler d\u00fczenleyerek<\/strong> veriyoruz. Bu kez de <strong>\u00c7ocuk Evleri\u2019nde<\/strong> ya\u015fayan <strong>\u00f6\u011frencilerle<\/strong> bir araya geldik. Onlara sekt\u00f6r\u00fcm\u00fcz\u00fc tan\u0131t\u0131p, <strong>m\u00fchendislik mesle\u011fi ve sekt\u00f6r\u00fcm\u00fcz hakk\u0131nda<\/strong> bilgi verdik. \u00c7ocuklar\u0131m\u0131z\u0131n zihninde birer \u0131\u015f\u0131k yakt\u0131\u011f\u0131m\u0131z i\u00e7in mutluyuz. Bu bulu\u015fmalar\u0131 \u00f6n\u00fcm\u00fczdeki d\u00f6nemde de s\u00fcrd\u00fcrece\u011fiz.\u201d<\/em> dedi.<\/p>","protected":false},"excerpt":{"rendered":"<p>Sorry, this entry is only available in Turkish. For the sake of viewer convenience, the content is shown below in the alternative language. You may click the link to switch the active language. \u0130lkokul \u00e7a\u011f\u0131ndan \u00fcniversiteye kadar her ya\u015ftan \u00e7ocuk ve gence enerji sekt\u00f6r\u00fc hakk\u0131nda bilgi vermek ve kariyer planlar\u0131n\u0131 olu\u015fturmalar\u0131na katk\u0131 sa\u011flamak amac\u0131yla \u00e7e\u015fitli [&hellip;]<\/p>\n","protected":false},"author":1,"featured_media":180464,"comment_status":"open","ping_status":"open","sticky":false,"template":"","format":"standard","meta":[],"categories":[51,53],"tags":[111065,15016,111064,9749,7471],"views":20,"_links":{"self":[{"href":"https:\/\/www.enerjigazetesi.ist\/en\/wp-json\/wp\/v2\/posts\/180462"}],"collection":[{"href":"https:\/\/www.enerjigazetesi.ist\/en\/wp-json\/wp\/v2\/posts"}],"about":[{"href":"https:\/\/www.enerjigazetesi.ist\/en\/wp-json\/wp\/v2\/types\/post"}],"author":[{"embeddable":true,"href":"https:\/\/www.enerjigazetesi.ist\/en\/wp-json\/wp\/v2\/users\/1"}],"replies":[{"embeddable":true,"href":"https:\/\/www.enerjigazetesi.ist\/en\/wp-json\/wp\/v2\/comments?post=180462"}],"version-history":[{"count":0,"href":"https:\/\/www.enerjigazetesi.ist\/en\/wp-json\/wp\/v2\/posts\/180462\/revisions"}],"wp:featuredmedia":[{"embeddable":true,"href":"https:\/\/www.enerjigazetesi.ist\/en\/wp-json\/wp\/v2\/media\/180464"}],"wp:attachment":[{"href":"https:\/\/www.enerjigazetesi.ist\/en\/wp-json\/wp\/v2\/media?parent=180462"}],"wp:term":[{"taxonomy":"category","embeddable":true,"href":"https:\/\/www.enerjigazetesi.ist\/en\/wp-json\/wp\/v2\/categories?post=180462"},{"taxonomy":"post_tag","embeddable":true,"href":"https:\/\/www.enerjigazetesi.ist\/en\/wp-json\/wp\/v2\/tags?post=180462"}],"curies":[{"name":"wp","href":"https:\/\/api.w.org\/{rel}","templated":true}]}}