{"id":180418,"date":"2023-10-27T16:04:55","date_gmt":"2023-10-27T13:04:55","guid":{"rendered":"https:\/\/www.enerjigazetesi.ist\/?p=180418"},"modified":"2023-10-27T16:04:55","modified_gmt":"2023-10-27T13:04:55","slug":"yeka-2-ruzgar-enerjisi-santrallerinin-ana-ekipman-sevkiyatlari-baslatildi","status":"publish","type":"post","link":"https:\/\/www.enerjigazetesi.ist\/en\/yeka-2-ruzgar-enerjisi-santrallerinin-ana-ekipman-sevkiyatlari-baslatildi\/","title":{"rendered":"(Turkish) YEKA-2 R\u00fczgar Enerjisi Santrallerinin Ana Ekipman Sevkiyatlar\u0131 Ba\u015flat\u0131ld\u0131"},"content":{"rendered":"<p class=\"qtranxs-available-languages-message qtranxs-available-languages-message-en\">Sorry, this entry is only available in <a href=\"https:\/\/www.enerjigazetesi.ist\/tr\/wp-json\/wp\/v2\/posts\/180418\" class=\"qtranxs-available-language-link qtranxs-available-language-link-tr\" title=\"Turkish\">Turkish<\/a>. For the sake of viewer convenience, the content is shown below in the alternative language. You may click the link to switch the active language.<\/p><p><\/p>\n<h2><strong>T\u00fcrkiye\u2019nin lider \u00f6zel sekt\u00f6r elektrik \u00fcretim \u015firketi Enerjisa \u00dcretim<\/strong><strong>\u00a0ve Almanya merkezli d\u00fcnyan\u0131n \u00f6nde gelen r\u00fczgar t\u00fcrbini \u00fcreticisi Enercon, YEKA-2 R\u00fczgar Enerjisi Santrallerinin ana ekipmanlar\u0131n\u0131n sevkiyatlar\u0131n\u0131 ba\u015flatacak imzalar\u0131 att\u0131lar. Ankara\u2019da T\u00fcrk-Alman Enerji Forumu\u2019nda ger\u00e7ekle\u015fen imza t\u00f6renine Enerji ve Tabii Kaynaklar Bakan\u0131 Dr. Alparslan Bayraktar ve Almanya Ekonomi ve \u0130klim Koruma Bakan\u0131 Robert Habeck kat\u0131ld\u0131.<\/strong><\/h2>\n<p style=\"text-align: center;\"><img loading=\"lazy\" class=\"aligncenter wp-image-180423\" src=\"https:\/\/www.enerjigazetesi.ist\/wp-content\/uploads\/2023\/10\/yeka-2-ruzgar-enerjisi-santrallerinin-ana-ekipman-sevkiyatlari-baslatildi.jpg\" alt=\"\" width=\"500\" height=\"375\" srcset=\"https:\/\/www.enerjigazetesi.ist\/wp-content\/uploads\/2023\/10\/yeka-2-ruzgar-enerjisi-santrallerinin-ana-ekipman-sevkiyatlari-baslatildi.jpg 550w, https:\/\/www.enerjigazetesi.ist\/wp-content\/uploads\/2023\/10\/yeka-2-ruzgar-enerjisi-santrallerinin-ana-ekipman-sevkiyatlari-baslatildi-300x225.jpg 300w, https:\/\/www.enerjigazetesi.ist\/wp-content\/uploads\/2023\/10\/yeka-2-ruzgar-enerjisi-santrallerinin-ana-ekipman-sevkiyatlari-baslatildi-500x375.jpg 500w, https:\/\/www.enerjigazetesi.ist\/wp-content\/uploads\/2023\/10\/yeka-2-ruzgar-enerjisi-santrallerinin-ana-ekipman-sevkiyatlari-baslatildi-67x50.jpg 67w\" sizes=\"(max-width: 500px) 100vw, 500px\" \/><\/p>\n<p>Enerjisa \u00dcretim, r\u00fczgar enerjisi santralleri yat\u0131r\u0131mlar\u0131yla T\u00fcrkiye&#8217;nin yenilenebilir enerji kapasitesini \u00f6nemli \u00f6l\u00e7\u00fcde art\u0131rmay\u0131 hedefliyor. Bu konudaki yat\u0131r\u0131mlar\u0131n\u0131 h\u0131zland\u0131ran \u015firket; <strong>Bal\u0131kesir RES, \u00c7anakkale RES, Akhisar RES, Erciyes RES, Dikili RES ve Da\u011fpazar\u0131 RES<\/strong> gibi faal tesislerin yan\u0131 s\u0131ra <strong>1.000 MW<\/strong> kurulu g\u00fcce sahip <strong>YEKA-2 R\u00fczgar Enerjisi Santralleri projeleri<\/strong> kapsam\u0131nda devreye al\u0131nacak santral yat\u0131r\u0131mlar\u0131n\u0131 da <strong>1.2 milyar dolar<\/strong> proje bedeli ile \u00fc\u00e7 y\u0131l i\u00e7inde tamamlamay\u0131 planl\u0131yor. Enerjisa \u00dcretim, bu planlama do\u011frultusunda, d\u00fcnyan\u0131n \u00f6nde gelen r\u00fczgar t\u00fcrbini \u00fcreticisi olan Enercon ile, <strong>YEKA RES-2 Projeleri<\/strong> kapsam\u0131nda yer alan <strong>Akk\u00f6y R\u00fczgar Enerji Santrali\u2019nin<\/strong> ihtiya\u00e7lar\u0131na y\u00f6nelik sevkiyat anla\u015fmalar\u0131n\u0131 imzalad\u0131.<\/p>\n<p>Anla\u015fma kapsam\u0131nda; Almanya\u2019n\u0131n Aurich kentinde bulunan Enercon\u2019un \u00fcretim tesisinden nasel ve e-mod\u00fcllerin, \u0130zmir&#8217;de bulunan \u00fcretim tesisinden ise <strong>jenerat\u00f6rler<\/strong> ve <strong>r\u00fczgar t\u00fcrbini kulelerinin teslimat\u0131<\/strong> ger\u00e7ekle\u015ftirilecek. Teslimatlar ard\u0131ndan<strong> t\u00fcrbinlerin montaj\u0131<\/strong> ve <strong>devreye al\u0131nmas\u0131<\/strong> tamamlanacak.<\/p>\n<p><strong>YEKA RES-2 t\u00fcrbinleri<\/strong> y\u00fczde 55 yerlilik \u015fart\u0131na uyularak Almanya ve T\u00fcrkiye\u2019de \u00fcretiliyor. T\u00fcrkiye\u2019de 15.000\u2019den fazla ki\u015fiye istihdam imkan\u0131 yaratan projelerde daha fazla kad\u0131n \u00e7al\u0131\u015fan olmas\u0131 i\u00e7in Enerjisa \u00dcretim ve Enercon ilave projeler de y\u00fcr\u00fct\u00fcyor.<\/p>\n<p>Anla\u015fma <strong>27 Ekim 2023<\/strong> tarihinde <strong>5. T\u00fcrk-Alman Enerji Forumu\u2019nun<\/strong> ger\u00e7ekle\u015fti\u011fi Ankara Eti Maden \u0130\u015fletmeleri Genel M\u00fcd\u00fcrl\u00fc\u011f\u00fc\u2019nde <strong>Sabanc\u0131 Holding Enerji Grup Ba\u015fkan\u0131 K\u0131van\u00e7 Zaimler<\/strong>\u00a0ve <strong>Enercon CCO\u2019su Ulrich Schulze S\u00fcdhoff\u00a0<\/strong>aras\u0131nda imzaland\u0131. \u0130mza t\u00f6renine\u00a0<strong>Enerji ve Tabii Kaynaklar Bakan\u0131 Dr. Alparslan Bayraktar\u00a0<\/strong>ile<strong>\u00a0Almanya Ekonomi ve \u0130klim Koruma Bakan\u0131 Robert Habeck<\/strong> de kat\u0131ld\u0131.<\/p>\n<p><strong>Sabanc\u0131 Holding Enerji Grup Ba\u015fkan\u0131 K\u0131van\u00e7 Zaimler<\/strong>, yenilenebilir enerji alan\u0131ndaki b\u00fcy\u00fcme hedeflerine do\u011fru ara vermeden ilerlediklerini belirterek, \u015funlar\u0131 s\u00f6yledi: <em>\u201cEnerjisa \u00dcretim \u015firketimizle yat\u0131r\u0131mda ve \u00fcretimde sekt\u00f6re \u00f6nc\u00fcl\u00fck eden bir konumday\u0131z. 1.000 MW\u2019l\u0131k YEKA RES-2 projelerinin tamam\u0131n\u0131 \u00fcstlendik. T\u00fcrkiye\u2019nin enerjideki gelecek hedeflerine \u00f6nemli katk\u0131 sunacak bu yat\u0131r\u0131m\u0131 yaln\u0131zca sekt\u00f6r ad\u0131na de\u011fil \u00fclkemizin ve \u00e7ocuklar\u0131m\u0131z\u0131n gelece\u011fi ad\u0131na ald\u0131\u011f\u0131m\u0131z \u00f6nemli bir sorumluluk olarak g\u00f6r\u00fcyoruz. Yat\u0131r\u0131m\u0131n en \u00f6nemli katk\u0131lar\u0131ndan biri ekipman \u00fcretiminin \u00f6nemli \u00f6l\u00e7\u00fcde T\u00fcrkiye\u2019de ger\u00e7ekle\u015fmesi ile <strong>\u00fclke ekonomisi, istihdam<\/strong> ve <strong>yeti\u015fmi\u015f insan kayna\u011f\u0131na<\/strong> ciddi katk\u0131lar sunmas\u0131. Bu do\u011frultuda, T\u00fcrk firmalar\u0131n\u0131n yurt d\u0131\u015f\u0131na<strong> t\u00fcrbin ekipman\u0131 temin etme g\u00fcc\u00fc<\/strong> artarken,<strong> r\u00fczgar ekipmanlar\u0131<\/strong> \u00fcretiminde \u00f6nemli merkez haline gelen T\u00fcrkiye\u2019nin de daha fazla \u00f6ne \u00e7\u0131kmas\u0131 sa\u011fland\u0131. Ekipmanlar\u0131n imalat\u0131nda \u00e7ok k\u0131sa s\u00fcrede ilerleme kaydedildi ve YEKA RES-2 projelerinde ilk devreye alaca\u011f\u0131m\u0131z <strong>Ayd\u0131n\u2019da<\/strong> bulunan<strong> Akk\u00f6y RES\u2019in<\/strong> ekipmanlar\u0131 sevk edilmeye haz\u0131r hale geldi. Hedefimiz <strong>\u00fc\u00e7 y\u0131l<\/strong> i\u00e7erisinde <strong>t\u00fcm YEKA RES-2 santrallerimizi<\/strong> hayata ge\u00e7irmek. Ta\u015f\u0131d\u0131\u011f\u0131m\u0131z sorumlulu\u011fun bilinciyle hem enerjide hem de s\u00fcrd\u00fcr\u00fclebilirlikte \u00fclkemizi gelece\u011fe ta\u015f\u0131yacak \u00e7al\u0131\u015fmalara devam edece\u011fiz. Ba\u015fta Say\u0131n Enerji Bakan\u0131m\u0131z Alparslan Bayraktar, Almanya Ekonomi ve \u0130klim Koruma Bakan\u0131 Say\u0131n Robert Habeck ve Enercon y\u00f6neticileri olmak \u00fczere s\u00fcrece katk\u0131 sunan herkese te\u015fekk\u00fcr ediyor, yeni geli\u015fmelerin \u00fclkemiz i\u00e7in hay\u0131rl\u0131 olmas\u0131n\u0131 diliyoruz.\u201d<\/em><\/p>\n<p><strong>Enercon CCO\u2019su Ulrich Schulze S\u00fcdhoff<\/strong>\u00a0ise Enerjisa \u00dcretim\u2019in yenilenebilir enerji projelerinde g\u00fc\u00e7l\u00fc ve g\u00fcvenilir bir partner oldu\u011funu belirterek, \u015fu a\u00e7\u0131klamalar\u0131 yapt\u0131: \u201c<em>YEKA 2 anla\u015fmam\u0131z\u0131n imzalanmas\u0131ndan tam bir y\u0131l sonra ilk projeye ba\u015flamaya haz\u0131r\u0131z. YEKA 2, T\u00fcrkiye&#8217;de yenilenebilir enerji sisteminin in\u015fas\u0131nda \u00f6nemli bir kilometre ta\u015f\u0131d\u0131r. T\u00fcrkiye&#8217;nin enerji ge\u00e7i\u015fine ve ye\u015fil enerji arz\u0131na ortakla\u015fa katk\u0131da bulunmaktan gurur duyuyoruz! <\/em>\u201d<\/p>","protected":false},"excerpt":{"rendered":"<p>Sorry, this entry is only available in Turkish. For the sake of viewer convenience, the content is shown below in the alternative language. You may click the link to switch the active language. T\u00fcrkiye\u2019nin lider \u00f6zel sekt\u00f6r elektrik \u00fcretim \u015firketi Enerjisa \u00dcretim\u00a0ve Almanya merkezli d\u00fcnyan\u0131n \u00f6nde gelen r\u00fczgar t\u00fcrbini \u00fcreticisi Enercon, YEKA-2 R\u00fczgar Enerjisi Santrallerinin [&hellip;]<\/p>\n","protected":false},"author":1,"featured_media":180423,"comment_status":"open","ping_status":"open","sticky":false,"template":"","format":"standard","meta":[],"categories":[53,50],"tags":[7567,35365,474,231,111057,111056],"views":38,"_links":{"self":[{"href":"https:\/\/www.enerjigazetesi.ist\/en\/wp-json\/wp\/v2\/posts\/180418"}],"collection":[{"href":"https:\/\/www.enerjigazetesi.ist\/en\/wp-json\/wp\/v2\/posts"}],"about":[{"href":"https:\/\/www.enerjigazetesi.ist\/en\/wp-json\/wp\/v2\/types\/post"}],"author":[{"embeddable":true,"href":"https:\/\/www.enerjigazetesi.ist\/en\/wp-json\/wp\/v2\/users\/1"}],"replies":[{"embeddable":true,"href":"https:\/\/www.enerjigazetesi.ist\/en\/wp-json\/wp\/v2\/comments?post=180418"}],"version-history":[{"count":0,"href":"https:\/\/www.enerjigazetesi.ist\/en\/wp-json\/wp\/v2\/posts\/180418\/revisions"}],"wp:featuredmedia":[{"embeddable":true,"href":"https:\/\/www.enerjigazetesi.ist\/en\/wp-json\/wp\/v2\/media\/180423"}],"wp:attachment":[{"href":"https:\/\/www.enerjigazetesi.ist\/en\/wp-json\/wp\/v2\/media?parent=180418"}],"wp:term":[{"taxonomy":"category","embeddable":true,"href":"https:\/\/www.enerjigazetesi.ist\/en\/wp-json\/wp\/v2\/categories?post=180418"},{"taxonomy":"post_tag","embeddable":true,"href":"https:\/\/www.enerjigazetesi.ist\/en\/wp-json\/wp\/v2\/tags?post=180418"}],"curies":[{"name":"wp","href":"https:\/\/api.w.org\/{rel}","templated":true}]}}