{"id":180358,"date":"2023-10-26T15:45:24","date_gmt":"2023-10-26T12:45:24","guid":{"rendered":"https:\/\/www.enerjigazetesi.ist\/?p=180358"},"modified":"2023-10-26T15:46:05","modified_gmt":"2023-10-26T12:46:05","slug":"sedas-cumhuriyetin-100-yili-coskusunu-trafoya-yansitti","status":"publish","type":"post","link":"https:\/\/www.enerjigazetesi.ist\/en\/sedas-cumhuriyetin-100-yili-coskusunu-trafoya-yansitti\/","title":{"rendered":"(Turkish) &#8217;SEDA\u015e&#8217; Cumhuriyetin 100. Y\u0131l\u0131 Co\u015fkusunu Trafoya Yans\u0131tt\u0131"},"content":{"rendered":"<p class=\"qtranxs-available-languages-message qtranxs-available-languages-message-en\">Sorry, this entry is only available in <a href=\"https:\/\/www.enerjigazetesi.ist\/tr\/wp-json\/wp\/v2\/posts\/180358\" class=\"qtranxs-available-language-link qtranxs-available-language-link-tr\" title=\"Turkish\">Turkish<\/a>. For the sake of viewer convenience, the content is shown below in the alternative language. You may click the link to switch the active language.<\/p><p><\/p>\n<h2><strong>SEDA\u015e, toplumsal konularda fark\u0131ndal\u0131k yaratmak amac\u0131yla ba\u015flatt\u0131\u011f\u0131 Tuvalimiz Trafolar projesine, Cumhuriyetin 100. y\u0131l\u0131 etkinlikleri kapsam\u0131nda Sakarya\u2019n\u0131n Serdivan il\u00e7esinde devam ediyor. <\/strong><\/h2>\n<p>Sakarya Elektrik Da\u011f\u0131t\u0131m A.\u015e. (SEDA\u015e), elektrik trafolar\u0131 arac\u0131l\u0131\u011f\u0131yla toplumsal fark\u0131ndal\u0131k yaratmak i\u00e7in \u201cTuvalimiz Trafolar\u201d projesini yakla\u015f\u0131k \u00fc\u00e7 y\u0131ld\u0131r s\u00fcrd\u00fcr\u00fcyor. Bu y\u0131l da <strong>Cumhuriyetin 100. y\u0131l\u0131 etkinlikleri<\/strong> kapsam\u0131nda <strong>Sakarya\u2019n\u0131n Serdivan il\u00e7esinde<\/strong> projesini ger\u00e7ekle\u015ftirdi. SEDA\u015e bayram <img loading=\"lazy\" class=\"alignright wp-image-180360\" src=\"https:\/\/www.enerjigazetesi.ist\/wp-content\/uploads\/2023\/10\/sedas-cumhuriyetin-100-yili-coskusunu-trafoya-yansitti.jpg\" alt=\"\" width=\"320\" height=\"269\" srcset=\"https:\/\/www.enerjigazetesi.ist\/wp-content\/uploads\/2023\/10\/sedas-cumhuriyetin-100-yili-coskusunu-trafoya-yansitti.jpg 550w, https:\/\/www.enerjigazetesi.ist\/wp-content\/uploads\/2023\/10\/sedas-cumhuriyetin-100-yili-coskusunu-trafoya-yansitti-300x253.jpg 300w, https:\/\/www.enerjigazetesi.ist\/wp-content\/uploads\/2023\/10\/sedas-cumhuriyetin-100-yili-coskusunu-trafoya-yansitti-475x400.jpg 475w, https:\/\/www.enerjigazetesi.ist\/wp-content\/uploads\/2023\/10\/sedas-cumhuriyetin-100-yili-coskusunu-trafoya-yansitti-59x50.jpg 59w, https:\/\/www.enerjigazetesi.ist\/wp-content\/uploads\/2023\/10\/sedas-cumhuriyetin-100-yili-coskusunu-trafoya-yansitti-500x421.jpg 500w\" sizes=\"(max-width: 320px) 100vw, 320px\" \/>co\u015fkusunu, <strong>Serdivan AVM<\/strong> kar\u015f\u0131s\u0131nda yer alan <strong>beton k\u00f6\u015fk tipi trafoya resmederek<\/strong> payla\u015ft\u0131.<\/p>\n<p>100\u2019\u00fcnc\u00fc y\u0131l\u0131n\u0131 kutlad\u0131\u011f\u0131m\u0131z 29 Ekim Cumhuriyet Bayram\u0131 co\u015fkusu Serdivan\u2019da renkli g\u00f6r\u00fcnt\u00fclere b\u00fcr\u00fcnd\u00fc. Yurdumuzun d\u00f6rt bir yan\u0131nda yap\u0131lan kutlamalara, SEDA\u015e\u2019ta uzman ressamlarla i\u015f birli\u011fi i\u00e7erisinde katk\u0131 sa\u011flad\u0131. SEDA\u015e \u00dcst Y\u00f6netim Ekibi ve \u00e7al\u0131\u015fanlar\u0131n da dahil oldu\u011fu Serdivan il\u00e7e merkezindeki beton k\u00f6\u015fk tipi trafoya, <strong>\u201cCumhuriyetimizin 100. Y\u0131l\u0131\u201d, \u201cCumhuriyeti Biz B\u00f6yle Kazand\u0131k\u201d<\/strong> ve <strong>\u201cCumhuriyet \u0130lan Edildi\u201d<\/strong> temal\u0131 g\u00f6rseller resmedildi.<\/p>\n<p>SEDA\u015e Ailesi olarak \u201cK\u00f6klerimiz 100 y\u0131ld\u0131r Cumhuriyet\u201d mottosu ile Cumhuriyetin 100. y\u0131l\u0131n\u0131 co\u015fku ile kutluyor olman\u0131n mutlulu\u011funu ya\u015fad\u0131klar\u0131n\u0131 payla\u015fan <strong>SEDA\u015e Y\u00f6netim Kurulu ve \u0130cra Ba\u015fkan\u0131 Dr. Necmi Odyakmaz<\/strong>, <em>\u201cBir as\u0131rl\u0131k tarihi ile Cumhuriyetimiz, Gazi Mustafa Kemal Atat\u00fcrk \u00f6nderli\u011finde verilen b\u00fcy\u00fck kurtulu\u015f m\u00fccadelesinin neticesinde elde etti\u011fimiz ba\u011f\u0131ms\u0131zl\u0131\u011f\u0131m\u0131z\u0131n ve demokrasimizin teminat\u0131d\u0131r. Ulu \u00d6nderimizin, \u201cT\u00fcrk milletinin karakter ve adetlerine en uygun olan idare, Cumhuriyet idaresidir\u201d diyerek ilan etti\u011fi Cumhuriyetimiz, atalar\u0131m\u0131zdan bizlere kalan en b\u00fcy\u00fck mirast\u0131r. Cumhuriyet; milletimizin birlik i\u00e7inde vermi\u015f oldu\u011fu varolu\u015f m\u00fccadelesinin, azim, fedak\u00e2rl\u0131k ve b\u00fcy\u00fck bir kahramanl\u0131kla \u00f6l\u00fcms\u00fczle\u015fmesidir. Bizim de vazifemiz, milli m\u00fccadele tarihimizin en \u00f6nemli eseri olan <strong>Cumhuriyetimizi korumak, \u00f6z\u00fcndeki de\u011ferleri ya\u015fatmak<\/strong> ve <strong>daima ileriye ta\u015f\u0131makt\u0131r<\/strong>. Yakla\u015f\u0131k \u00fc\u00e7 y\u0131ld\u0131r<strong> \u201cTuvalimiz Trafolar\u201d projesi<\/strong> ile sosyal ve toplumsal fark\u0131ndal\u0131\u011f\u0131 art\u0131rmak i\u00e7in \u00f6zel g\u00fcnleri trafolar\u0131m\u0131za yans\u0131t\u0131yoruz. Tarihimizin en b\u00fcy\u00fck g\u00fcn\u00fc olan <strong>29 Ekim Cumhuriyet Bayram\u0131n\u0131n 100. y\u0131l\u0131nda<\/strong> duydu\u011fumuz gururu trafomuza resmettik. Cumhuriyete olan borcumuzu <strong>milletimizin refah\u0131n\u0131 art\u0131rmak<\/strong> ve <strong>\u00fclkemizi daha ileri seviyelere ta\u015f\u0131yarak<\/strong> \u00f6deyece\u011fimize inan\u0131yorum. Bu vesileyle bug\u00fcnleri bizlere arma\u011fan eden ba\u015fta <strong>Ulu \u00d6nderimiz Gazi Mustafa Kemal Atat\u00fcrk<\/strong> olmak \u00fczere t\u00fcm silah arkada\u015flar\u0131n\u0131 ve aziz \u015fehitlerimizi <strong>sayg\u0131, sevgi, minnet ve rahmetle<\/strong> an\u0131yorum.\u201d<\/em> \u015feklinde konu\u015ftu.<\/p>","protected":false},"excerpt":{"rendered":"<p>Sorry, this entry is only available in Turkish. For the sake of viewer convenience, the content is shown below in the alternative language. You may click the link to switch the active language. SEDA\u015e, toplumsal konularda fark\u0131ndal\u0131k yaratmak amac\u0131yla ba\u015flatt\u0131\u011f\u0131 Tuvalimiz Trafolar projesine, Cumhuriyetin 100. y\u0131l\u0131 etkinlikleri kapsam\u0131nda Sakarya\u2019n\u0131n Serdivan il\u00e7esinde devam ediyor. Sakarya Elektrik [&hellip;]<\/p>\n","protected":false},"author":1,"featured_media":180361,"comment_status":"open","ping_status":"open","sticky":false,"template":"","format":"standard","meta":[],"categories":[51,53],"tags":[111038,102600,2444,96394],"views":34,"_links":{"self":[{"href":"https:\/\/www.enerjigazetesi.ist\/en\/wp-json\/wp\/v2\/posts\/180358"}],"collection":[{"href":"https:\/\/www.enerjigazetesi.ist\/en\/wp-json\/wp\/v2\/posts"}],"about":[{"href":"https:\/\/www.enerjigazetesi.ist\/en\/wp-json\/wp\/v2\/types\/post"}],"author":[{"embeddable":true,"href":"https:\/\/www.enerjigazetesi.ist\/en\/wp-json\/wp\/v2\/users\/1"}],"replies":[{"embeddable":true,"href":"https:\/\/www.enerjigazetesi.ist\/en\/wp-json\/wp\/v2\/comments?post=180358"}],"version-history":[{"count":0,"href":"https:\/\/www.enerjigazetesi.ist\/en\/wp-json\/wp\/v2\/posts\/180358\/revisions"}],"wp:featuredmedia":[{"embeddable":true,"href":"https:\/\/www.enerjigazetesi.ist\/en\/wp-json\/wp\/v2\/media\/180361"}],"wp:attachment":[{"href":"https:\/\/www.enerjigazetesi.ist\/en\/wp-json\/wp\/v2\/media?parent=180358"}],"wp:term":[{"taxonomy":"category","embeddable":true,"href":"https:\/\/www.enerjigazetesi.ist\/en\/wp-json\/wp\/v2\/categories?post=180358"},{"taxonomy":"post_tag","embeddable":true,"href":"https:\/\/www.enerjigazetesi.ist\/en\/wp-json\/wp\/v2\/tags?post=180358"}],"curies":[{"name":"wp","href":"https:\/\/api.w.org\/{rel}","templated":true}]}}